
{"id":3256,"date":"2016-02-14T20:57:31","date_gmt":"2016-02-14T19:57:31","guid":{"rendered":"http:\/\/passent.blog.polityka.pl\/?p=3256"},"modified":"2016-02-15T13:44:39","modified_gmt":"2016-02-15T12:44:39","slug":"zle-sie-dzieje","status":"publish","type":"post","link":"https:\/\/blog.polityka.pl\/passent\/2016\/02\/14\/zle-sie-dzieje\/","title":{"rendered":"\u0179le si\u0119 dzieje"},"content":{"rendered":"<p>Wydarzenia r\u00f3\u017cnej wagi wskazuj\u0105, \u017ce \u017ale si\u0119 dzieje w naszym kraju i nie zmienia tego fakt, \u017ce mamy demokratycznie wybrane w\u0142adze, a decyzja \u201esuwerena\u201d by\u0142a jasna i zdecydowana.<br \/>\n<!--more--><br \/>\nOd listu senator\u00f3w ameryka\u0144skich do premier Szyd\u0142o po sprawy drobniejsze \u2013 nie brak powod\u00f3w do niepokoju.<\/p>\n<p>Dymisja komendanta g\u0142\u00f3wnego policji, inspektora Zbigniewa Maja, to bomba od\u0142amkowa. Jedn\u0105 ofiar\u0105 jest sam komendant, inn\u0105 minister spraw wewn\u0119trznych i administracji B\u0142aszczak, kt\u00f3ry formalnie inspektora mianowa\u0142 i prezes Kaczy\u0144ski, kt\u00f3ry musia\u0142 tak\u0105 nominacj\u0119 zatwierdzi\u0107. (O premier Szyd\u0142o tylko wspominam w nawiasie, stosownie do jej pozycji).<\/p>\n<p>Motywy dymisji s\u0105 niejasne. Sam \u201eposzkodowany\u201d w ci\u0105gu dw\u00f3ch miesi\u0119cy urz\u0119dowania zd\u0105\u017cy\u0142 podj\u0105\u0107 kilkadziesi\u0105t (!) decyzji personalnych. Wida\u0107, \u017ce dzia\u0142a\u0142 w tempie pisowskim. Co teraz czuj\u0105 i my\u015bl\u0105 ludzie przez komendanta Maja odwo\u0142ani i powo\u0142ani? Czy nowy komendant (ktokolwiek nim zostanie) te\u017c zacznie od rewolucji kadrowej?<\/p>\n<p>Inny aspekt tej sprawy to odrzucenie przez prokuratur\u0119 raportu policji w sprawie rzekomych, sprzecznych z prawem pods\u0142uch\u00f3w telefonicznych prawnik\u00f3w i dziennikarzy. W kampanii wyborczej by\u0142 to jeden z koronnych argument\u00f3w przeciwko rz\u0105dowi Platformy, kt\u00f3ra faktycznie nie panowa\u0142a nad s\u0142u\u017cbami (przypominam dymisj\u0119 ministra Sienkiewicza), ale nie do tego stopnia, \u017ceby autoryzowa\u0107 takie bezprawie.<\/p>\n<p>O pods\u0142uchach m\u00f3wili i pisali z oburzeniem prezydent Duda (w \u201eFinancial Times\u201d), premier Szyd\u0142o (w Parlamencie Europejskim) i ministrowie. Jak si\u0119 teraz okaza\u0142o, zdaniem prokuratury raport nie dostarczy\u0142 dowod\u00f3w ani przes\u0142anek wskazuj\u0105cych na pods\u0142uchy i trafi\u0142 do kosza. Jest to by\u0107 mo\u017ce ostatnia istotna decyzja niezale\u017cnej prokuratury.<\/p>\n<p>Gdyby szefem prokuratury by\u0142 ju\u017c wtedy Zbigniew Ziobro, \u201edowody\u201d na pods\u0142uchy zosta\u0142yby potraktowane z wi\u0119ksz\u0105 atencj\u0105. Prokuratura za czas\u00f3w poprzedniego szefa (Andrzej Seremet) by\u0142a cz\u0119sto przedmiotem krytyki, nie raz uzasadnionej, ale jeszcze do niej zat\u0119sknimy. (Cho\u0107 bezpodstawne przetrzymywanie w areszcie \u201eStarucha\u201d ka\u017ce my\u015ble\u0107 inaczej).<\/p>\n<p>Komendant g\u0142\u00f3wny policji to by\u0142a tylko jedna z setek nominacji nowego rz\u0105du. A co powiedzie\u0107 o nowym prezesie Orlenu, znajomym prezesa, panu Jasi\u0144skim? A pan Mastalerek, kt\u00f3ry na otarcie \u0142ez (za to, \u017ce nie znalaz\u0142 si\u0119 na listach wyborczych PiS) zosta\u0142 dyrektorem do spraw komunikacji Orlenu?<\/p>\n<p>To r\u00f3wnie niesmaczne jak pr\u00f3ba ulokowania na tym stanowisku pana Ostachowicza, kiedy Donald Tusk pakowa\u0142 si\u0119 ju\u017c  do Brukseli.<\/p>\n<p>Inspektor Maj skompromitowa\u0142 si\u0119 s\u0142ynn\u0105 wycieczk\u0105 do \u201ebizantyjskiego\u201d gabinetu komendanta g\u0142\u00f3wnego policji, ale to niejedyna kompromitacja. \u017ba\u0142osne by\u0142o, jak minister i wicepremier Jaros\u0142aw Gowin w programie Moniki Olejnik w TVN zacz\u0105\u0142 przekonywa\u0107, \u017ce Mateusz Kijowski (lider KOD) jest \u201eresortowym wnukiem\u201d. Poj\u0119cie powsta\u0142e na marginesie \u017cycia politycznego zostaje wprowadzone do g\u0142\u00f3wnego nurtu. I to przez kogo?! Minister nauki oraz wicepremier, by\u0142y minister sprawiedliwo\u015bci &#8211; traktuje powa\u017cnie takie brednie. To znaczy, \u017ce praktyki pseudonorymberskie, grzebanie w genealogii do trzeciego i dalszych pokole\u0144, ustalanie, w ilu procentach kto\u015b jest \u201eresortowy\u201d, s\u0105 ju\u017c do przyj\u0119cia.<\/p>\n<p>Mam nadziej\u0119, \u017ce wicepremier przeprosi Mateusza Kijowskiego i jego rodzin\u0119, a je\u015bli nie, to \u017ce lider KOD odda spraw\u0119 do s\u0105du. Nawet gdyby dziadek M.K. by\u0142 z\u0142oczy\u0144c\u0105, to czy\u017c wnuki odpowiadaj\u0105 za dziadk\u00f3w, a dzieci za rodzic\u00f3w?! Wstyd, \u017ce trzeba to jeszcze przypomina\u0107.<\/p>\n<p>Z innej beczki: ci, kt\u00f3rzy twierdz\u0105, \u017ce Polska musi odzyska\u0107 nale\u017cn\u0105 jej pozycj\u0119, \u017ce musi powsta\u0107 z kolan, odrzuci\u0107 \u201epedagogik\u0119 wstydu\u201d \u2013 sami swoimi decyzjami powoduj\u0105, \u017ce jest wr\u0119cz odwrotnie. Profesor Ryszard Bugaj, kt\u00f3ry g\u0142osowa\u0142 na PiS i zosta\u0142 cz\u0142onkiem Prezydenckiej Rady Rozwoju, zrezygnowa\u0142 z tego zaszczytu ze wzgl\u0119du na ca\u0142okszta\u0142t \u2013 Trybuna\u0142, s\u0142u\u017cb\u0119 cywiln\u0105, media publiczne etc.<\/p>\n<p>Zalew krytyki ze strony polityk\u00f3w zachodnich i w mediach zagranicznych jest tak du\u017cy, \u017ce nie mo\u017cna go przypisa\u0107 li tylko zgubnym wp\u0142ywom i kontaktom Anne Applebaum. Postawienie Polski na cenzurowanym w Unii Europejskiej nie mo\u017ce wynika\u0107 z zakulisowych manipulacji Platformy. Taka wszechmocna to ona nie jest. Wizyta cz\u0142onk\u00f3w Komisji Weneckiej i konieczno\u015b\u0107 t\u0142umaczenia si\u0119 przed nimi, wizyta komisarza praw cz\u0142owieka Rady Europy i jego jednoznacznie krytyczne wypowiedzi o sytuacji w Polsce, publiczne sygna\u0142y z Departamentu Stanu USA, wreszcie list trzech senator\u00f3w ameryka\u0144skich do polskiej premier &#8211; to powa\u017cny uszczerbek dla wizerunku Polski w \u015bwiecie. <\/p>\n<p>Senator John McCain \u2013 nie \u017caden \u201elewak\u201d, ale legenda prawicy ameryka\u0144skiej, bohater z Wietnamu, by\u0142y kandydat Partii Republika\u0144skiej na prezydenta, oraz dwaj inni wp\u0142ywowi senatorowie \u2013 to nie s\u0105 ludzie do zbagatelizowania. Je\u015bli oni daj\u0105 wyraz swojemu zaniepokojeniu sytuacj\u0105 w Polsce, to trzeba powa\u017cnie zastanowi\u0107 si\u0119 nad tym, co si\u0119 u nas dzieje. Nawet najbardziej stanowcza odprawa dana w odpowiedzi autorom listu nie poprawi sytuacji w naszym kraju i jego wizerunku za granic\u0105.<\/p>\n<p>ZAPROSZENIE<br \/>\nFala krytyki z Zachodu &#8211; to temat rozmowy w Radiu TOK FM. Go\u015b\u0107mi Passenta b\u0119d\u0105: pos\u0142anka Monika Rosa (.Nowoczesna), minister Jaros\u0142aw Sellin i Andrzej Celi\u0144ski (Partia Demokratyczna). Wtorek, 16 lutego, godz. 20.05. Zapraszam!<\/p>\n","protected":false},"excerpt":{"rendered":"<p>Wydarzenia r\u00f3\u017cnej wagi wskazuj\u0105, \u017ce \u017ale si\u0119 dzieje w naszym kraju i nie zmienia tego fakt, \u017ce mamy demokratycznie wybrane w\u0142adze, a decyzja \u201esuwerena\u201d by\u0142a jasna i zdecydowana.<\/p>\n","protected":false},"author":4,"featured_media":0,"comment_status":"open","ping_status":"closed","sticky":false,"template":"","format":"standard","meta":{"footnotes":""},"categories":[1],"tags":[],"_links":{"self":[{"href":"https:\/\/blog.polityka.pl\/passent\/wp-json\/wp\/v2\/posts\/3256"}],"collection":[{"href":"https:\/\/blog.polityka.pl\/passent\/wp-json\/wp\/v2\/posts"}],"about":[{"href":"https:\/\/blog.polityka.pl\/passent\/wp-json\/wp\/v2\/types\/post"}],"author":[{"embeddable":true,"href":"https:\/\/blog.polityka.pl\/passent\/wp-json\/wp\/v2\/users\/4"}],"replies":[{"embeddable":true,"href":"https:\/\/blog.polityka.pl\/passent\/wp-json\/wp\/v2\/comments?post=3256"}],"version-history":[{"count":4,"href":"https:\/\/blog.polityka.pl\/passent\/wp-json\/wp\/v2\/posts\/3256\/revisions"}],"predecessor-version":[{"id":3260,"href":"https:\/\/blog.polityka.pl\/passent\/wp-json\/wp\/v2\/posts\/3256\/revisions\/3260"}],"wp:attachment":[{"href":"https:\/\/blog.polityka.pl\/passent\/wp-json\/wp\/v2\/media?parent=3256"}],"wp:term":[{"taxonomy":"category","embeddable":true,"href":"https:\/\/blog.polityka.pl\/passent\/wp-json\/wp\/v2\/categories?post=3256"},{"taxonomy":"post_tag","embeddable":true,"href":"https:\/\/blog.polityka.pl\/passent\/wp-json\/wp\/v2\/tags?post=3256"}],"curies":[{"name":"wp","href":"https:\/\/api.w.org\/{rel}","templated":true}]}}