
{"id":3263,"date":"2016-02-18T21:39:28","date_gmt":"2016-02-18T20:39:28","guid":{"rendered":"http:\/\/passent.blog.polityka.pl\/?p=3263"},"modified":"2016-02-18T23:06:26","modified_gmt":"2016-02-18T22:06:26","slug":"komu-potrzebny-jest-bolek","status":"publish","type":"post","link":"https:\/\/blog.polityka.pl\/passent\/2016\/02\/18\/komu-potrzebny-jest-bolek\/","title":{"rendered":"Komu potrzebny jest \u201eBolek\u201d"},"content":{"rendered":"<p>Gdyby \u201eBolek\u201d nie istnia\u0142, trzeba by go wymy\u015bli\u0107. Zaspakaja on bowiem zapotrzebowanie wielu ludzi.<br \/>\n<!--more--><br \/>\nOgromnej wi\u0119kszo\u015bci spo\u0142ecze\u0144stwa, ludzi, kt\u00f3rzy si\u0119 nie wychylali, nie mieli do czynienia z SB, do kt\u00f3rych nie przychodzili oficerowie, nie wypytywali, nie grozili, nie szanta\u017cowali, nie przyjmowali od nich wniosk\u00f3w paszportowych. Ci ludzie mog\u0105 mie\u0107 satysfakcj\u0119, \u017ce prze\u017cyli PRL obok s\u0142u\u017cby bezpiecze\u0144stwa, nie widz\u0105c jej, nie walcz\u0105c z ni\u0105, nie nara\u017caj\u0105c si\u0119.<\/p>\n<p>Cz\u0142onkom PZPR, kt\u00f3rzy chcieli dobrze, naprawiali system od wewn\u0105trz albo chcieli po prostu studiowa\u0107, wyjecha\u0107, awansowa\u0107 i je\u015bli dzi\u015b trawi\u0105 ich wyrzuty sumienia \u2013 mog\u0105 si\u0119 pociesza\u0107, \u017ce ich konformizm by\u0142 ograniczony, nie donosili, nie byli informatorami, nikomu niczego z\u0142ego nie zrobili. Niekt\u00f3rzy s\u0105 dzi\u015b nawet ministrami, pos\u0142ami, prokuratorami.<\/p>\n<p>Milionom zwyk\u0142ych obywateli, kt\u00f3rzy pragn\u0119li zmiany, wst\u0119powali do wolnych, niezale\u017cnych zwi\u0105zk\u00f3w zawodowych, potrzebowali przyw\u00f3dcy, kt\u00f3ry przeprowadzi ich w\u0105sk\u0105 k\u0142adk\u0105 do Ziemi Obiecanej, nawet je\u015bli zaprzeda\u0142 dusz\u0119 diab\u0142u.<\/p>\n<p>Wczorajszym i dzisiejszym zwolennikom transparentno\u015bci oraz prawdy historycznej, zar\u00f3wno tym beznami\u0119tnym i bezinteresownym, jak i \u2013 szczeg\u00f3lnie \u2013 mi\u0142o\u015bnikom prawdy tej jednej, jedynej w sprawie \u201eBolka\u201d. Wszyscy inni mog\u0105 by\u0107 z gliny, on jeden ma by\u0107 spi\u017cowy. Nam wolno wszystko, jemu \u2013 nic.<\/p>\n<p>Osobistym wrogom Lecha Wa\u0142\u0119sy, kt\u00f3rzy kwestionuj\u0105 jego przyw\u00f3dztwo, kt\u00f3rych boli, \u017ce nie za\u0142ama\u0142 si\u0119 w Ar\u0142amowie, \u017ce dosta\u0142 Nobla, podczas kiedy oni te\u017c walczyli z komun\u0105 i nie czuj\u0105 si\u0119 docenieni. Tym, dla kt\u00f3rych historia nie by\u0142a tak \u0142askawa jak dla Wa\u0142\u0119sy, nie da\u0142a im jego talent\u00f3w, zr\u0119czno\u015bci, instynktu, a tak\u017ce oszcz\u0119dzi\u0142a chwil s\u0142abo\u015bci, kiedy zachowa\u0142 si\u0119 nie w porz\u0105dku. Oni takim pr\u00f3bom nie byli poddani, wi\u0119c nie maj\u0105 sobie nic za z\u0142e.<\/p>\n<p>Wszystkim odwa\u017cnym, kt\u00f3rzy maj\u0105 za z\u0142e Wa\u0142\u0119sie, \u017ce nie zdoby\u0142 si\u0119 na odwag\u0119 i nie posypa\u0142 g\u0142owy popio\u0142em.<\/p>\n<p>Radykalnym dzia\u0142aczom opozycji antykomunistycznej, kt\u00f3rzy uwa\u017cali, \u017ce z czerwonymi nie nale\u017cy si\u0119 uk\u0142ada\u0107, tylko rzuci\u0107 ich na kolana, a najlepiej powiesi\u0107 ich zamiast li\u015bci, a je\u015bli Rosjanie wejd\u0105, to \u201ejeszcze Polska nie zgin\u0119\u0142a\u201d.<\/p>\n<p>Wi\u0119kszo\u015bci spo\u0142ecze\u0144stwa, kt\u00f3ra odetchn\u0119\u0142a z ulg\u0105, \u017ce komunizm si\u0119 ko\u0144czy, a trup nie pada\u0142 g\u0119sto.<\/p>\n<p>Osobistym wrogom Wa\u0142\u0119sy \u2013 wielkiego beneficjenta, cz\u0142owieka legendy, kt\u00f3ry ma swoje miejsce w historii, chocia\u017c to oni, a nie on, maj\u0105 czyste r\u0119ce (przynajmniej we w\u0142asnych oczach).<\/p>\n<p>Wreszcie samemu Lechowi Wa\u0142\u0119sie, kt\u00f3remu co prawda nie starczy\u0142o si\u0142, by osaczony przez wrog\u00f3w, kt\u00f3rzy pa\u0142aj\u0105 \u017c\u0105dz\u0105 rzucenia go na kolana, rozliczy\u0107 si\u0119 publicznie z grzech\u00f3w m\u0142odo\u015bci, ale za to ma szans\u0119 zosta\u0107 m\u0119czennikiem. I tego jego przeciwnicy dopiero mu nie wybacz\u0105.<\/p>\n","protected":false},"excerpt":{"rendered":"<p>Gdyby \u201eBolek\u201d nie istnia\u0142, trzeba by go wymy\u015bli\u0107. Zaspakaja on bowiem zapotrzebowanie wielu ludzi.<\/p>\n","protected":false},"author":4,"featured_media":0,"comment_status":"open","ping_status":"closed","sticky":false,"template":"","format":"standard","meta":{"footnotes":""},"categories":[1],"tags":[],"_links":{"self":[{"href":"https:\/\/blog.polityka.pl\/passent\/wp-json\/wp\/v2\/posts\/3263"}],"collection":[{"href":"https:\/\/blog.polityka.pl\/passent\/wp-json\/wp\/v2\/posts"}],"about":[{"href":"https:\/\/blog.polityka.pl\/passent\/wp-json\/wp\/v2\/types\/post"}],"author":[{"embeddable":true,"href":"https:\/\/blog.polityka.pl\/passent\/wp-json\/wp\/v2\/users\/4"}],"replies":[{"embeddable":true,"href":"https:\/\/blog.polityka.pl\/passent\/wp-json\/wp\/v2\/comments?post=3263"}],"version-history":[{"count":6,"href":"https:\/\/blog.polityka.pl\/passent\/wp-json\/wp\/v2\/posts\/3263\/revisions"}],"predecessor-version":[{"id":3269,"href":"https:\/\/blog.polityka.pl\/passent\/wp-json\/wp\/v2\/posts\/3263\/revisions\/3269"}],"wp:attachment":[{"href":"https:\/\/blog.polityka.pl\/passent\/wp-json\/wp\/v2\/media?parent=3263"}],"wp:term":[{"taxonomy":"category","embeddable":true,"href":"https:\/\/blog.polityka.pl\/passent\/wp-json\/wp\/v2\/categories?post=3263"},{"taxonomy":"post_tag","embeddable":true,"href":"https:\/\/blog.polityka.pl\/passent\/wp-json\/wp\/v2\/tags?post=3263"}],"curies":[{"name":"wp","href":"https:\/\/api.w.org\/{rel}","templated":true}]}}