
{"id":328,"date":"2007-08-22T06:41:54","date_gmt":"2007-08-22T04:41:54","guid":{"rendered":"http:\/\/passent.blog.polityka.pl\/?p=328"},"modified":"2007-08-24T00:30:27","modified_gmt":"2007-08-23T22:30:27","slug":"aleja-huraganow","status":"publish","type":"post","link":"https:\/\/blog.polityka.pl\/passent\/2007\/08\/22\/aleja-huraganow\/","title":{"rendered":"Aleja Huragan\u00f3w"},"content":{"rendered":"<p>Pewna profesor meteorologii powiedzia\u0142a wczoraj, \u017ce huragan Dean przemieszcza\u0142 si\u0119 Alej\u0105 Huragan\u00f3w. Jest to nazwa bardzo stosowna dla naszego kraju i je\u017celi chodzi o mnie, to umacniam dach, a okna zakrywam dykt\u0105 (\u201edyktom\u201d, jak m\u00f3wi Janusz Kaczmarek). Przed nami huragan wyborczy. PiS rozpoczyna wojn\u0119 z Niemcami, kt\u00f3rzy pod wodz\u0105 feldmarsza\u0142ka Tuska nacieraj\u0105 na Polsk\u0119 od Danzigu.<\/p>\n<p>PiS pragnie jeszcze co najmniej dw\u00f3ch lat, \u017ceby zako\u0144czy\u0107 rozpocz\u0119te dzie\u0142o. Faktycznie, wykonali ju\u017c kawa\u0142 dobrej roboty: Marcinkiewicz oddalony, Sikorski wypchni\u0119ty, Kaczmarek rozjechany, \u0141opi\u0144ski zmarginalizowany, Krawczyk wymi\u015bkowany, Kornatowski zwolniony, Giertych wyrzucony, Lepper zmia\u017cd\u017cony, Urba\u0144ski zmartwychwsta\u0142y \u2013 huragan porwa\u0142 ju\u017c wielu, wielu uda\u0142o si\u0119 ju\u017c wyrzuci\u0107, ale wielu pozosta\u0142o jeszcze do wyrzucenia. W samych mediach publicznych jest ich legion. Aleja Huragan\u00f3w jest d\u0142uga.<\/p>\n<p><!--more--><\/p>\n<p>Ile\u017c roboty ma jeszcze prokuratura \u2013 tyle spraw rozpocz\u0119tych i \u017cadna nie doko\u0144czona: mafia w\u0119glowa, afery w PZU, holdingi pocz\u0119te z uk\u0142adu, Orlen, szara sie\u0107 \u2013 nic nie zosta\u0142o zdemaskowane, ani jednego wyroku s\u0105dowego! Przeciwnie \u2013 im g\u0142\u0119biej w las, tym bardziej uk\u0142ad pot\u0119\u017cny, a\u017c zdo\u0142a\u0142 wprowadzi\u0107 do MSWiA swojego ministra. Jak nazywali si\u0119 jego protektorzy? Czy aby nie Lech Kaczy\u0144ski i Zbigniew Ziobro? Czy\u017cby i oni nale\u017celi do uk\u0142adu? A ten uk\u0142ad jaki przebieg\u0142y \u2013 najpierw ulokowa\u0142 w MSWiA kardiochirurga, a dopiero potem \u2013 ministra.<\/p>\n<p>&#8211; \u0141y\u017cwi\u0144ski do aresztu, Rydzyk umorzony \u2013 oto prawo i sprawiedliwo\u015b\u0107. A przecie\u017c wart Pac pa\u0142aca. Jeden koalicjant \u2013 \u0141y\u017cwi\u0144ski &#8211; nie jest gorszy od drugiego koalicjanta \u2013 Rydzyka. Ten drugi s\u0105czy jad do tysi\u0119cy polskich dom\u00f3w, zatruwa umys\u0142y, przynosi Polsce wstyd wi\u0119kszy ni\u017c jeden erotoman i rzekomy gwa\u0142ciciel.<\/p>\n<p>Ile\u017c jeszcze ta\u015bm do otworzenia. Nagranie rozmowy J. Kaczy\u0144ski, Z. Ziobro, J. Kaczmarek, nagranie rozmowy Lech Kaczy\u0144ski \u2013 Donald Tusk. Rz\u0105d, dowcipnie nazwany studiem nagra\u0144, ma pe\u0142en portfel zam\u00f3wie\u0144. Wczorajsi koalicjanci od wzmo\u017cenia moralnego \u2013 dzisiaj wieszaj\u0105 na sobie psy. To po prostu \u017cenuj\u0105ce ogl\u0105da\u0107, jak wczorajsi ma\u0142\u017conkowie dzi\u015b na siebie ujadaj\u0105.<\/p>\n<p>Ile\u017c jeszcze do zrobienia maj\u0105 scenarzy\u015bci PiS. Najpierw wykorzystali Muzeum Powstania Warszawskiego, p\u00f3\u017aniej Jasn\u0105 G\u00f3r\u0119, teraz pomnik Pi\u0142sudskiego. Jakie jeszcze \u015bwi\u0119to\u015bci pozosta\u0142y, \u017ceby ustawi\u0107 si\u0119 na ich tle?<\/p>\n<p>Ile jeszcze os\u00f3b pozosta\u0142o do skompromitowania, \u017ce byli cz\u0142onkami PZPR? Partia liczy\u0142a b\u0105d\u017a co b\u0105d\u017a dwa do trzech milion\u00f3w cz\u0142onk\u00f3w, z kt\u00f3rych zaledwie cz\u0119\u015b\u0107 dosta\u0142a si\u0119 do rz\u0105du i do pa\u0142acu prezydenckiego IV RP. Papiery tych ostatnich wyci\u0105gane s\u0105 w miar\u0119 budowy podstaw nowej Rzeczpospolitej. Zwolennicy lustracji m\u00f3wili, \u017ce trzeba ujawni\u0107 przesz\u0142o\u015b\u0107, \u017ceby nikt nie m\u00f3g\u0142 by\u0107 szanta\u017cowany. Okaza\u0142o si\u0119, \u017ce mieli racj\u0119 \u2013 rz\u0105d szanta\u017cuje sam siebie: B\u0119dziesz grzeczny \u2013 nie powiemy, co robi\u0142e\u015b, do czego nale\u017ca\u0142e\u015b. Nie podskakuj, bo ci legitymacja PZPR wypadnie. Gdyby k\u00f3zka nie skaka\u0142a, to by do partii nie nale\u017ca\u0142a.<\/p>\n<p>Nie ma si\u0119 co spieszy\u0107 do wybor\u00f3w, bo tak \u015bmiesznie i strasznie po wyborach nie b\u0119dzie. Chcia\u0142oby si\u0119 doczeka\u0107 jeszcze kilka artyku\u0142\u00f3w prof. prof. Krasnod\u0119bskiego i Zybertowicza. No i nieocenionej prof. Jadwigi Staniszkis, kt\u00f3ra nie\u017ale \u201epojecha\u0142a po Kaczy\u0144skich\u201d w \u201eDzienniku\u201d, ale na koniec postanowi\u0142a si\u0119 przymili\u0107:<\/p>\n<blockquote><p>W tym festiwalu megalomanii prezydent zrobi\u0142 jednak gest, kt\u00f3ry mnie wzruszy\u0142: gdy wr\u0119cza\u0142 oficerom pami\u0105tkowe proporczyki, wyci\u0105gn\u0105\u0142 do pierwszego z nich r\u0119k\u0119, a ten, zaskoczony, odpowiedzia\u0142 salutuj\u0105c. R\u0119ka prezydenta niezr\u0119cznie zawis\u0142a w pr\u00f3\u017cni. A MIMO TO LECH KACZY\u0143SKI WYKAZA\u0141 T\u0118 MA\u0141\u0104, LUDZK\u0104 ODWAG\u0118, BY DO KOLEJNEGO OFICERA ZN\u00d3W WYCI\u0104GN\u0104\u0106 D\u0141O\u0143. To by\u0142 jedyny przejmuj\u0105cy moment w tej ca\u0142ej pompie.<\/p><\/blockquote>\n<p>No, je\u017celi wyci\u0105gni\u0119cie d\u0142oni do polskiego oficera stanowi akt odwagi, to faktycznie huragan poczyni\u0142 spustoszenie.<\/p>\n<p><strong>PS<\/strong>.<\/p>\n<p><strong>LANNAR<\/strong> (21 VIII) ma racj\u0119: Janusz Kaczmarek m\u00f3g\u0142 napisa\u0107, \u017ce by\u0142 kandydatem do PZPR, nie by\u0142o to z jego strony pomniejszanie w\u0142asnego zaanga\u017cowania. O ile wiem, to do partii nie wst\u0119powa\u0142o si\u0119 od razu, ale na raty. Najpierw zostawa\u0142o si\u0119 \u201ekandydatem\u201d, czyli przechodzi\u0142o okres pr\u00f3bny, kt\u00f3ry trwa\u0142 chyba rok, a nast\u0119pnie, po chlubnym zako\u0144czeniu tego sta\u017cu, nabywa\u0142o si\u0119 prawa cz\u0142onka rzeczywistego. Dziwi\u0119 si\u0119, \u017ce JK o tym nie wspomnia\u0142 w rozmowie z Monik\u0105 Olejnik, ale t\u0142umaczy go stres i zagubienie.<\/p>\n<p><strong>HAHA<\/strong> \u2013 dzi\u0119ki za b. ciekaw\u0105 relacj\u0119 z publicznej spowiedzi kandydat\u00f3w na prezydenta USA. To prawda, spo\u0142ecze\u0144stwo jest tam bardzo religijne, ale mimo wszystko rozdzia\u0142 Ko\u015bcio\u0142\u00f3w od Pa\u0144stwa\u00a0godny pozazdroszczenia.<\/p>\n<p><strong>RAFA\u0141<\/strong> \u2013 post\u00f3w matki_kurki nie znam, wi\u0119c nich o nich nie s\u0105dz\u0119.<\/p>\n<p>Pozdrawiam, Pass<\/p>\n","protected":false},"excerpt":{"rendered":"<p>Pewna profesor meteorologii powiedzia\u0142a wczoraj, \u017ce huragan Dean przemieszcza\u0142 si\u0119 Alej\u0105 Huragan\u00f3w. Jest to nazwa bardzo stosowna dla naszego kraju i je\u017celi chodzi o mnie, to umacniam dach, a okna zakrywam dykt\u0105 (\u201edyktom\u201d, jak m\u00f3wi Janusz Kaczmarek). Przed nami huragan wyborczy. PiS rozpoczyna wojn\u0119 z Niemcami, kt\u00f3rzy pod wodz\u0105 feldmarsza\u0142ka Tuska nacieraj\u0105 na Polsk\u0119 od [&hellip;]<\/p>\n","protected":false},"author":4,"featured_media":0,"comment_status":"open","ping_status":"open","sticky":false,"template":"","format":"standard","meta":{"footnotes":""},"categories":[1],"tags":[],"_links":{"self":[{"href":"https:\/\/blog.polityka.pl\/passent\/wp-json\/wp\/v2\/posts\/328"}],"collection":[{"href":"https:\/\/blog.polityka.pl\/passent\/wp-json\/wp\/v2\/posts"}],"about":[{"href":"https:\/\/blog.polityka.pl\/passent\/wp-json\/wp\/v2\/types\/post"}],"author":[{"embeddable":true,"href":"https:\/\/blog.polityka.pl\/passent\/wp-json\/wp\/v2\/users\/4"}],"replies":[{"embeddable":true,"href":"https:\/\/blog.polityka.pl\/passent\/wp-json\/wp\/v2\/comments?post=328"}],"version-history":[{"count":0,"href":"https:\/\/blog.polityka.pl\/passent\/wp-json\/wp\/v2\/posts\/328\/revisions"}],"wp:attachment":[{"href":"https:\/\/blog.polityka.pl\/passent\/wp-json\/wp\/v2\/media?parent=328"}],"wp:term":[{"taxonomy":"category","embeddable":true,"href":"https:\/\/blog.polityka.pl\/passent\/wp-json\/wp\/v2\/categories?post=328"},{"taxonomy":"post_tag","embeddable":true,"href":"https:\/\/blog.polityka.pl\/passent\/wp-json\/wp\/v2\/tags?post=328"}],"curies":[{"name":"wp","href":"https:\/\/api.w.org\/{rel}","templated":true}]}}