
{"id":3284,"date":"2016-02-29T13:07:50","date_gmt":"2016-02-29T12:07:50","guid":{"rendered":"http:\/\/passent.blog.polityka.pl\/?p=3284"},"modified":"2016-02-29T22:28:28","modified_gmt":"2016-02-29T21:28:28","slug":"gondolierzy-i-cyklisci","status":"publish","type":"post","link":"https:\/\/blog.polityka.pl\/passent\/2016\/02\/29\/gondolierzy-i-cyklisci\/","title":{"rendered":"Gondolierzy i cykli\u015bci"},"content":{"rendered":"<p>Lada dzie\u0144 Andrzej Wajda uko\u0144czy 90 lat. Uczestniczy\u0142em w bardzo mi\u0142ym spotkaniu Jubilata z \u017boliborzanami oraz go\u015b\u0107mi z innych dzielnic, m.in. prezydent Warszawy Hann\u0105 Gronkiewicz-Waltz. Spotkanie prowadzi\u0142a wielka aktorka i niezwyk\u0142a osobowo\u015b\u0107, Krystyna Janda, przez ca\u0142e \u017cycie tw\u00f3rcze bliska jubilatowi i sama zas\u0142uguj\u0105ca na pomnik.<br \/>\n<!--more--><br \/>\nOboje tryskali energi\u0105. Kiedy pani Janda odczyta\u0142a kalendarium zawodowe Wajdy, to by\u0142o nie do wiary, ile mo\u017ce zrobi\u0107 jeden cz\u0142owiek, oczywi\u015bcie przy wsp\u00f3\u0142pracy \u201emoich kochanych aktor\u00f3w\u201d i innych os\u00f3b zaanga\u017cowanych w tak du\u017ce przedsi\u0119wzi\u0119cie, jak przedstawienie teatralne czy film.<\/p>\n<p>Od po\u0142owy lat 50., kiedy debiutowa\u0142, a\u017c po dzie\u0144 dzisiejszy, Wajda trzyma r\u0119k\u0119 na pulsie naszego kraju, jest uczestnikiem, a cz\u0119sto inicjatorem wa\u017cnych dyskusji. W\u0142a\u015bnie podpisa\u0142 protest gildii re\u017cyser\u00f3w przeciwko praniu m\u00f3zg\u00f3w widz\u00f3w TVP przed emisj\u0105 filmu \u201eIda\u201d.<\/p>\n<p>Wajd\u0119 obok geniuszu artystycznego cechuje ogromna rozpi\u0119to\u015b\u0107 zainteresowa\u0144 &#8211; od donios\u0142ych film\u00f3w historycznych (\u201eKana\u0142\u201d, \u201ePopi\u00f3\u0142 i diament\u201d, \u201eZiemia obiecana\u201d, \u201ePopio\u0142y\u201d, \u201eCz\u0142owiek z \u017celaza\u201d, \u201eKaty\u0144\u201d) po subtelne dramaty psychologiczne (\u201eBrzezina\u201d) wed\u0142ug Iwaszkiewicza.<\/p>\n<p>Andrzej Wajda to jedna z najwi\u0119kszych postaci w kulturze polskiej od po\u0142owy lat 50. Jego filmy wywo\u0142ywa\u0142y nami\u0119tne spory, niekt\u00f3re odbierane s\u0105 dzisiaj inaczej ni\u017c to by\u0142o p\u00f3\u0142 wieku temu, w warunkach cenzury, ale bezsprzecznie re\u017cyser ma zapewnione miejsce w historii kultury polskiej. Z okazji jubileuszu na pewno odezw\u0105 si\u0119 g\u0142osy krytyczne, a tak\u017ce zawistne, byle i ten pomnik zniszczy\u0107. Pami\u0119tam, jak wiele lat temu z okazji nagonki na \u201ePopio\u0142y\u201d robi\u0142em z nim wywiad (kt\u00f3ry si\u0119 jednak nie ukaza\u0142, zosta\u0142 skonfiskowany).<\/p>\n<p>Zapyta\u0142em w\u00f3wczas \u201eCo Pan s\u0105dzi o tym, co napisa\u0142 o Panu \u017bo\u0142nierz Wolno\u015bci? \u2013 Nic nie s\u0105dz\u0119, wszystkie wycinki trzymam w pude\u0142ku na strychu, zajrz\u0119 do nich, jak b\u0119d\u0119 na emeryturze\u201d \u2013 odpowiedzia\u0142. Teraz, kiedy Mistrz ko\u0144czy 90 lat, sko\u0144czy\u0142 kolejny film (o wybitnym malarzu W\u0142adys\u0142awie Strzemi\u0144skim, kt\u00f3ry niszczony przez system, w 1952 roku zmar\u0142 z g\u0142odu) i my\u015bli o filmie nast\u0119pnym, wiadomo, \u017ce u Wajdy \u201ena emeryturze\u201d znaczy \u201enigdy\u201d. W ka\u017cdym razie ma uprawnienia do bezp\u0142atnych lekarstw dla 75+, kt\u00f3re obieca\u0142o PiS, i oby ich nigdy nie potrzebowa\u0142!<\/p>\n<p>Z innej szuflady: mamy za sob\u0105 weekend bogaty w wydarzenia, z kt\u00f3rych najwa\u017cniejsze to marsz KOD pod has\u0142em \u201eMy, nar\u00f3d\u201d oraz projekt opinii Komisji Weneckiej dotycz\u0105cy Polski. Je\u015bli chodzi o marsz, to by\u0142 on sukcesem, chocia\u017c pose\u0142 Jacek \u017balek (PiS) powiedzia\u0142 w telewizji, \u017ce uczestnicy marszu to byli esbecy i ubecy.<\/p>\n<p>Nawet jak na rozpanoszone w naszej polityce chamstwo, wypowied\u017a ta robi wra\u017cenie (jak najgorsze). Sta\u0142\u0105 metod\u0105 PiS jest pomniejszanie i degradowanie oponent\u00f3w. Kilka dni temu ogl\u0105da\u0142em \u201edyskusj\u0119\u201d dw\u00f3ch polityk\u00f3w (Girzy\u0144ski i Siwiec) w programie Andrzeja Morozowskiego (TVN24). Kiedy tylko dosz\u0142o do r\u00f3\u017cnicy zda\u0144, Girzy\u0144ski zacz\u0105\u0142 wytyka\u0107 Siwcowi, \u017ce by\u0142 w partii i w SB, w tym celu przyni\u00f3s\u0142 nawet do studiu ksi\u0105\u017ck\u0119 na ten temat, czyli by\u0142 dobrze przygotowany \u2013 nie do meritum, ale do dyskredytowania rozm\u00f3wcy.<\/p>\n<p>W odpowiedzi Siwiec duka\u0142 tylko, \u017ce \u017caden s\u0105d nie potwierdzi\u0142 tego, co o nim m\u00f3wi Girzy\u0144ski, zes\u0142any podobno przez swoj\u0105 parti\u0119 do Torunia za kar\u0119, za jakie\u015b bli\u017cej nieokre\u015blone grzeszki. Gospodarz programu by\u0142 bezradny i tylko zegar przerwa\u0142 t\u0119 \u017cenuj\u0105c\u0105 scen\u0119.<\/p>\n<p>Drugie wydarzenie: Komisja Wenecka. Poniewa\u017c wiadomo, \u017ce opinia jest dla w\u0142adz polskich niekorzystna, nale\u017cy j\u0105 zdyskredytowa\u0107: \u201eTo tylko opinia, nie jest obowi\u0105zkowa, to cia\u0142o zwi\u0119d\u0142e, o charakterze doradczym\u201d itd. Gdyby opinia by\u0142a korzystna, to Komisja by\u0142aby \u201enajwy\u017cszym autorytetem mi\u0119dzynarodowym\u201d, z\u0142o\u017conym z wybitnych prawnik\u00f3w etc.<\/p>\n<p>A tak to trwa liczenie, ilu cz\u0142onk\u00f3w Komisji to weganie, kt\u00f3rzy je\u017cd\u017c\u0105 po Wenecji na rowerach wodnych. Wszystko to nie jest \u015bmieszne, poniewa\u017c opinia Komisji nie tyle rzutuje na reputacj\u0119 rz\u0105du, Sejmu i prezydenta, ale ca\u0142ej Polski.<\/p>\n<p>ZAPROSZENIE<br \/>\nProfesor Micha\u0142 Komar (Collegium Civitas), Eliza Olczyk (Wprost) i Jan Ordy\u0144ski (Przegl\u0105d) b\u0119d\u0105 moimi go\u015b\u0107mi w Radiu TOK FM we wtorek, 1 marca br. o godz. 20.05<\/p>\n","protected":false},"excerpt":{"rendered":"<p>Lada dzie\u0144 Andrzej Wajda uko\u0144czy 90 lat. Uczestniczy\u0142em w bardzo mi\u0142ym spotkaniu Jubilata z \u017boliborzanami oraz go\u015b\u0107mi z innych dzielnic, m.in. prezydent Warszawy Hann\u0105 Gronkiewicz-Waltz. Spotkanie prowadzi\u0142a wielka aktorka i niezwyk\u0142a osobowo\u015b\u0107, Krystyna Janda, przez ca\u0142e \u017cycie tw\u00f3rcze bliska jubilatowi i sama zas\u0142uguj\u0105ca na pomnik.<\/p>\n","protected":false},"author":4,"featured_media":0,"comment_status":"open","ping_status":"closed","sticky":false,"template":"","format":"standard","meta":{"footnotes":""},"categories":[1],"tags":[],"_links":{"self":[{"href":"https:\/\/blog.polityka.pl\/passent\/wp-json\/wp\/v2\/posts\/3284"}],"collection":[{"href":"https:\/\/blog.polityka.pl\/passent\/wp-json\/wp\/v2\/posts"}],"about":[{"href":"https:\/\/blog.polityka.pl\/passent\/wp-json\/wp\/v2\/types\/post"}],"author":[{"embeddable":true,"href":"https:\/\/blog.polityka.pl\/passent\/wp-json\/wp\/v2\/users\/4"}],"replies":[{"embeddable":true,"href":"https:\/\/blog.polityka.pl\/passent\/wp-json\/wp\/v2\/comments?post=3284"}],"version-history":[{"count":9,"href":"https:\/\/blog.polityka.pl\/passent\/wp-json\/wp\/v2\/posts\/3284\/revisions"}],"predecessor-version":[{"id":3295,"href":"https:\/\/blog.polityka.pl\/passent\/wp-json\/wp\/v2\/posts\/3284\/revisions\/3295"}],"wp:attachment":[{"href":"https:\/\/blog.polityka.pl\/passent\/wp-json\/wp\/v2\/media?parent=3284"}],"wp:term":[{"taxonomy":"category","embeddable":true,"href":"https:\/\/blog.polityka.pl\/passent\/wp-json\/wp\/v2\/categories?post=3284"},{"taxonomy":"post_tag","embeddable":true,"href":"https:\/\/blog.polityka.pl\/passent\/wp-json\/wp\/v2\/tags?post=3284"}],"curies":[{"name":"wp","href":"https:\/\/api.w.org\/{rel}","templated":true}]}}