
{"id":3296,"date":"2016-03-02T18:29:00","date_gmt":"2016-03-02T17:29:00","guid":{"rendered":"http:\/\/passent.blog.polityka.pl\/?p=3296"},"modified":"2016-03-02T19:29:14","modified_gmt":"2016-03-02T18:29:14","slug":"przekaz-dnia-2","status":"publish","type":"post","link":"https:\/\/blog.polityka.pl\/passent\/2016\/03\/02\/przekaz-dnia-2\/","title":{"rendered":"Przekaz dnia"},"content":{"rendered":"<p>Po wojnie ukazywa\u0142y si\u0119 ma\u0142e ksi\u0105\u017ceczki, formatu kieszonkowego, pt. \u201eNotatnik agitatora\u201d, przeznaczone dla aktywu partyjnego. Dzisiaj to si\u0119 nazywa \u201eprzekaz dnia\u201d. W kr\u00f3tkich, \u017co\u0142nierskich s\u0142owach wyja\u015bniano polityk\u0119 partii i rz\u0105du. Oto wersja dzisiejsza.<br \/>\n<!--more--><br \/>\n\u2013 Dlaczego minister Waszczykowski wys\u0142a\u0142 list, w kt\u00f3rym skar\u017cy si\u0119 na niedopuszczalny przeciek projektu opinii Komisji Weneckiej w sprawie kryzysu konstytucyjnego w Polsce?<\/p>\n<p>\u2013 Po pierwsze \u2013 poniewa\u017c przeciek trafi\u0142 do \u201eGW\u201d. Po drugie, poniewa\u017c \u201eWaszcz\u201d ma nieczyste sumienie, pospieszy\u0142 si\u0119 z zaproszeniem Komisji Weneckiej, nie przewiduj\u0105c jej opinii, czym wp\u0119dzi\u0142 premier Szyd\u0142o w maliny (w Parlamencie Europejskim chwali\u0142a si\u0119 zaproszeniem Komisji), a prezes Kaczy\u0144ski otwartym tekstem powiedzia\u0142, \u017ce zwr\u00f3cenie si\u0119 do Komisji to by\u0142 b\u0142\u0105d.<\/p>\n<p>Komisja \u2013 zdaniem prezesa \u2013 w ko\u0144cu by do Polski i tak trafi\u0142a, ale w mi\u0119dzyczasie mo\u017cna by za\u0142atwi\u0107 kilka spraw. Jakie konkretnie sprawy mia\u0142 J.K. na my\u015bli \u2013 nie powiedzia\u0142, ale mo\u017cna si\u0119 domy\u015ble\u0107, \u017ce m.in. chodzi\u0142o o dobicie Trybuna\u0142u, ustaw\u0119 inwigilacyjn\u0105 i kilka innych.<\/p>\n<p>Po trzecie, \u201eWaszcz\u201d, robi\u0105c raban wok\u00f3\u0142 przecieku, wywiera nacisk na Komisj\u0119 Weneck\u0105, by jej ostateczna opinia nie by\u0142a zbyt surowa. A na u\u017cytek krajowy ju\u017c si\u0119 m\u00f3wi, \u017ce Rada Europy wykopa\u0142a top\u00f3r wojenny przeciwko Polsce.<\/p>\n<p>\u2013 Dlaczego Rada Europy szuka wojny z Polsk\u0105?<br \/>\n\u2013 To proste jak lufa karabinu: 1) \u017beby odwr\u00f3ci\u0107 uwag\u0119 od krytycznej sytuacji Europy. Zmusi\u0107 Polsk\u0119 do przyj\u0119cia uchod\u017ac\u00f3w. 2) Poniewa\u017c jest organem bankier\u00f3w i innych kapitalist\u00f3w zagranicznych, kt\u00f3rych Polska o\u015bmiela si\u0119 opodatkowa\u0107, odebra\u0107 im media, zabroni\u0107 im kupna naszej ziemi.<\/p>\n<p>\u2013 Dlaczego policja historyczna robi naloty na domy by\u0142ych dygnitarzy komunistycznych?<br \/>\n\u2013 Banalne pytanie! Poniewa\u017c ma powody przypuszcza\u0107, \u017ce zainteresowani nie zwr\u00f3cili posiadanych nielegalnie dokument\u00f3w wytworzonych w PRL. Ch\u0119tnie widziane s\u0105 zw\u0142aszcza dokumenty obci\u0105\u017caj\u0105ce Wa\u0142\u0119s\u0119 i Jaruzelskiego oraz innych uczestnik\u00f3w okr\u0105g\u0142ego sto\u0142u i zmowy w Magdalence. Im bardziej zostan\u0105 pogr\u0105\u017ceni, tym wi\u0119kszy cie\u0144 padnie na III RP.<\/p>\n<p>\u2013 Jak zako\u0144czy si\u0119 polowanie na Wa\u0142\u0119s\u0119?<br \/>\n\u2013 W najlepszym wypadku (je\u015bli Wa\u0142\u0119sa wytrzyma to zdrowotnie, \u201eco daj Bo\u017ce\u201d) nie zmieni si\u0119 nic. Wa\u0142\u0119sa si\u0119 nie przyzna, a nar\u00f3d b\u0119dzie podzielony. Jedni b\u0119d\u0105 w nim widzie\u0107 bohatera (acz ze skaz\u0105, kt\u00f3r\u0105 mu wybacz\u0105), drudzy b\u0119d\u0105 odczuwa\u0107 satysfakcj\u0119 i czerpa\u0107 dobre samopoczucie z poni\u017cenia wywy\u017cszonego bohatera. Jak wiadomo, w Polsce ka\u017cdy \u201estaje w prawdzie\u201d, tylko jeden Wa\u0142\u0119sa k\u0142amie.<\/p>\n<p>\u2013 Do czego zmierza KOD, dzi\u015b zarejestrowany jako stowarzyszenie?<br \/>\n\u2013 Nie wiem. Nie wiadomo nawet, czy KOD wie dok\u0105d zmierza. To inicjatywa, kt\u00f3ra dopiero krzepnie, a ju\u017c jest obra\u017cana przez w\u0142adze, Kaczy\u0144ski i Brudzi\u0144ski nazywaj\u0105 ich komunistami i z\u0142odziejami, a \u017balek widzi w nich ubek\u00f3w i esbek\u00f3w. Popieram pomys\u0142 Magdaleny \u015arody, \u017ceby KOD zaj\u0105\u0142 si\u0119 edukacj\u0105, cho\u0107by po domach, w klubach i w ko\u0142ach samokszta\u0142ceniowych, cho\u0107by \u017ceby uczy\u0107 prawdziwej historii Polski.<\/p>\n<p>\u2013 Czy popieramy kandydatur\u0119 Anny Marii Anders na senatora PiS?<br \/>\n\u2013 Tak, je\u015bli odwiedzi stadnin\u0119 w Janowie Podlaskim i kupi bia\u0142ego araba, na kt\u00f3rym wjedzie do Senatu.<\/p>\n","protected":false},"excerpt":{"rendered":"<p>Po wojnie ukazywa\u0142y si\u0119 ma\u0142e ksi\u0105\u017ceczki, formatu kieszonkowego, pt. \u201eNotatnik agitatora\u201d, przeznaczone dla aktywu partyjnego. Dzisiaj to si\u0119 nazywa \u201eprzekaz dnia\u201d. W kr\u00f3tkich, \u017co\u0142nierskich s\u0142owach wyja\u015bniano polityk\u0119 partii i rz\u0105du. Oto wersja dzisiejsza.<\/p>\n","protected":false},"author":4,"featured_media":0,"comment_status":"open","ping_status":"closed","sticky":false,"template":"","format":"standard","meta":{"footnotes":""},"categories":[1],"tags":[],"_links":{"self":[{"href":"https:\/\/blog.polityka.pl\/passent\/wp-json\/wp\/v2\/posts\/3296"}],"collection":[{"href":"https:\/\/blog.polityka.pl\/passent\/wp-json\/wp\/v2\/posts"}],"about":[{"href":"https:\/\/blog.polityka.pl\/passent\/wp-json\/wp\/v2\/types\/post"}],"author":[{"embeddable":true,"href":"https:\/\/blog.polityka.pl\/passent\/wp-json\/wp\/v2\/users\/4"}],"replies":[{"embeddable":true,"href":"https:\/\/blog.polityka.pl\/passent\/wp-json\/wp\/v2\/comments?post=3296"}],"version-history":[{"count":4,"href":"https:\/\/blog.polityka.pl\/passent\/wp-json\/wp\/v2\/posts\/3296\/revisions"}],"predecessor-version":[{"id":3300,"href":"https:\/\/blog.polityka.pl\/passent\/wp-json\/wp\/v2\/posts\/3296\/revisions\/3300"}],"wp:attachment":[{"href":"https:\/\/blog.polityka.pl\/passent\/wp-json\/wp\/v2\/media?parent=3296"}],"wp:term":[{"taxonomy":"category","embeddable":true,"href":"https:\/\/blog.polityka.pl\/passent\/wp-json\/wp\/v2\/categories?post=3296"},{"taxonomy":"post_tag","embeddable":true,"href":"https:\/\/blog.polityka.pl\/passent\/wp-json\/wp\/v2\/tags?post=3296"}],"curies":[{"name":"wp","href":"https:\/\/api.w.org\/{rel}","templated":true}]}}