
{"id":33,"date":"2006-05-21T20:21:18","date_gmt":"2006-05-21T18:21:18","guid":{"rendered":"http:\/\/passent.blog.polityka.pl\/?p=33"},"modified":"2006-05-22T12:24:06","modified_gmt":"2006-05-22T10:24:06","slug":"wypije-zdrowie-rzadu","status":"publish","type":"post","link":"https:\/\/blog.polityka.pl\/passent\/2006\/05\/21\/wypije-zdrowie-rzadu\/","title":{"rendered":"Wypij\u0119 zdrowie rz\u0105du"},"content":{"rendered":"<p>Dlaczego w Polsce na stacjach benzynowych sprzedaje si\u0119 w\u00f3dk\u0119?\u00a0 Czy w ramach zapowiadanej przez w\u0142adze odnowy moralnej nie mo\u017cna wprowadzi\u0107 zakazu sprzeda\u017cy alkoholu\u00a0na stacjach benzynowych? Czy\u017c nie by\u0142by to prawdziwy sukces rz\u0105du, nie mniej wa\u017cny \u2013 acz mniej spektakularny &#8211; ni\u017c wymachiwanie dokumentami i wtr\u0105canie do areszt\u00f3w?\u00a0 Czy\u017c nie by\u0142by to pow\u00f3d do chwa\u0142y? Czy jeszcze za ma\u0142o jest wypadk\u00f3w drogowych spowodowanych przez osoby nietrze\u017awe? Czy w\u00f3dka jest takim artyku\u0142em pierwszej potrzeby, \u017ce \u2013 jak aspiryna \u2013 musi by\u0107 dost\u0119pna na ka\u017cdym kroku i ca\u0142odobowo? Gdyby panowie Marcinkiewicz, Lepper, Giertych, Ziobro i inni uzdrowiciele Rzeczpospolitej\u00a0zdo\u0142ali przeforsowa\u0107 w Sejmie, w kt\u00f3rym dysponuj\u0105 wi\u0119kszo\u015bci\u0105,\u00a0 zakaz sprzeda\u017cy alkoholu\u00a0na stacjach benzynowych, to ja pierwszy wypi\u0142bym ich zdrowie.<\/p>\n","protected":false},"excerpt":{"rendered":"<p>Dlaczego w Polsce na stacjach benzynowych sprzedaje si\u0119 w\u00f3dk\u0119?\u00a0 Czy w ramach zapowiadanej przez w\u0142adze odnowy moralnej nie mo\u017cna wprowadzi\u0107 zakazu sprzeda\u017cy alkoholu\u00a0na stacjach benzynowych? Czy\u017c nie by\u0142by to prawdziwy sukces rz\u0105du, nie mniej wa\u017cny \u2013 acz mniej spektakularny &#8211; ni\u017c wymachiwanie dokumentami i wtr\u0105canie do areszt\u00f3w?\u00a0 Czy\u017c nie by\u0142by to pow\u00f3d do chwa\u0142y? Czy [&hellip;]<\/p>\n","protected":false},"author":4,"featured_media":0,"comment_status":"open","ping_status":"open","sticky":false,"template":"","format":"standard","meta":{"footnotes":""},"categories":[1],"tags":[],"_links":{"self":[{"href":"https:\/\/blog.polityka.pl\/passent\/wp-json\/wp\/v2\/posts\/33"}],"collection":[{"href":"https:\/\/blog.polityka.pl\/passent\/wp-json\/wp\/v2\/posts"}],"about":[{"href":"https:\/\/blog.polityka.pl\/passent\/wp-json\/wp\/v2\/types\/post"}],"author":[{"embeddable":true,"href":"https:\/\/blog.polityka.pl\/passent\/wp-json\/wp\/v2\/users\/4"}],"replies":[{"embeddable":true,"href":"https:\/\/blog.polityka.pl\/passent\/wp-json\/wp\/v2\/comments?post=33"}],"version-history":[{"count":0,"href":"https:\/\/blog.polityka.pl\/passent\/wp-json\/wp\/v2\/posts\/33\/revisions"}],"wp:attachment":[{"href":"https:\/\/blog.polityka.pl\/passent\/wp-json\/wp\/v2\/media?parent=33"}],"wp:term":[{"taxonomy":"category","embeddable":true,"href":"https:\/\/blog.polityka.pl\/passent\/wp-json\/wp\/v2\/categories?post=33"},{"taxonomy":"post_tag","embeddable":true,"href":"https:\/\/blog.polityka.pl\/passent\/wp-json\/wp\/v2\/tags?post=33"}],"curies":[{"name":"wp","href":"https:\/\/api.w.org\/{rel}","templated":true}]}}