
{"id":330,"date":"2007-08-24T08:28:00","date_gmt":"2007-08-24T06:28:00","guid":{"rendered":"http:\/\/passent.blog.polityka.pl\/?p=330"},"modified":"2007-08-31T19:53:56","modified_gmt":"2007-08-31T17:53:56","slug":"od-sasa-do-lasa","status":"publish","type":"post","link":"https:\/\/blog.polityka.pl\/passent\/2007\/08\/24\/od-sasa-do-lasa\/","title":{"rendered":"Od Sasa do lasa"},"content":{"rendered":"<p>Kilka informacji od Sasa do lasa sk\u0142ania do pewnej refleksji.<br \/>\n\u00a0<br \/>\n<strong>Informacja I<\/strong>. Osiem milion\u00f3w Polak\u00f3w nie zg\u0142osi\u0142o si\u0119 do wymiany dowod\u00f3w osobistych, mimo \u017ce akcja ta trwa ju\u017c od kilku lat i ma du\u017ce publicity. 20 proc. rodak\u00f3w bagatelizuje wszelkie apele, a znany dziennikarz wyznaje w gazecie, \u017ce on po prostu nie lubi chodzi\u0107 do biur. Dobrze, \u017ce lubi si\u0119 my\u0107, bo r\u00f3wnie dobrze m\u00f3g\u0142by zbagatelizowa\u0107 nawo\u0142ywanie do mycia z\u0119b\u00f3w (wielu to robi\u2026).<\/p>\n<p><strong>Informacja II<\/strong>. Najwi\u0119cej przest\u0119pstw pope\u0142nianych przez cudzoziemc\u00f3w w Wielkiej Brytanii pope\u0142niaj\u0105 Polacy, nawet wi\u0119cej ni\u017c bardziej liczni imigranci z kilku pa\u0144stw azjatyckich. Du\u017co jest przest\u0119pstw pope\u0142nianych przez Polak\u00f3w na Polakach.<\/p>\n<p><!--more--><\/p>\n<p><strong>Informacja III<\/strong>. Pod wzgl\u0119dem liczby pope\u0142nionych wykrocze\u0144 drogowych (czy wypadk\u00f3w \u2013 ju\u017c nie pami\u0119tam) na Ukrainie, kierowcy polscy zajmuj\u0105 trzecie miejsce, po Rosjanach i przybyszach z Mo\u0142dawii.<\/p>\n<p><strong>Informacja IV<\/strong>. W jednym z miast Europy \u015arodkowej pracownicy oczyszczania miasta us\u0142yszeli krzyki wydobywaj\u0105ce si\u0119 z wn\u0119trza wozu asenizacyjnego (\u201eJad\u0105 z miasta wozy asenizacyjne\u2026\u201d \u2013 pami\u0119tacie kto i gdzie to pisa\u0142?). To nasz rodak, kt\u00f3ry spa\u0142 w kontenerze, obudzi\u0142 si\u0119 nagle przerzucony do \u201e\u015bmieciary\u201d. Na szcz\u0119\u015bcie nic mu si\u0119 nie sta\u0142o.<\/p>\n<p><strong>Informacja V<\/strong>: Jeden po drugim dwa wypadki autokarowe we Francji.<\/p>\n<p><strong>Informacja VI<\/strong>: Zaledwie kilka, dos\u0142ownie kilka, procent kobiet zg\u0142osi\u0142o si\u0119 na bezp\u0142atn\u0105 mammografi\u0119, mimo imiennych zaprosze\u0144 kierowanych przez NFZ.<\/p>\n<p>S\u0105 to oderwane fakty z ostatnich dni i tygodni, kt\u00f3re przypominaj\u0105, \u017ce pod wzgl\u0119dem cywilizacyjnym nie jeste\u015bmy jeszcze mocarstwem, a pohukujemy, jak gdyby\u015bmy zjedli wszystkie rozumy. Wi\u0119kszo\u015b\u0107 tych informacji pochodzi z zagranicy, nie jest tam \u017cadn\u0105 tajemnic\u0105, i musi mie\u0107 niekorzystny wp\u0142yw na wizerunek Polski i Polak\u00f3w. Co prawda III RP dokona\u0142a ogromnego post\u0119pu cywilizacyjnego \u2013 wida\u0107 po ludziach, domach, sklepach, nawet na tych beznadziejnych drogach, gdzie zaprz\u0119gi konne nale\u017c\u0105 ju\u017c do rzadko\u015bci, ale z drugiej strony dystans cywilizacyjny, jaki nas dzieli od pa\u0144stw bardziej cywilizowanych, jest nadal znaczny. A czym pasjonuje si\u0119 polska szko\u0142a, s\u0142u\u017cba zdrowia, Ko\u015bci\u00f3\u0142?<\/p>\n<p>Szko\u0142a \u2013 je\u015bli wierzy\u0107 mediom \u2013 \u017cyje mundurkami, inspekcjami \u201etr\u00f3jek\u201d policyjno \u2013 prokuratorskich, miejscem religii na \u015bwiadectwach, umacnianiem wyznaniowego charakteru szk\u00f3\u0142 publicznych, amputacj\u0105 i reanimacj\u0105 Gombrowicza.<\/p>\n<p>S\u0142u\u017cba zdrowia jest aren\u0105 nieustannych konflikt\u00f3w, kt\u00f3re narastaj\u0105 co najmniej od dw\u00f3ch \u2013 trzech pokole\u0144 i nic nie wskazuje, \u017ce zajmie si\u0119 edukacj\u0105, profilaktyk\u0105, cywilizacj\u0105.<\/p>\n<p>Ko\u015bci\u00f3\u0142 zaj\u0119ty jest odzyskiwaniem mienia, dogl\u0105daniem szko\u0142y, pilnowaniem trzody, g\u0142askaniem Rydzyka.<\/p>\n<p>Wreszcie, rz\u0105d zajmuje si\u0119 przede wszystkim pods\u0142uchami, nagrywaniem, oskar\u017caniem, polowaniem z nagonk\u0105, organizowaniem nieko\u0144cz\u0105cych si\u0119 konferencji prasowych, polityk\u0105 historyczn\u0105, pohukiwaniem na pa\u0144stwa s\u0105siednie, ale \u017ceby wyszed\u0142 z jak\u0105\u015b akcja o charakterze cywilizacyjnym, \u017ceby np. uczyni\u0142 pa\u0144stwow\u0105 poczt\u0119 lub koleje pa\u0144stwowe awangard\u0105 cywilizacji \u2013 sprawn\u0105, czyst\u0105, punktualn\u0105, godn\u0105 zaufania \u2013 marzenie \u015bci\u0119tej g\u0142owy. A szkoda, bo mo\u017cna by by\u0142o powiedzie\u0107: \u201eJaka ta IV RP by\u0142a, to by\u0142a, ale jedno trzeba jej przyzna\u0107\u2026\u201d Niestety, nie wida\u0107, co takiego mo\u017cna by jej przyzna\u0107. Zamiast tego nadchodz\u0105 informacje dla naszej cywilizacji niepochlebne.<\/p>\n<p><strong>PS<\/strong>. We wczorajszej \u201eRz\u201d red. Piotr Semka (\u201eLista W\u0142adyki\u201d) kpi sobie z artyku\u0142u publicyst\u00f3w \u201ePolityki\u201d, M. Janickiego i W. W\u0142adyki, o dziennikarzach IV RP, kt\u00f3rych idea\u0142 si\u0119gn\u0105\u0142 bruku.<\/p>\n<blockquote><p>Czekamy na wnioski weryfikacyjne i postulat zakazu wykonywania zawodu \u2013 ironizuje red. Semka. Redakcja \u201ePolityki\u201d ma w tej kwestii bogate tradycje. W 1982 roku w tej redakcji dzia\u0142a la przecie\u017c komisja weryfikacyjna, kt\u00f3ra dzielnie odsiewa\u0142a dziennikarskich warcho\u0142\u00f3w.<\/p><\/blockquote>\n<p>Piotr Semka mija si\u0119 z prawd\u0105. W \u015brodowisku dziennikarskim na og\u00f3\u0142 wiadomo, \u017ce w stanie wojennym w \u201ePolityce\u201d \u017cadnej weryfikacji nie by\u0142o. Przyczyny tego zjawiska s\u0105 szeroko opisane, m.in. w \u201eDziennikach politycznych\u201d M.F. Rakowskiego, w ksi\u0105\u017cce \u201ePOLITYKA i jej ludzie\u201d prof. W\u0142adyki, a tak\u017ce w licznych wspomnieniach i artyku\u0142ach. Najwa\u017cniejsze powody, dla kt\u00f3rych w \u201eP\u201d nie by\u0142o weryfikacji, by\u0142y dwa: parasol MFR, kt\u00f3ry by\u0142 wicepremierem, a nast\u0119pnie premierem, oraz swoista autoweryfikacja, czyli dobrowolne odej\u015bcie z redakcji oko\u0142o 1\/3 dziennikarzy, co nie by\u0142o po my\u015bli w\u0142adzy. Szkoda, \u017ce red. Semka wprowadzi\u0142 w b\u0142\u0105d czytelnik\u00f3w.<\/p>\n<p>Co do zakazu wykonywania zawodu, to w mediach publicznych IV RP nawi\u0105zano do niechlubnych tradycji PRL. Mianowani przez w\u0142adze IV RP szefowie Polskiego Radia i TVP nawet nie ukrywali, \u017ce ich zadaniem jest czystka a\u017c do stra\u017cnik\u00f3w w\u0142\u0105cznie (jak m\u00f3wi\u0142 jeden z prezes\u00f3w), kt\u00f3r\u0105 wykonali. Odbywa si\u0119 to przy poparciu beneficjent\u00f3w nowych porz\u0105dk\u00f3w, kt\u00f3rzy ch\u0119tnie zajmuj\u0105 miejsca os\u00f3b wyrugowanych przed mikrofonami i kamerami.<\/p>\n","protected":false},"excerpt":{"rendered":"<p>Kilka informacji od Sasa do lasa sk\u0142ania do pewnej refleksji. \u00a0 Informacja I. Osiem milion\u00f3w Polak\u00f3w nie zg\u0142osi\u0142o si\u0119 do wymiany dowod\u00f3w osobistych, mimo \u017ce akcja ta trwa ju\u017c od kilku lat i ma du\u017ce publicity. 20 proc. rodak\u00f3w bagatelizuje wszelkie apele, a znany dziennikarz wyznaje w gazecie, \u017ce on po prostu nie lubi chodzi\u0107 [&hellip;]<\/p>\n","protected":false},"author":4,"featured_media":0,"comment_status":"open","ping_status":"open","sticky":false,"template":"","format":"standard","meta":{"footnotes":""},"categories":[1],"tags":[],"_links":{"self":[{"href":"https:\/\/blog.polityka.pl\/passent\/wp-json\/wp\/v2\/posts\/330"}],"collection":[{"href":"https:\/\/blog.polityka.pl\/passent\/wp-json\/wp\/v2\/posts"}],"about":[{"href":"https:\/\/blog.polityka.pl\/passent\/wp-json\/wp\/v2\/types\/post"}],"author":[{"embeddable":true,"href":"https:\/\/blog.polityka.pl\/passent\/wp-json\/wp\/v2\/users\/4"}],"replies":[{"embeddable":true,"href":"https:\/\/blog.polityka.pl\/passent\/wp-json\/wp\/v2\/comments?post=330"}],"version-history":[{"count":0,"href":"https:\/\/blog.polityka.pl\/passent\/wp-json\/wp\/v2\/posts\/330\/revisions"}],"wp:attachment":[{"href":"https:\/\/blog.polityka.pl\/passent\/wp-json\/wp\/v2\/media?parent=330"}],"wp:term":[{"taxonomy":"category","embeddable":true,"href":"https:\/\/blog.polityka.pl\/passent\/wp-json\/wp\/v2\/categories?post=330"},{"taxonomy":"post_tag","embeddable":true,"href":"https:\/\/blog.polityka.pl\/passent\/wp-json\/wp\/v2\/tags?post=330"}],"curies":[{"name":"wp","href":"https:\/\/api.w.org\/{rel}","templated":true}]}}