
{"id":3302,"date":"2016-03-07T20:25:33","date_gmt":"2016-03-07T19:25:33","guid":{"rendered":"http:\/\/passent.blog.polityka.pl\/?p=3302"},"modified":"2016-03-14T12:12:43","modified_gmt":"2016-03-14T11:12:43","slug":"sposob-na-dobre-imie","status":"publish","type":"post","link":"https:\/\/blog.polityka.pl\/passent\/2016\/03\/07\/sposob-na-dobre-imie\/","title":{"rendered":"Spos\u00f3b na dobre imi\u0119"},"content":{"rendered":"<p>Obecna w\u0142adza jest wyczulona na punkcie dobrego imienia naszego kraju &#8211; czasami s\u0142usznie, czasami do przesady, planuj\u0105c np. reorientacj\u0119 Instytut\u00f3w Polskich w \u015bwiecie na Poloni\u0119.<br \/>\n<!--more--><br \/>\nInstytuty, \u017ceby mie\u0107 wp\u0142yw na wizerunek Polski, powinny przede wszystkim trafia\u0107 do k\u00f3\u0142 opiniotw\u00f3rczych w danym kraju, a nie s\u0142u\u017cy\u0107 jako \u015bwietlice i plac\u00f3wki kulturalno-o\u015bwiatowe dla rodak\u00f3w. Najbardziej ambitna cz\u0119\u015b\u0107 Polonii i tak przyjdzie na ciekaw\u0105 wystaw\u0119 lub koncert, mniej ambitna powinna mie\u0107 ofert\u0119 z r\u00f3\u017cnych innych \u017ar\u00f3de\u0142 \u2013 konsulaty, NGO, ko\u015bcio\u0142y, szko\u0142y itd.<\/p>\n<p>Najlepsz\u0105 form\u0105 promocji Polski za granic\u0105 s\u0105 stypendia, stypendia i jeszcze raz stypendia, zw\u0142aszcza dla os\u00f3b opiniotw\u00f3rczych i z przysz\u0142o\u015bci\u0105: dla zagranicznych student\u00f3w, polityk\u00f3w, spo\u0142ecznik\u00f3w, dzia\u0142aczy NGO, dziennikarzy, artyst\u00f3w, i to m\u0142odych, przed czterdziestk\u0105. Za jeden propagandowy superfilm nakr\u0119cony w Hollywood (wg Agnieszki Holland koszt 50-100 mln dolar\u00f3w) mo\u017cna by zapozna\u0107 z naszym krajem tysi\u0105ce ludzi, kt\u00f3rzy do ko\u0144ca \u017cycia b\u0119d\u0105 ambasadorami Polski.<\/p>\n<p>Jako ambasador w Chile wielokrotnie spotyka\u0142em Chilijczyk\u00f3w, kt\u00f3rzy studiowali w naszym kraju \u2013 zawsze byli pe\u0142ni wdzi\u0119czno\u015bci, przychodzili na polskie imprezy, wprowadzali polsk\u0105 muzyk\u0119 do swojego repertuaru (najcz\u0119\u015bciej po studiach w Akademii Muzycznej w Bydgoszczy).<\/p>\n<p>\u201eStypendia, stypendia\u201d \u2013 powtarza\u0142em swoim \u00f3wczesnym prze\u0142o\u017conym, w\u0142\u0105cznie z prezydentem RP, ale odpowied\u017a by\u0142a jedna: skupiamy si\u0119 na naszych rodakach w Kazachstanie.<\/p>\n<p>Zdecydowanie popieram red. Adama Leszczy\u0144skiego, kt\u00f3ry w artykule \u201ePrzepis na dobre imi\u0119\u201d (POLITYKA nr 10\/2016) omawia dzia\u0142alno\u015b\u0107 stypendialn\u0105 USA. Sam by\u0142 stypendyst\u0105 German Marshall Fund. \u201eAmerykanie zapraszaj\u0105 przede wszystkim tzw. przysz\u0142ych lider\u00f3w opinii&#8221; \u2013 pisze. W jego grupie by\u0142 np. architekt z Holandii, sekretarz prezydenta Havla, du\u0144ska redaktorka, jeden z szef\u00f3w portugalskiego radia publicznego, przysz\u0142y premier jednego z pa\u0144stw ba\u0142ka\u0144skich. Przez pi\u0119\u0107 tygodni wo\u017cono ich po ca\u0142ych Stanach Zjednoczonych, umawiano im rozmaite spotkania, nie skrywaj\u0105c niczego, tak\u017ce obszar\u00f3w n\u0119dzy.<\/p>\n<p>Ja te\u017c bra\u0142em udzia\u0142 w podobnym do\u015bwiadczeniu w latach 60. Niewielka fundacja im. Parvina (producent mebli, absolwent uniwersytetu w Princeton), zaprasza\u0142a na jeden rok akademicki dziesi\u0119cioro przysz\u0142ych \u201elider\u00f3w opinii publicznej\u201d, wybranych w r\u00f3\u017cnych krajach przez absolwent\u00f3w tego uniwersytetu w r\u00f3\u017cnych krajach.<\/p>\n<p>Razem ze mn\u0105 byli m.in. obiecuj\u0105cy poeta nigeryjski J.P. Clark, m\u0142ody dyplomata jugos\u0142owia\u0144ski i szef policji w Somalii. W czasie roku akademickiego mieli\u015bmy obowi\u0105zek ucz\u0119szcza\u0107 na trzy dowolnie wybrane zaj\u0119cia oraz cotygodniowe seminarium o USA, w znanej Woodrow Wilson School of International Affairs. Urz\u0105dzono mam kilkudniowy pobyt w Waszyngtonie, spotkanie z s\u0119dzi\u0105 S\u0105du Najwy\u017cszego W. Douglasem, politykami, dziennikarzami, a tak\u017ce podro\u017c po kraju (i do s\u0105siedniej Kanady). Mieszkali\u015bmy w domu akademickim, razem z doktorantami ameryka\u0144skimi.<\/p>\n<p>German Marshall Fund i ma\u0142a Parvin Foundation dzia\u0142aj\u0105 w podobny spos\u00f3b. Podr\u00f3\u017ce i stypendia \u2013 od Departamentu Stanu, poprzez Fundacj\u0119 Fullbrighta, Forda i inne, a\u017c po ma\u0142e inicjatywy \u2013 to wielka bro\u0144 Ameryki. Oczywi\u015bcie, Stany s\u0105 bogate, Polski na taki rozmach nie sta\u0107, ale wedle stawu grobla. Je\u017celi maj\u0105 si\u0119 znale\u017a\u0107 miliony na filmow\u0105 superprodukcj\u0119, to ja proponuj\u0119 pokaza\u0107 to, co mamy najlepszego \u2013 nasz kraj.<\/p>\n<p><strong>ZAPROSZENIE<\/strong><br \/>\nNajpierw opona, teraz zderzenie z Wenecj\u0105? O najnowszych wydarzeniach dyskutuj\u0105: prof. Krystyna Skar\u017cy\u0144ska, S\u0142awomir Sierakowski (\u201eKrytyka Polityczna&#8221; bez subwencji MKiDN) oraz Grzegorz Rzeczkowski \u2013 szef internetu tygodnika POLITYKA. Radio TOK FM, wtorek, 8 marca 2016, g. 20.05. Zapraszam!<\/p>\n","protected":false},"excerpt":{"rendered":"<p>Obecna w\u0142adza jest wyczulona na punkcie dobrego imienia naszego kraju &#8211; czasami s\u0142usznie, czasami do przesady, planuj\u0105c np. reorientacj\u0119 Instytut\u00f3w Polskich w \u015bwiecie na Poloni\u0119.<\/p>\n","protected":false},"author":4,"featured_media":0,"comment_status":"open","ping_status":"closed","sticky":false,"template":"","format":"standard","meta":{"footnotes":""},"categories":[1],"tags":[],"_links":{"self":[{"href":"https:\/\/blog.polityka.pl\/passent\/wp-json\/wp\/v2\/posts\/3302"}],"collection":[{"href":"https:\/\/blog.polityka.pl\/passent\/wp-json\/wp\/v2\/posts"}],"about":[{"href":"https:\/\/blog.polityka.pl\/passent\/wp-json\/wp\/v2\/types\/post"}],"author":[{"embeddable":true,"href":"https:\/\/blog.polityka.pl\/passent\/wp-json\/wp\/v2\/users\/4"}],"replies":[{"embeddable":true,"href":"https:\/\/blog.polityka.pl\/passent\/wp-json\/wp\/v2\/comments?post=3302"}],"version-history":[{"count":4,"href":"https:\/\/blog.polityka.pl\/passent\/wp-json\/wp\/v2\/posts\/3302\/revisions"}],"predecessor-version":[{"id":3307,"href":"https:\/\/blog.polityka.pl\/passent\/wp-json\/wp\/v2\/posts\/3302\/revisions\/3307"}],"wp:attachment":[{"href":"https:\/\/blog.polityka.pl\/passent\/wp-json\/wp\/v2\/media?parent=3302"}],"wp:term":[{"taxonomy":"category","embeddable":true,"href":"https:\/\/blog.polityka.pl\/passent\/wp-json\/wp\/v2\/categories?post=3302"},{"taxonomy":"post_tag","embeddable":true,"href":"https:\/\/blog.polityka.pl\/passent\/wp-json\/wp\/v2\/tags?post=3302"}],"curies":[{"name":"wp","href":"https:\/\/api.w.org\/{rel}","templated":true}]}}