
{"id":3308,"date":"2016-03-15T11:42:42","date_gmt":"2016-03-15T10:42:42","guid":{"rendered":"http:\/\/passent.blog.polityka.pl\/?p=3308"},"modified":"2016-03-15T11:52:34","modified_gmt":"2016-03-15T10:52:34","slug":"nerwy-jak-postronki","status":"publish","type":"post","link":"https:\/\/blog.polityka.pl\/passent\/2016\/03\/15\/nerwy-jak-postronki\/","title":{"rendered":"Nerwy jak postronki"},"content":{"rendered":"<p>Trzeba mie\u0107 mocne nerwy, poniewa\u017c trwa nieustaj\u0105ca pr\u00f3ba si\u0142. Wszechw\u0142adny dzi\u015b duet Kaczy\u0144ski \u2013 Duda, cho\u0107 posiada prawie \u017ce pe\u0142ni\u0119 w\u0142adzy, zamiast si\u0119 ni\u0105 rozkoszowa\u0107, uspakaja\u0107, \u017ce gospodarka si\u0119 rozwija i wprowadza\u0107 reformy (byle nie w stylu s\u0142u\u017cby cywilnej czy prokuratury) &#8211; post\u0119puje wr\u0119cz odwrotnie, d\u0105\u017cy do dalszego zaostrzenia sytuacji.<br \/>\n<!--more--><br \/>\nRole si\u0119 odwr\u00f3ci\u0142y &#8211; nie rozrabia (s\u0142aba sk\u0105din\u0105d) opozycja, tylko silna w\u0142adza. Przekonuj\u0105co wygra\u0142a wybory i nadal cieszy si\u0119 wysokim poparciem w sonda\u017cach, czemu da jeszcze wyraz w \u201emarszu miliona\u201d 10 kwietnia. Brudzi\u0144ski i Kaczy\u0144ski zn\u00f3w b\u0119d\u0105 skandowa\u0107 \u201ekomuni\u015bci i z\u0142odzieje \u2013 ca\u0142a Polska z was si\u0119 \u015bmieje!\u201d czy co\u015b w tym stylu. Do tego czasu prezes i prezydent b\u0119d\u0105 dolewali oliwy do ognia, m\u00f3wi\u0105c, \u017ce nie pozwolimy, nie zostaniemy koloni\u0105, prezydent si\u0119 nie boi, Targowica, Moskwa, Bruksela \u2013 nikt nie b\u0119dzie nam dyktowa\u0142, co mamy (tzn. w\u0142adza) robi\u0107. Sami przeciwko ca\u0142emu \u015bwiatu, ale zwyci\u0119\u017cymy.<\/p>\n<p>Jednym ze \u017ar\u00f3de\u0142 wysokiego poparcia dla PiS jest brak widocznej alternatywy. Platforma w szoku, Nowoczesna ma ograniczone mo\u017cliwo\u015bci, lewicy nie wida\u0107, PSL skurczone \u2013 w oczach znacznej cz\u0119\u015bci spo\u0142ecze\u0144stwa jest PiS albo znak zapytania, chaos, wielka niewiadoma. Dla zwyk\u0142ego wyborcy PiS = bezpiecze\u0144stwo plus 500 z\u0142otych.<\/p>\n<p>Do czego to wszystko prowadzi? Na wi\u0119ksze zmiany si\u0119 nie zanosi. Rosja musi by\u0107 zachwycona. Oskar\u017cenia ze strony polskiego ministra Obrony to mi\u00f3d na serce Putina: \u201ePatrzcie, jacy ci Polacy s\u0105 nieodpowiedzialni, ale my nie damy si\u0119 sprowokowa\u0107, jeste\u015bmy odpowiedzialnym mocarstwem\u201d. Szczyt NATO w Warszawie, moim zdaniem, si\u0119 odb\u0119dzie. Jego przeniesienie np. na \u0141otw\u0119 by\u0142oby pora\u017ck\u0105 uk\u0142adu, aktem politycznym przesadnej wagi, a poza tym praktycznie jest to ju\u017c chyba niemo\u017cliwe, \u017caden kraj nie zorganizuje szczytu z dnia na dzie\u0144.<\/p>\n<p>S\u0105dz\u0119 te\u017c, \u017ce zostanie nam zaoszcz\u0119dzony afront wobec Polski, je\u015bli ju\u017c, to mieszanina kurtuazji i ch\u0142odu. To by nie by\u0142o najgorsze. Gorzej, \u017ce ambitne plany wi\u0119kszej obecno\u015bci militarnej uk\u0142adu, w tym USA, na wschodniej flance, nie b\u0119d\u0105 na miar\u0119 naszych oczekiwa\u0144 i zapowiedzi. Im bardziej Polska b\u0119dzie si\u0119 od Zachodu oddala\u0107, tym bardziej Zach\u00f3d b\u0119dzie wstrzemi\u0119\u017aliwy. <\/p>\n<p>Za niebezpieczne uwa\u017ca\u0142bym w tej chwili rozmaite prowokacje w kraju. Nie mam na my\u015bli agent\u00f3w w\u0142adzy czy opozycji, kt\u00f3rzy realizuj\u0105 jaki\u015b niecny plan \u00e0 la Watergate, tylko nieplanowane starcie na ulicy, kt\u00f3re mo\u017ce doprowadzi\u0107 do ofiar. Kiedy polityka przenosi si\u0119 na ulice, z udzia\u0142em setek tysi\u0119cy ludzi, trudno przewidzie\u0107 przebieg wypadk\u00f3w, a dzisiejsza ofiara \u2013 jutro mo\u017ce sta\u0107 si\u0119 bohaterem, w obronie kt\u00f3rego wyjd\u0105 na ulice kolejne tysi\u0105ce. Padaj\u0105 ju\u017c bardzo ostre s\u0142owa. Zamiast nich wol\u0119 ciche, ale wymowne buczenie \u2013 oczywi\u015bcie nie na cmentarzu i nie wobec prezydenta, kt\u00f3ry jest g\u0142ow\u0105 pa\u0144stwa. Poza tym \u2013 r\u00f3bta, co chceta, byle w granicach prawa i kultury.<\/p>\n<p><strong>Zaproszenie<\/strong><br \/>\nDobra czy z\u0142a zmiana? Senator Aleksander Pociej, dr Renata Mie\u0144kowska\u2013Norkiene, politolo\u017cka z UW i red. Piotr Semka \u2013 tygodnik \u201eDo Rzeczy\u201d \u2013 b\u0119d\u0105 naszymi go\u015b\u0107mi w Radiu TOK FM, wtorek, 15 marca, godzina 20.05. Zapraszam!<\/p>\n","protected":false},"excerpt":{"rendered":"<p>Trzeba mie\u0107 mocne nerwy, poniewa\u017c trwa nieustaj\u0105ca pr\u00f3ba si\u0142. Wszechw\u0142adny dzi\u015b duet Kaczy\u0144ski \u2013 Duda, cho\u0107 posiada prawie \u017ce pe\u0142ni\u0119 w\u0142adzy, zamiast si\u0119 ni\u0105 rozkoszowa\u0107, uspakaja\u0107, \u017ce gospodarka si\u0119 rozwija i wprowadza\u0107 reformy (byle nie w stylu s\u0142u\u017cby cywilnej czy prokuratury) &#8211; post\u0119puje wr\u0119cz odwrotnie, d\u0105\u017cy do dalszego zaostrzenia sytuacji.<\/p>\n","protected":false},"author":4,"featured_media":0,"comment_status":"open","ping_status":"closed","sticky":false,"template":"","format":"standard","meta":{"footnotes":""},"categories":[1],"tags":[],"_links":{"self":[{"href":"https:\/\/blog.polityka.pl\/passent\/wp-json\/wp\/v2\/posts\/3308"}],"collection":[{"href":"https:\/\/blog.polityka.pl\/passent\/wp-json\/wp\/v2\/posts"}],"about":[{"href":"https:\/\/blog.polityka.pl\/passent\/wp-json\/wp\/v2\/types\/post"}],"author":[{"embeddable":true,"href":"https:\/\/blog.polityka.pl\/passent\/wp-json\/wp\/v2\/users\/4"}],"replies":[{"embeddable":true,"href":"https:\/\/blog.polityka.pl\/passent\/wp-json\/wp\/v2\/comments?post=3308"}],"version-history":[{"count":4,"href":"https:\/\/blog.polityka.pl\/passent\/wp-json\/wp\/v2\/posts\/3308\/revisions"}],"predecessor-version":[{"id":3312,"href":"https:\/\/blog.polityka.pl\/passent\/wp-json\/wp\/v2\/posts\/3308\/revisions\/3312"}],"wp:attachment":[{"href":"https:\/\/blog.polityka.pl\/passent\/wp-json\/wp\/v2\/media?parent=3308"}],"wp:term":[{"taxonomy":"category","embeddable":true,"href":"https:\/\/blog.polityka.pl\/passent\/wp-json\/wp\/v2\/categories?post=3308"},{"taxonomy":"post_tag","embeddable":true,"href":"https:\/\/blog.polityka.pl\/passent\/wp-json\/wp\/v2\/tags?post=3308"}],"curies":[{"name":"wp","href":"https:\/\/api.w.org\/{rel}","templated":true}]}}