
{"id":3315,"date":"2016-03-17T23:22:09","date_gmt":"2016-03-17T22:22:09","guid":{"rendered":"http:\/\/passent.blog.polityka.pl\/?p=3315"},"modified":"2016-03-18T00:24:07","modified_gmt":"2016-03-17T23:24:07","slug":"ten-jest-z-ojczyzny-mojej","status":"publish","type":"post","link":"https:\/\/blog.polityka.pl\/passent\/2016\/03\/17\/ten-jest-z-ojczyzny-mojej\/","title":{"rendered":"Ten jest z Ojczyzny mojej\u2026"},"content":{"rendered":"<p>Dobrze si\u0119 sta\u0142o, \u017ce w Markowej ko\u0142o \u0141a\u0144cuta otwarto dzisiaj Muzeum Polak\u00f3w Ratuj\u0105cych \u017byd\u00f3w im. Rodziny Ulm\u00f3w, zainicjowane w 2008 roku. Wyj\u0105tkowe bohaterstwo zas\u0142uguje na wieczne upami\u0119tnienie.<br \/>\n<!--more--><br \/>\nPrezydent Andrzej Duda wyg\u0142osi\u0142 dobre przem\u00f3wienie. Powiedzia\u0142 m.in., \u017ce nie ma r\u00f3\u017cnicy pomi\u0119dzy tymi, kt\u00f3rzy walczyli z broni\u0105 w r\u0119ku, i tymi, kt\u00f3rzy ukrywali \u017byd\u00f3w. \u201eJedni i drudzy oddali \u017cycie za drugiego cz\u0142owieka, za wolno\u015b\u0107, bo wolno\u015b\u0107 to godno\u015b\u0107, a to, \u017ce ukrywali swoich s\u0105siad\u00f3w, znajomych czy nawet obcych ludzi, by\u0142o \u015bwiadectwem sprzeciwu wobec okrucie\u0144stwa, pogardy, nienawi\u015bci, czyli tego wszystkiego, co przynie\u015bli na nasz\u0105 ziemi\u0119 niemieccy nazi\u015bci. Antysemityzmu, z kt\u00f3rymi ci ludzie nie chcieli si\u0119 pogodzi\u0107 i nie godzili si\u0119, jak wida\u0107 w tym miejscu, do ko\u0144ca swojego \u017cycia\u201d. <\/p>\n<p>Prezydent podkre\u015bli\u0142, \u017ce obecnie ka\u017cdy, kto g\u0142osi i sieje nienawi\u015b\u0107 mi\u0119dzy narodami, ka\u017cdy, kto sieje i podsyca antysemityzm, depcze po grobie rodziny Ulm\u00f3w. Prezydent zaapelowa\u0142, \u017ceby tragedia II wojny \u015bwiatowej by\u0142a lekcj\u0105, z kt\u00f3rej wnioski przeka\u017cemy nast\u0119pnym pokoleniom. \u201eMusimy im przekaza\u0107 prawd\u0119 o Holokau\u015bcie, o tym, co si\u0119 dzia\u0142o, prawd\u0119 o bohaterstwie i czasem smutn\u0105 prawd\u0119 o dra\u0144stwie&#8221; \u2013 powiedzia\u0142 Andrzej Duda.<\/p>\n<p>To nie s\u0105 proste sprawy. Tak si\u0119 sk\u0142ada, \u017ce moja rodzina do\u015bwiadczy\u0142a zar\u00f3wno bohaterstwa tych wszystkich, dzi\u0119ki kt\u00f3rym zosta\u0142em ocalony (i kt\u00f3rzy maj\u0105 teraz muzeum, a tak\u017ce drzewko w Jerozolimie oraz tytu\u0142 Sprawiedliwy w\u015br\u00f3d narod\u00f3w \u015bwiata), jak i nikczemno\u015bci tego, kto zdradzi\u0142 moich rodzic\u00f3w.<\/p>\n","protected":false},"excerpt":{"rendered":"<p>Dobrze si\u0119 sta\u0142o, \u017ce w Markowej ko\u0142o \u0141a\u0144cuta otwarto dzisiaj Muzeum Polak\u00f3w Ratuj\u0105cych \u017byd\u00f3w im. Rodziny Ulm\u00f3w, zainicjowane w 2008 roku. Wyj\u0105tkowe bohaterstwo zas\u0142uguje na wieczne upami\u0119tnienie.<\/p>\n","protected":false},"author":4,"featured_media":0,"comment_status":"open","ping_status":"closed","sticky":false,"template":"","format":"standard","meta":{"footnotes":""},"categories":[1],"tags":[],"_links":{"self":[{"href":"https:\/\/blog.polityka.pl\/passent\/wp-json\/wp\/v2\/posts\/3315"}],"collection":[{"href":"https:\/\/blog.polityka.pl\/passent\/wp-json\/wp\/v2\/posts"}],"about":[{"href":"https:\/\/blog.polityka.pl\/passent\/wp-json\/wp\/v2\/types\/post"}],"author":[{"embeddable":true,"href":"https:\/\/blog.polityka.pl\/passent\/wp-json\/wp\/v2\/users\/4"}],"replies":[{"embeddable":true,"href":"https:\/\/blog.polityka.pl\/passent\/wp-json\/wp\/v2\/comments?post=3315"}],"version-history":[{"count":4,"href":"https:\/\/blog.polityka.pl\/passent\/wp-json\/wp\/v2\/posts\/3315\/revisions"}],"predecessor-version":[{"id":3319,"href":"https:\/\/blog.polityka.pl\/passent\/wp-json\/wp\/v2\/posts\/3315\/revisions\/3319"}],"wp:attachment":[{"href":"https:\/\/blog.polityka.pl\/passent\/wp-json\/wp\/v2\/media?parent=3315"}],"wp:term":[{"taxonomy":"category","embeddable":true,"href":"https:\/\/blog.polityka.pl\/passent\/wp-json\/wp\/v2\/categories?post=3315"},{"taxonomy":"post_tag","embeddable":true,"href":"https:\/\/blog.polityka.pl\/passent\/wp-json\/wp\/v2\/tags?post=3315"}],"curies":[{"name":"wp","href":"https:\/\/api.w.org\/{rel}","templated":true}]}}