
{"id":3320,"date":"2016-03-20T12:05:47","date_gmt":"2016-03-20T11:05:47","guid":{"rendered":"http:\/\/passent.blog.polityka.pl\/?p=3320"},"modified":"2016-03-20T13:00:08","modified_gmt":"2016-03-20T12:00:08","slug":"dekalog-prezesa","status":"publish","type":"post","link":"https:\/\/blog.polityka.pl\/passent\/2016\/03\/20\/dekalog-prezesa\/","title":{"rendered":"Dekalog prezesa"},"content":{"rendered":"<p>W \u201eRzeczpospolitej\u201d (18 III) ukaza\u0142 si\u0119 ciekawy wywiad z prezesem Kaczy\u0144skim, \u015bwietnie przeprowadzony przez Andrzeja Stankiewicza i Micha\u0142a Szu\u0142drzy\u0144skiego  (wyrazy uznania!). Oto dziesi\u0119\u0107 przykaza\u0144 na ten tydzie\u0144, wraz z moim komentarzem.<br \/>\n<!--more--><br \/>\n1. Gdyby kto inny by\u0142 szefem Trybuna\u0142u Konstytucyjnego, to tego konfliktu by nie by\u0142o. (Gdyby kto inny by\u0142 prezesem PiS, to tego konfliktu by nie by\u0142o \u2013 Pass.). Prof. Rzepli\u0144ski bardzo szkodzi polskiemu \u017cyciu publicznemu \u2013 nie dopuszcza s\u0119dzi\u00f3w do orzekania, przeprowadza polityczne ataki, by\u0107 mo\u017ce to on sta\u0142 za \u201ezamachem czerwcowym\u201d. \u201eWierzy PONO\u0106, \u017ce b\u0119dzie prezydentem\u201d. (Mamy tu dwie insynuacje: \u017ce Rzepli\u0144ski sta\u0142 za \u201ezamachem\u201d i gra na prezydentur\u0119. Poza tym to prezes PiS, a nie prezes TK, bardziej szkodzi \u017cyciu publicznemu.<\/p>\n<p>2. S\u0119dziowie TK przy wysokiej pensji maj\u0105 inne zaj\u0119cia. Powinni mie\u0107 jedn\u0105 prac\u0119. Nic by si\u0119 nie sta\u0142o, gdyby pobierali zwyk\u0142e emerytury. M\u00f3j komentarz: To atak nie fair, ma\u0142ostkowy, dobiera\u0107 si\u0119 do dochod\u00f3w podczas sporu merytorycznego. Wielu s\u0119dzi\u00f3w TK jest profesorami i trudno im tego odm\u00f3wi\u0107. W sytuacji, kiedy eksperci podkomisji Macierewicza dostaj\u0105 ponad 10 tys. z\u0142 miesi\u0119cznie, lepiej cicho siedzie\u0107.<\/p>\n<p>3. \u201eQuasi-okupacyjny system doboru kadr jest (\u2026) w du\u017cej mierze kontynuowany\u201d. Komentarz: To prawda, wystarczy przyjrze\u0107 si\u0119 bliskim pos\u0142a Sasina lub czystce w mediach publicznych i nalotowi \u201eniepokornych\u201d na TVP i Polskie Radio.<\/p>\n<p>4. Ludzie o \u201enegatywnych cechach spo\u0142ecznych\u201d w poprzednim systemie awansowali. Nie zostali zdegradowani, zmienili w\u0142adz\u0119 na w\u0142asno\u015b\u0107. Ludzie b\u0119d\u0105cy dzisiaj na szczytach ZDAJE SI\u0118 (podkr. Pass.) w 80 proc. byli wsp\u00f3\u0142pracownikami SB, czyli mieli wyj\u0105tkowo z\u0142e cechy. Ch\u0119tnie w to uwierz\u0119, gdy zobacz\u0119 dokumenty \u2013 od Mateusza Morawieckiego w d\u00f3\u0142. Na razie to tylko insynuacja, szczucie przeciwko ludziom zamo\u017cnym, od kt\u00f3rych oczekuje si\u0119 inwestycji w polski kapitalizm. Kto ma w Polsce inwestowa\u0107, je\u017celi obcy kapita\u0142 na nas czyha, a krajowy donosi?<\/p>\n<p>5. Polska mog\u0142aby by\u0107 krajem zamo\u017cniejszym i lepiej zorganizowanym, gdyby by\u0142y dekomunizacja, lustracja, zniesienie przywilej\u00f3w i ukaranie winnych zbrodni w poprzednim systemie. Komentarz: Polska pozosta\u0142a jednak pa\u0144stwem prawa, a zwolennicy \u0142agodnej transformacji przewa\u017cali nad radyka\u0142ami. Trudno przewidzie\u0107, co by by\u0142o, gdyby\u2026 Jakby potoczy\u0142y si\u0119 losy pan\u00f3w Czaba\u0144skiego, Piotrowskiego, Jasi\u0144skiego, Wolskiego i innych, i co by Polska z tego mia\u0142a.<\/p>\n<p>6. Prezes uwa\u017ca, \u017ce wi\u0119cej w\u0142adz powinno mie\u0107 spo\u0142ecze\u0144stwo, a nie prawnicy. To g\u0142o\u015bna od kilkudziesi\u0119ciu lat szko\u0142a, wedle kt\u00f3rej \u201elud stoi ponad prawem\u201d (vide Kornel Morawiecki). Dla mnie jest to prosta droga do autorytaryzmu i dyktatury wi\u0119kszo\u015bci. Niejeden wybrany demokratycznie sko\u0144czy\u0142 jako despota.<\/p>\n<p>7. Publikacja orzeczenia TK i zaprzysi\u0119\u017cenie s\u0119dzi\u00f3w to forma quasi-kontroli w\u0142adzy wykonawczej nad s\u0105downicz\u0105. Niestety, tak to prezes ujmuje, \u017ce w\u0142adza wykonawcza ma prawo decydowa\u0107, co jest, a co nie jest zgodne z prawem. To uzurpacja i koniec pa\u0144stwa prawa.<\/p>\n<p>8. By\u0107 mo\u017ce potrzebna b\u0119dzie specustawa, wymierzona przeciw ludziom, kt\u00f3rzy w imieniu instytucji publicznych dzia\u0142aj\u0105 niezgodnie z prawem (np. b\u0119d\u0105 stosowa\u0107 si\u0119 do orzecze\u0144 kilku pa\u0144 i pan\u00f3w, kt\u00f3rzy spotykaj\u0105 si\u0119 w siedzibie TK na kaw\u0119 i ciasteczka). To jest pogr\u00f3\u017cka, kt\u00f3r\u0105 nale\u017cy traktowa\u0107 powa\u017cnie.<\/p>\n<p>9. Zimna wojna polsko-polska to \u201ewielka zbrodnia Donalda Tuska\u201d. Nie czuj\u0119 si\u0119 historykiem, odsy\u0142am do nowej ksi\u0105\u017cki Roberta Krasowskiego \u201eCzas Kaczy\u0144skiego\u201d, ja uwa\u017cam, \u017ce winien jest nie tylko Tusk.<\/p>\n<p>10. \u201eDzi\u015b Polsk\u0105 rz\u0105dz\u0105 ludzie w wi\u0119kszo\u015bci wierz\u0105cy, praktykuj\u0105cy katolicy. To budzi niech\u0119\u0107 w pewnych wp\u0142ywowych kr\u0119gach na Zachodzie\u201d. Kto wie, kogo prezes Kaczy\u0144ski ma na my\u015bli i do jakich tradycji nawi\u0105zuje? Chodzi o mason\u00f3w? Cyklist\u00f3w? Wegetarian? To nowy akcent w j\u0119zyku prezesa, wi\u0119c mo\u017ce blogowicze wiedz\u0105, kogo Kaczy\u0144ski ma na my\u015bli?<\/p>\n","protected":false},"excerpt":{"rendered":"<p>W \u201eRzeczpospolitej\u201d (18 III) ukaza\u0142 si\u0119 ciekawy wywiad z prezesem Kaczy\u0144skim, \u015bwietnie przeprowadzony przez Andrzeja Stankiewicza i Micha\u0142a Szu\u0142drzy\u0144skiego (wyrazy uznania!). Oto dziesi\u0119\u0107 przykaza\u0144 na ten tydzie\u0144, wraz z moim komentarzem.<\/p>\n","protected":false},"author":4,"featured_media":0,"comment_status":"open","ping_status":"closed","sticky":false,"template":"","format":"standard","meta":{"footnotes":""},"categories":[1],"tags":[],"_links":{"self":[{"href":"https:\/\/blog.polityka.pl\/passent\/wp-json\/wp\/v2\/posts\/3320"}],"collection":[{"href":"https:\/\/blog.polityka.pl\/passent\/wp-json\/wp\/v2\/posts"}],"about":[{"href":"https:\/\/blog.polityka.pl\/passent\/wp-json\/wp\/v2\/types\/post"}],"author":[{"embeddable":true,"href":"https:\/\/blog.polityka.pl\/passent\/wp-json\/wp\/v2\/users\/4"}],"replies":[{"embeddable":true,"href":"https:\/\/blog.polityka.pl\/passent\/wp-json\/wp\/v2\/comments?post=3320"}],"version-history":[{"count":3,"href":"https:\/\/blog.polityka.pl\/passent\/wp-json\/wp\/v2\/posts\/3320\/revisions"}],"predecessor-version":[{"id":3323,"href":"https:\/\/blog.polityka.pl\/passent\/wp-json\/wp\/v2\/posts\/3320\/revisions\/3323"}],"wp:attachment":[{"href":"https:\/\/blog.polityka.pl\/passent\/wp-json\/wp\/v2\/media?parent=3320"}],"wp:term":[{"taxonomy":"category","embeddable":true,"href":"https:\/\/blog.polityka.pl\/passent\/wp-json\/wp\/v2\/categories?post=3320"},{"taxonomy":"post_tag","embeddable":true,"href":"https:\/\/blog.polityka.pl\/passent\/wp-json\/wp\/v2\/tags?post=3320"}],"curies":[{"name":"wp","href":"https:\/\/api.w.org\/{rel}","templated":true}]}}