
{"id":3335,"date":"2016-03-31T23:22:52","date_gmt":"2016-03-31T21:22:52","guid":{"rendered":"http:\/\/passent.blog.polityka.pl\/?p=3335"},"modified":"2016-04-01T00:39:24","modified_gmt":"2016-03-31T22:39:24","slug":"swiatelko-jakie-swiatelko","status":"publish","type":"post","link":"https:\/\/blog.polityka.pl\/passent\/2016\/03\/31\/swiatelko-jakie-swiatelko\/","title":{"rendered":"\u015awiate\u0142ko? Jakie \u015bwiate\u0142ko?"},"content":{"rendered":"<p>Chocia\u017c Jaros\u0142aw Kaczy\u0144ski jest niewysoki, to jednak przewy\u017csza swoich rywali o g\u0142ow\u0119.<br \/>\n<!--more--><br \/>\nOstatnio lider PiS, mimo zdecydowanie wygranych wybor\u00f3w parlamentarnych i prezydenckich, by\u0142 w niewygodnej sytuacji. Trybuna\u0142 Konstytucyjny okaza\u0142 si\u0119 trudny do dobicia, media zagraniczne nadal bocz\u0105 si\u0119 na Polsk\u0119, Andrzej Duda jecha\u0142 w trudn\u0105 podr\u00f3\u017c do Stan\u00f3w, gdzie nie czeka\u0142y na niego zachwyty i zaszczyty, kolejni politycy Unii i Rady Europy wybieraj\u0105 si\u0119 do Polski, krytyczna rezolucja Parlamentu Europejskiego wisi w powietrzu, zapowiadany na 10 kwietnia marsz miliona trzeba by\u0142o ograniczy\u0107 do 50 tysi\u0119cy, film o tragedii smole\u0144skiej rodzi si\u0119 w b\u00f3lach, nie ustaj\u0105 lamenty nad (rzekomym!) zagro\u017ceniem demokracji w Polsce.<\/p>\n<p>W tej sytuacji trzeba poprawi\u0107 wizerunek. Mo\u017ce porozmawia\u0107 z narodem, siedz\u0105c przy stole, na tle pianina? Nie, to ju\u017c by\u0142o. Potrzebny jest inny \u015bmia\u0142y krok. Prezes wydaje wi\u0119c polecenie marsza\u0142kowi Sejmu, \u017ceby ten zaprosi\u0142 przyw\u00f3dc\u00f3w partii politycznych celem nawi\u0105zania dialogu. Komuni\u015bci i z\u0142odzieje, targowiczanie, drugi sort, animalsi chc\u0105 dialogu? B\u0119d\u0105 mieli dialog. Liderzy wszystkich partii, lepszy i gorszy sort, na pierwsze skinienie prezesa stawili si\u0119 bez wyj\u0105tku. \u017baden nie wzi\u0105\u0142 przyk\u0142adu z prezesa Kaczy\u0144skiego i nie zbojkotowa\u0142 zaproszenia, mimo \u017ce Jaros\u0142aw Kaczy\u0144ski podobne zaproszenia jeszcze niedawno wyrzuca\u0142 do kosza.<\/p>\n<p>Na miejscu okaza\u0142o si\u0119, \u017ce prezes nikogo nie ugryz\u0142, co zrobi\u0142o na uczestnikach takie wra\u017cenie, \u017ce wszyscy jak jeden m\u0105\u017c uznali, \u017ce by\u0142o mi\u0142o. Prezes PiS mia\u0142 do zaoferowania bardzo ma\u0142o, tyle co nic \u2013 eksperci przestudiuj\u0105 zalecenia Komisji Weneckiej (tej geriatrycznej mieszaninie ludzi bez wi\u0119kszego znaczenia), a mo\u017ce to i owo wezm\u0105 sobie do serca (implementuj\u0105 \u2013 jak powiedzia\u0142 prezydent Duda w Waszyngtonie), zaprasza do wsp\u00f3\u0142pracy przy tworzeniu nowego projektu ustawy o Trybunale, ale wszystko to obietnice niejasne, og\u00f3lnikowe, a o publikacji wyroku TK lub zaprzysi\u0119\u017ceniu trzech s\u0119dzi\u00f3w \u2013 ani s\u0142owa.<\/p>\n<p>A panowie politycy na chwil\u0119 zapomnieli o tym, ile porozumie\u0144 i pakt\u00f3w stabilizacyjnych zawiera\u0142 prezes, jak z dnia na dzie\u0144 zmienia\u0142 sw\u00f3j wizerunek \u2013 od dobrotliwego wujaszka po uosobienie agresji i z\u0142o\u015bci.<\/p>\n<p>Ryszard Petru zobaczy\u0142 ju\u017c \u015bwiate\u0142ko w tunelu, a cierpki zazwyczaj W\u0142odzimierz Czarzasty (syndyk masy upad\u0142o\u015bci SLD) by\u0142 wr\u0119cz zadowolony ze spotkania. Trudno si\u0119 zreszt\u0105 dziwi\u0107, bo po raz pierwszy od d\u0142u\u017cszego czasu kto\u015b zaprosi\u0142 go do sto\u0142u. Jeden Grzegorz Schetyna nie da\u0142 si\u0119 nabra\u0107, ale on ma inne zmartwienia, bo Platforma zaczyna si\u0119 pru\u0107 na dobre (tj. na z\u0142e), i to w jego kolebce, na Dolnym \u015al\u0105sku.<\/p>\n<p>A tymczasem \u015bwiat\u0142a w tunelu raczej nie wida\u0107, tylko wr\u0119cz przeciwnie \u2013 galopuj\u0105ca ciemnota. Episkopat wypowiada pseudokompromis aborcyjny i domaga si\u0119 najbardziej restrykcyjnej ustawy w Europie, katecheza coraz bli\u017cej \u015bwiadectw maturalnych, drako\u0144skie ograniczenia w handlu ziemi\u0105 nie b\u0119d\u0105 dotyczy\u0142y \u201eko\u015bcio\u0142\u00f3w i zwi\u0105zk\u00f3w wyznaniowych\u201d, bo jak wiadomo, wszyscy s\u0105 r\u00f3wni wobec prawa, a najbardziej r\u00f3wny jest Ko\u015bci\u00f3\u0142, Prokuratura zmienia zdanie i wznawia \u015bledztwo w sprawie wyznaczania s\u0119dzi\u00f3w przez Andrzeja Rzepli\u0144skiego, s\u0105d zmienia zdanie i uchyla wyrok skazuj\u0105cy Mariusza Kami\u0144skiego i wsp\u00f3lnik\u00f3w, u\u0142askawionych ju\u017c przez prezydenta, orzeczenie TK jak nie by\u0142o, tak nie jest opublikowane, s\u0119dziowie niezaprzysi\u0119\u017ceni, a widmo dw\u00f3ch porz\u0105dk\u00f3w prawnych nadal nam zagra\u017ca.<\/p>\n<p>Prawo i Sprawiedliwo\u015b\u0107 utrzymuje wysokie prowadzenie w sonda\u017cach, opozycja jest niemrawa i niepozbierana. W Wiadomo\u015bciach TVP o 19.30 pe\u0142en pluralizm, dwie wypowiedzi: jedna dziennikarka z \u201eGazety Polskiej Codziennie\u201d i jeden dziennikarz \u201ewSieci\u201d. Gdzie tu jest miejsce na \u015bwiate\u0142ko?<\/p>\n","protected":false},"excerpt":{"rendered":"<p>Chocia\u017c Jaros\u0142aw Kaczy\u0144ski jest niewysoki, to jednak przewy\u017csza swoich rywali o g\u0142ow\u0119.<\/p>\n","protected":false},"author":4,"featured_media":0,"comment_status":"open","ping_status":"closed","sticky":false,"template":"","format":"standard","meta":{"footnotes":""},"categories":[1],"tags":[],"_links":{"self":[{"href":"https:\/\/blog.polityka.pl\/passent\/wp-json\/wp\/v2\/posts\/3335"}],"collection":[{"href":"https:\/\/blog.polityka.pl\/passent\/wp-json\/wp\/v2\/posts"}],"about":[{"href":"https:\/\/blog.polityka.pl\/passent\/wp-json\/wp\/v2\/types\/post"}],"author":[{"embeddable":true,"href":"https:\/\/blog.polityka.pl\/passent\/wp-json\/wp\/v2\/users\/4"}],"replies":[{"embeddable":true,"href":"https:\/\/blog.polityka.pl\/passent\/wp-json\/wp\/v2\/comments?post=3335"}],"version-history":[{"count":3,"href":"https:\/\/blog.polityka.pl\/passent\/wp-json\/wp\/v2\/posts\/3335\/revisions"}],"predecessor-version":[{"id":3338,"href":"https:\/\/blog.polityka.pl\/passent\/wp-json\/wp\/v2\/posts\/3335\/revisions\/3338"}],"wp:attachment":[{"href":"https:\/\/blog.polityka.pl\/passent\/wp-json\/wp\/v2\/media?parent=3335"}],"wp:term":[{"taxonomy":"category","embeddable":true,"href":"https:\/\/blog.polityka.pl\/passent\/wp-json\/wp\/v2\/categories?post=3335"},{"taxonomy":"post_tag","embeddable":true,"href":"https:\/\/blog.polityka.pl\/passent\/wp-json\/wp\/v2\/tags?post=3335"}],"curies":[{"name":"wp","href":"https:\/\/api.w.org\/{rel}","templated":true}]}}