
{"id":3339,"date":"2016-04-03T22:46:42","date_gmt":"2016-04-03T20:46:42","guid":{"rendered":"http:\/\/passent.blog.polityka.pl\/?p=3339"},"modified":"2016-04-03T23:02:19","modified_gmt":"2016-04-03T21:02:19","slug":"gesty-sie-licza","status":"publish","type":"post","link":"https:\/\/blog.polityka.pl\/passent\/2016\/04\/03\/gesty-sie-licza\/","title":{"rendered":"Gesty si\u0119 licz\u0105"},"content":{"rendered":"<p>Nareszcie jaki\u015b inny g\u0142os w sprawie naszego stosunku do uchod\u017ac\u00f3w. Warto zwr\u00f3ci\u0107 uwag\u0119 na artyku\u0142 Jerzego Haszczy\u0144skiego, \u201eNieczu\u0142y jak Polak\u201d (\u201eRz.&#8221;, 30 marca).<br \/>\n<!--more--><br \/>\n\u201eTotalny sprzeciw wobec przyjmowania uchod\u017ac\u00f3w na d\u0142ugo zaszkodzi wizerunkowi naszego kraju \u2013 ostrzega publicysta. \u2013 Polska nie wyci\u0105ga lekcji z trudnej walki z k\u0142amliwym okre\u015bleniem \u00bbpolskie obozy\u00ab\u201d.<\/p>\n<p>Nie jest intencj\u0105 publicysty por\u00f3wnywanie dzisiejszej sytuacji uchod\u017ac\u00f3w do sytuacji \u017byd\u00f3w w III Rzeszy, ale \u201estosunek do tragedii uchod\u017ac\u00f3w zaczyna odgrywa\u0107 podobn\u0105 rol\u0119 jak stosunek do tragedii \u017byd\u00f3w. Kszta\u0142tuje oceny moralne jednych narod\u00f3w wobec drugich\u201d. Zdaniem Haszczy\u0144skiego nasza obecna polityka imigracyjna przyczyni si\u0119 do negatywnego stereotypu Polak\u00f3w. \u201eNasze dzieci, wnuki i prawnuki, s\u0142ysz\u0105c zagraniczne opinie o polskim podej\u015bciu do uchod\u017ac\u00f3w w II dekadzie XXI wieku, b\u0119d\u0105 czu\u0142y to co my, gdy czytamy o kolejnym u\u017cyciu okre\u015blenia \u00bbpolskie obozy\u00ab \u2013 w\u015bciek\u0142o\u015b\u0107 i bezradno\u015b\u0107. Z tym \u017ce polskich oboz\u00f3w nie by\u0142o (\u2026) natomiast sprzeciw wobec przyjmowania jakichkolwiek uchod\u017ac\u00f3w jest prawdziwy\u201d.<\/p>\n<p>Zdaniem autora kiedy Zach\u00f3d nagle otworzy\u0142 si\u0119 na imigrant\u00f3w (cho\u0107 obecnie zn\u00f3w si\u0119 zamyka), ukszta\u0142towa\u0142 si\u0119 podzia\u0142 na dobrych i na z\u0142ych. \u201ePolska pod rz\u0105dami PiS jeszcze go utrwala. Wci\u0105\u017c jeste\u015bmy pierwsi na froncie antyimigracyjnym i ci\u0105gle g\u0142o\u015bno o tym informujemy\u201d.<\/p>\n<p>G\u0142o\u015bno m\u00f3wimy, \u017ce nikogo nie przyjmiemy. To posz\u0142o w \u015bwiat, trafi\u0142o do medi\u00f3w \u015bwiatowych, kt\u00f3re nie zauwa\u017cy\u0142y otwarcia Muzeum Polak\u00f3w Ratuj\u0105cych \u017byd\u00f3w im. Rodziny Ulm\u00f3w.<\/p>\n<p>Haszczy\u0144ski twierdzi, \u017ce \u201ew obnosz\u0105cym si\u0119 ze swoim katolicyzmem kraju\u201d takie stanowisko musi dziwi\u0107. Nale\u017ca\u0142o wykona\u0107 symboliczny gest wobec najbardziej potrzebuj\u0105cych uchod\u017ac\u00f3w. \u201eW\u0142a\u015bnie gest, bo z pomoc\u0105 wszystkim potrzebuj\u0105cym nie da sobie rady nawet Angela Merkel\u201d. Brak gestu, a w  dodatku g\u0142o\u015bne deklaracje na \u201enie\u201d, to b\u0142\u0119dy polityki rz\u0105du Szyd\u0142o. Zdaniem publicysty zmarnowana zosta\u0142a okazja wykazania gestu, a ponadto przyda\u0142oby si\u0119 wi\u0119cej finezji w deklaracjach, w takich sprawach \u201emilczenie jest z\u0142otem\u201d, politycy innych kraj\u00f3w zazwyczaj graj\u0105 rol\u0119 zatroskanych, klucz\u0105, s\u0105 nieprecyzyjni, wyra\u017caj\u0105 gotowo\u015b\u0107, podczas gdy z Polski p\u0142ynie jednoznaczne \u201enie\u201d. Zatroskanie niewiele kosztuje, ale jego brak b\u0119dzie kosztowny \u2013 ko\u0144czy Haszczy\u0144ski.<\/p>\n<p>Podzielam jego stanowisko. Natychmiastowy odruch, gest poszed\u0142by w \u015bwiat, jego spe\u0142nienie le\u017ca\u0142oby w granicach mo\u017cliwo\u015bci naszego kraju. Polski rz\u0105d kieruje si\u0119 w tej sprawie jedynie wzgl\u0119dami polityki wewn\u0119trznej, nie chcia\u0142 wykona\u0107 kroku wbrew polskiej opinii publicznej (ponad 70 proc. przeciw  przyj\u0119ciu uchod\u017ac\u00f3w). A przecie\u017c czasami trzeba i\u015b\u0107 pod pr\u0105d. Krok taki mia\u0142by wp\u0142yw na opini\u0119 o naszym kraju. Ale skoro milczy nawet Ko\u015bci\u00f3\u0142, zaj\u0119ty dobijaniem praw kobiet, nie dziwmy si\u0119, \u017ce stereotypy s\u0105 \u017cywotne i trudne do zwalczenia.<\/p>\n<p>Oczywi\u015bcie, natychmiast rozlegn\u0105 si\u0119 (i ju\u017c si\u0119 rozleg\u0142y\u2026)  g\u0142osy, \u017ce je\u017celi kto\u015b jest za uchod\u017acami, to niech ich przyjmie do siebie, do domu, ale wiadomo, \u017ce gest &#8211; cho\u0107by tysi\u0105c uchod\u017ac\u00f3w &#8211; nie oznacza\u0142by, \u017ce polskie pa\u0144stwo nie potrafi\u0142oby sobie z tym poradzi\u0107. W por\u00f3wnaniu z akcj\u0105 500+ by\u0142aby to kropla w morzu.<\/p>\n<p>Gesty w polityce si\u0119 licz\u0105. Po ustanowieniu dyktatury Pinocheta w Chile W\u0142ochy wys\u0142a\u0142y tam samolot, by ewakuowa\u0107 swoich obywateli oraz uchod\u017ac\u00f3w chilijskich, kt\u00f3rzy schronili si\u0119 na terenie ambasady w\u0142oskiej. Na pok\u0142adzie tego samolotu znajdowa\u0142 si\u0119 \u00f3wczesny minister spraw zagranicznych W\u0142och. To by\u0142 w\u0142a\u015bnie gest. W\u015br\u00f3d ewakuowanych uchod\u017ac\u00f3w by\u0142a studentka prawa, Clara Szczaranski, kt\u00f3ra po latach zosta\u0142a przewodnicz\u0105c\u0105 Narodowej Rady Bezpiecze\u0144stwa. Dobrze zapami\u0119ta\u0142a gest w\u0142oskiego ministra. Sama o tym opowiada\u0142a. Gesty si\u0119 licz\u0105.<\/p>\n","protected":false},"excerpt":{"rendered":"<p>Nareszcie jaki\u015b inny g\u0142os w sprawie naszego stosunku do uchod\u017ac\u00f3w. Warto zwr\u00f3ci\u0107 uwag\u0119 na artyku\u0142 Jerzego Haszczy\u0144skiego, \u201eNieczu\u0142y jak Polak\u201d (\u201eRz.&#8221;, 30 marca).<\/p>\n","protected":false},"author":4,"featured_media":0,"comment_status":"open","ping_status":"closed","sticky":false,"template":"","format":"standard","meta":{"footnotes":""},"categories":[1],"tags":[],"_links":{"self":[{"href":"https:\/\/blog.polityka.pl\/passent\/wp-json\/wp\/v2\/posts\/3339"}],"collection":[{"href":"https:\/\/blog.polityka.pl\/passent\/wp-json\/wp\/v2\/posts"}],"about":[{"href":"https:\/\/blog.polityka.pl\/passent\/wp-json\/wp\/v2\/types\/post"}],"author":[{"embeddable":true,"href":"https:\/\/blog.polityka.pl\/passent\/wp-json\/wp\/v2\/users\/4"}],"replies":[{"embeddable":true,"href":"https:\/\/blog.polityka.pl\/passent\/wp-json\/wp\/v2\/comments?post=3339"}],"version-history":[{"count":4,"href":"https:\/\/blog.polityka.pl\/passent\/wp-json\/wp\/v2\/posts\/3339\/revisions"}],"predecessor-version":[{"id":3341,"href":"https:\/\/blog.polityka.pl\/passent\/wp-json\/wp\/v2\/posts\/3339\/revisions\/3341"}],"wp:attachment":[{"href":"https:\/\/blog.polityka.pl\/passent\/wp-json\/wp\/v2\/media?parent=3339"}],"wp:term":[{"taxonomy":"category","embeddable":true,"href":"https:\/\/blog.polityka.pl\/passent\/wp-json\/wp\/v2\/categories?post=3339"},{"taxonomy":"post_tag","embeddable":true,"href":"https:\/\/blog.polityka.pl\/passent\/wp-json\/wp\/v2\/tags?post=3339"}],"curies":[{"name":"wp","href":"https:\/\/api.w.org\/{rel}","templated":true}]}}