
{"id":3350,"date":"2016-04-11T22:20:12","date_gmt":"2016-04-11T20:20:12","guid":{"rendered":"http:\/\/passent.blog.polityka.pl\/?p=3350"},"modified":"2016-04-12T00:53:11","modified_gmt":"2016-04-11T22:53:11","slug":"dziekuje-postoje","status":"publish","type":"post","link":"https:\/\/blog.polityka.pl\/passent\/2016\/04\/11\/dziekuje-postoje\/","title":{"rendered":"Dzi\u0119kuj\u0119, postoj\u0119!"},"content":{"rendered":"<p>\u201eTo\u201d si\u0119 zanosi na d\u0142ugo, \u201eto\u201d potrwa co najmniej 2-3 kadencje, dok\u0105d by st\u0105d wyjecha\u0107? \u2013 po\u015br\u00f3d demokrat\u00f3w, leming\u00f3w i obro\u0144c\u00f3w III RP s\u0142ycha\u0107 g\u0142osy rezygnacji i apatii. Moim zdaniem \u2013 nies\u0142usznie. Trzeba temu przeciwdzia\u0142a\u0107. Im bardziej autorytarna w\u0142adza \u2013 tym bardziej boli j\u0105 opozycja i niepos\u0142usze\u0144stwo. Tym wi\u0119ksz\u0105 z\u0142o\u015b\u0107 budz\u0105 jej przeciwnicy.<br \/>\n<!--more--><br \/>\nPami\u0119tajmy, \u017ce PiS wybrany zosta\u0142 przez 18 proc. spo\u0142ecze\u0144stwa, nic nie jest wieczne, trzeba si\u0119 przygotowa\u0107 na d\u0142ugi marsz, ale nie sta\u0107 w miejscu, tylko ju\u017c stawia\u0107 pierwsze kroki oporu, robi\u0107 swoje. Kiedy prezes Kaczy\u0144ski wzywa do s\u0105du, kiedy marsza\u0142ek Senatu zapowiada, \u017ce polski rz\u0105d nie poprze Tuska w staraniach o drug\u0105 kadencj\u0119 na stanowisku przewodnicz\u0105cego Rady Europejskiej, trzeba przypomina\u0107, \u017ce jeszcze kilka miesi\u0119cy temu ci panowie (i panie, z Beat\u0105 Szyd\u0142o) zapowiadali: \u201e\u017cadnego odwetu\u201d, \u201e\u017cadnej zemsty\u201d, \u201erazem\u201d, \u201ewsp\u00f3lnota\u201d itd. itp. Nawet wczoraj prezydent powtarza\u0142 te s\u0142owa.<\/p>\n<p>Jedno wielkie oszustwo i k\u0142amstwo wyborcze. Nigdy nie do\u015b\u0107 jego przypominania. A my\u015bl o tym, \u017ce polski rz\u0105d mo\u017ce nie poprze\u0107 kandydatury Polaka na jedno z najwy\u017cszych stanowisk w Europie, wskazuje, \u017ce ci panowie maj\u0105 dobro Polski na drugim planie, najwa\u017cniejsze s\u0105 zemsta, poni\u017cenie, znies\u0142awienie. Pani profesor Staniszkis powiedzia\u0142a dzisiaj, \u017ce liczy\u0142a, \u017ce Jaros\u0142aw Kaczy\u0144ski w przem\u00f3wieniu z okazji 6. rocznicy Smole\u0144ska og\u0142osi nowe otwarcie, ka\u017ce opublikowa\u0107 orzeczenie TK i otworzy nowy etap. Kobieto, puchu marny! O naiwno\u015bci!<\/p>\n<p>\u017badnego odwetu? To dlaczego usuwaj\u0105 setki ludzi, ostatnio Grzegorza Gaudena z Instytutu Ksi\u0105\u017cki? Dlatego gor\u0105co popieram protest wybitnych pisarzy przeciwko tej decyzji. Co prawda sami pisarze domy\u015blaj\u0105 si\u0119, \u017ce \u201eich protest nie odniesie skutku\u201d, ale obowi\u0105zkiem nas wszystkich, a ju\u017c szczeg\u00f3lnie pisarzy, jest dawa\u0107 \u015bwiadectwo, g\u0142o\u015bno protestowa\u0107, \u017ceby g\u0142os opinii publicznej nie os\u0142ab\u0142, nie zosta\u0142 zag\u0142uszony przez werble i fanfary nieko\u0144cz\u0105cych si\u0119 celebracji rz\u0105dowo-pa\u0144stwowych.<\/p>\n<p>Trzeba g\u0142o\u015bno krzycze\u0107 \u201eNie!\u201d, \u017ceby kiedy\u015b nie \u017ca\u0142owa\u0107, \u017ce siedzia\u0142o si\u0119 cicho. W takich przypadkach taktyka PiS jest prosta: swoich krytyk\u00f3w dyskredytowa\u0107, dezawuowa\u0107 jako komuch\u00f3w, animals\u00f3w, ludzi najgorszego sortu. Na to pozwalali sobie nawet w przypadku Adama Zagajewskiego. Ale czy mo\u017cna to zrobi\u0107 wobec Juliusza Kornhausera? My\u015bl\u0119, \u017ce najnowszy protest pisarzy b\u0119d\u0105 starali si\u0119 zamilcze\u0107. Dlatego trzeba o nim przypomina\u0107.<\/p>\n<p>Pisarzom jest mo\u017ce \u0142atwiej, najwy\u017cej wykre\u015bl\u0105 ich ksi\u0105\u017cki z lektur szkolnych i uderz\u0105 ich po kieszeni, ale i tak s\u0105 oni niezale\u017cni w por\u00f3wnaniu np. z s\u0119dziami, kt\u00f3rych awanse i nominacje zale\u017c\u0105 od \u201eg\u00f3ry\u201d. A co dopiero nauczyciele, dziennikarze, m\u0142odsi pracownicy nauki, dyplomaci \u2013 jak\u017ce \u0142atwo utrzyma\u0107 ich w szachu. Jak\u017ce \u0142atwo zastraszy\u0107. Zes\u0142anie by\u0142ych prokurator\u00f3w wojskowych do odleg\u0142ych garnizon\u00f3w pokazuje, ile kosztuje niezale\u017cno\u015b\u0107 i uczciwo\u015b\u0107, jak m\u015bciwa i ma\u0142ostkowa jest nowa w\u0142adza. Jej projekt jest nieograniczony. Teraz zapowiada, \u017ce katastrof\u0119 smole\u0144sk\u0105 (oczywi\u015bcie w wersji politycznie poprawnej) nale\u017cy wprowadzi\u0107 do podr\u0119cznik\u00f3w szkolnych. <\/p>\n<p>Otwieraj\u0105 si\u0119 nowe mo\u017cliwo\u015bci dzia\u0142ania dla dyspozycyjnych \u201ehistoryk\u00f3w\u201d. Czy zamiast wygodnie jecha\u0107 w rz\u0105dowym rydwanie, powiedz\u0105: \u201edzi\u0119kuje, postoj\u0119\u201d?<\/p>\n<p><strong>Zaproszenie<\/strong><br \/>\nPora stawia\u0107 szubienice? Eliza Olczyk (\u201eWprost\u201d, \u201eRzeczpospolita\u201d), Roman Imielski (\u201eGazeta Wyborcza\u201d) i S\u0142awomir Sierakowski (\u201eKrytyka Polityczna\u201d) b\u0119d\u0105 naszymi go\u015b\u0107mi w Radiu TOK FM, we wtorek, 12 bm., godz. 20.05. Do us\u0142yszenia!<\/p>\n","protected":false},"excerpt":{"rendered":"<p>\u201eTo\u201d si\u0119 zanosi na d\u0142ugo, \u201eto\u201d potrwa co najmniej 2-3 kadencje, dok\u0105d by st\u0105d wyjecha\u0107? \u2013 po\u015br\u00f3d demokrat\u00f3w, leming\u00f3w i obro\u0144c\u00f3w III RP s\u0142ycha\u0107 g\u0142osy rezygnacji i apatii. Moim zdaniem \u2013 nies\u0142usznie. Trzeba temu przeciwdzia\u0142a\u0107. Im bardziej autorytarna w\u0142adza \u2013 tym bardziej boli j\u0105 opozycja i niepos\u0142usze\u0144stwo. Tym wi\u0119ksz\u0105 z\u0142o\u015b\u0107 budz\u0105 jej przeciwnicy.<\/p>\n","protected":false},"author":4,"featured_media":0,"comment_status":"open","ping_status":"closed","sticky":false,"template":"","format":"standard","meta":{"footnotes":""},"categories":[1],"tags":[],"_links":{"self":[{"href":"https:\/\/blog.polityka.pl\/passent\/wp-json\/wp\/v2\/posts\/3350"}],"collection":[{"href":"https:\/\/blog.polityka.pl\/passent\/wp-json\/wp\/v2\/posts"}],"about":[{"href":"https:\/\/blog.polityka.pl\/passent\/wp-json\/wp\/v2\/types\/post"}],"author":[{"embeddable":true,"href":"https:\/\/blog.polityka.pl\/passent\/wp-json\/wp\/v2\/users\/4"}],"replies":[{"embeddable":true,"href":"https:\/\/blog.polityka.pl\/passent\/wp-json\/wp\/v2\/comments?post=3350"}],"version-history":[{"count":8,"href":"https:\/\/blog.polityka.pl\/passent\/wp-json\/wp\/v2\/posts\/3350\/revisions"}],"predecessor-version":[{"id":3358,"href":"https:\/\/blog.polityka.pl\/passent\/wp-json\/wp\/v2\/posts\/3350\/revisions\/3358"}],"wp:attachment":[{"href":"https:\/\/blog.polityka.pl\/passent\/wp-json\/wp\/v2\/media?parent=3350"}],"wp:term":[{"taxonomy":"category","embeddable":true,"href":"https:\/\/blog.polityka.pl\/passent\/wp-json\/wp\/v2\/categories?post=3350"},{"taxonomy":"post_tag","embeddable":true,"href":"https:\/\/blog.polityka.pl\/passent\/wp-json\/wp\/v2\/tags?post=3350"}],"curies":[{"name":"wp","href":"https:\/\/api.w.org\/{rel}","templated":true}]}}