
{"id":3363,"date":"2016-04-17T20:09:48","date_gmt":"2016-04-17T18:09:48","guid":{"rendered":"http:\/\/passent.blog.polityka.pl\/?p=3363"},"modified":"2016-04-18T08:12:10","modified_gmt":"2016-04-18T06:12:10","slug":"dmuchac-na-zimne-2","status":"publish","type":"post","link":"https:\/\/blog.polityka.pl\/passent\/2016\/04\/17\/dmuchac-na-zimne-2\/","title":{"rendered":"Dmucha\u0107 na zimne"},"content":{"rendered":"<p>W rozmowach prywatnych, a tak\u017ce w druku, coraz cz\u0119\u015bciej m\u00f3wi si\u0119 o tym, \u017ce Polsce zagra\u017ca faszyzm.<br \/>\n<!--more--><br \/>\nCo prawda niekt\u00f3rzy pukaj\u0105 si\u0119 znacz\u0105co w czo\u0142o i zwracaj\u0105 uwag\u0119, \u017ce PiS nie odwo\u0142uje si\u0119 ani do przemocy, ani do rasizmu, ale inni m\u00f3wi\u0105 swoje. Streszcz\u0119 dwa g\u0142osy, z pytaniem do blogowicz\u00f3w, co o tym s\u0105dz\u0105.<\/p>\n<p>Prof. Roman Ku\u017aniar, UW, by\u0142y doradca prezydenta Komorowskiego ds. mi\u0119dzynarodowych, pyta, czy grozi nam \u201enoc kryszta\u0142owa\u201d (\u201eGW\u201c, 12 bm). Systemy autorytarne \u2013 czytamy \u2013 maj\u0105 dwie mocne strony: aparat przemocy i propagand\u0119.<\/p>\n<p>W tych dw\u00f3ch sferach ob\u00f3z rz\u0105dz\u0105cy zdoby\u0142 ju\u017c najwi\u0119cej. B\u0142yskawiczny rozw\u00f3j uprawnie\u0144 prokuratury, s\u0142u\u017cb \u015bledczych, zdolno\u015bci inwigilacji, szybkiego stawiania przed s\u0105dem, projekty utworzenia si\u0142 paramilitarnych itd. W dziedzinie propagandy \u2013 b\u0142yskawiczne opanowanie medi\u00f3w publicznych. \u201eZ demokracji liberalnej Polska szybko zmienia si\u0119 w kraj demokracji totalitarnej\u201d.<\/p>\n<p>Ile czasu potrzebowali nazi\u015bci od obj\u0119cia w\u0142adzy w 1933 roku do nocy kryszta\u0142owej w 1938 r.? \u2013 pyta retorycznie profesor Ku\u017aniar. Wydarzenia z listopada \u201938 zosta\u0142y poprzedzone systematycznym  zohydzaniem tych, kt\u00f3rych nazi\u015bci uwa\u017cali za przeszkod\u0119 dla realizacji swych plan\u00f3w (\u017bydzi i inni). <\/p>\n<p>\u201eW obecnej Polsce taki podzia\u0142, cho\u0107 nie wed\u0142ug kryterium etnicznego, w\u0142a\u015bnie si\u0119 dokonuje\u201d \u2013 pisze Ku\u017aniar. Mamy ju\u017c Aryjczyk\u00f3w, czyli tych, kt\u00f3rzy popieraj\u0105 ob\u00f3z rz\u0105dz\u0105cy, i gorszy sort \u2013 komunist\u00f3w, z\u0142odziei, gestapo, zdemoralizowanych i animalnych.<\/p>\n<p>Wersja soft rozprawy z elementem \u201epod\u0142ym\u201d przybierze formy n\u0119kania psychicznego, finansowego, s\u0105dowego (aparat pan\u00f3w Ziobry i Kami\u0144skiego), z czasem zastraszania fizycznego i gr\u00f3\u017ab pobicia. Skoro wola ludu stoi ponad prawem, to i sprawiedliwo\u015b\u0107 ludowa nie mo\u017ce sobie prawem r\u0105k kr\u0119powa\u0107. To, co dzieje si\u0119 w Polsce, niepokoj\u0105co przypomina pocz\u0105tki  zrealizowanych kiedy\u015b czarnych sn\u00f3w \u2013 ostrzega prof. Ku\u017aniar.<\/p>\n<p>Ostrzega tak\u017ce prof. Joanna Tokarska-Bakir, znana antropolo\u017cka kultury,  w wywiadzie dla \u201eGW\u201d (16 bm). Fragmenty:  \u201eCzy Jaros\u0142aw Kaczy\u0144ski chce zmieni\u0107 Polsk\u0119 w sekt\u0119? \u2013 Z pewno\u015bci\u0105 polityka, kt\u00f3r\u0105 prowadzi jego rz\u0105d i jego prezydent, ma na celu zwi\u0119kszenie charakterystycznej dla sekty spoisto\u015bci spo\u0142ecznej. Chce to zrobi\u0107 metodami  administracyjnymi, wyci\u0105gaj\u0105c wnioski z przyk\u0142ad\u00f3w historycznych, przede wszystkim z historii faszyzmu\u201d. <\/p>\n<p>Autorka wspomina \u201ewygaszanie kontrautorytetu\u201d (Trybuna\u0142 Konstytucyjny), zwalczanie sklep\u00f3w wielkopowierzchniowych (nazi\u015bci atakowali domy towarowe), ograniczenie handlu ziemi\u0105, dalej: wzmocnienie rodziny autorytarnej. Polityka spo\u0142eczna wp\u0142ywa na zachowanie ludzi, uruchamia \u201erozproszony oportunizm\u201d. Kaczy\u0144ski trafnie rozpozna\u0142 potrzeby spo\u0142ecze\u0144stwa sfrustrowanego rz\u0105dami PO, kt\u00f3ra nie prowadzi\u0142a \u017cadnej sp\u00f3jnej polityki spo\u0142ecznej.<\/p>\n<p>W Rzeszy stworzono kategori\u0119 wsp\u00f3lnoty narodowej i pseudomonolitu narodowego przylutowanego do charyzmatycznego wodza.  Istnieli \u201eprawdziwi Niemcy\u201d oraz ci, kt\u00f3rzy mieli nies\u0142uszne pochodzenie lub pogl\u0105dy. <\/p>\n<p>A w Polsce? \u201eM\u00f3j ulubiony przyk\u0142ad \u2013 m\u00f3wi profesor Tokarska-Bakir \u2013 to wypowied\u017a prezydenta Dudy w Otwocku, zw\u0142aszcza fragment o prawie do decydowania, kto jest go\u015bciem, a kto wrogiem\u201d. Autorka cytuje pogl\u0105d, \u017ce faszyzm by\u0142 produktem unarodowienia mas, poddanych atakowi pomnik\u00f3w, hymn\u00f3w, sztandar\u00f3w, manifestacji patriotycznych i kultu m\u0119czennik\u00f3w. (Rola muze\u00f3w i apologetycznej wersji historii).<\/p>\n<p>W\u0142adza, kt\u00f3ra nie respektuje autonomii w  d\u0105\u017ceniu do prawdy (vide polityka historyczna &#8211; Pass.), \u201emusi w ko\u0144cu oprze\u0107 si\u0119 na l\u0119ku\u201d.<\/p>\n<p>\u201eCzy to nie jest jednak przesada por\u00f3wnywa\u0107 Kaczy\u0144skiego do Hitlera?\u201c \u2013 pyta Dorota Wodecka z \u201eGW\u201d. Profesor wymienia typ w\u0142adzy pasterskiej oparty na celowym d\u0105\u017ceniu do wojny spo\u0142ecznej, d\u0105\u017cenie do bezwzgl\u0119dnej dominacji ideowej i podporz\u0105dkowania sobie opozycji, zagarni\u0119cie medi\u00f3w publicznych, polityczne naginanie fakt\u00f3w, tworzenie w\u0142asnych elit, nar\u00f3d jako ostateczne \u017ar\u00f3d\u0142o porz\u0105dku politycznego (patrz wypowiedzi K. Morawieckiego o wy\u017cszo\u015bci woli suwerena nad prawem \u2013 Pass.). Patriotyzm pi\u0119tnuj\u0105cy jako zdrad\u0119 wszelk\u0105 krytyk\u0119 pa\u0144stwa, szczeg\u00f3lnie za granic\u0105. <\/p>\n<p>\u201eDo kompletu brakuje tylko przemocy i oby jej zawsze brakowa\u0142o\u201d. Gdy w ostatnich wyborach do Sejmu trafili tacy ludzie jak Winnicki, nie by\u0142o specjalnego alarmu z tego powodu. \u201eMo\u017ce my nie chcemy wierzy\u0107, \u017ce to wszystko dzieje si\u0119 naprawd\u0119\u201d \u2013 ko\u0144czy prof. Tokarska-Bakir.<\/p>\n<p>Bardzo jestem ciekaw, co o tym my\u015bl\u0105 blogowiczki i blogowicze. Ja sam nie traktuj\u0119 tych g\u0142os\u00f3w dos\u0142ownie, w najczarniejsze scenariusze nie wierz\u0119,  ale ich nie lekcewa\u017c\u0119. Ka\u017cdy argument oddzielnie mo\u017cna podwa\u017ca\u0107, ale wszystkie razem robi\u0105 wra\u017cenie, zmuszaj\u0105 do my\u015blenia, nie da si\u0119 ich zby\u0107 wzruszeniem ramion.<\/p>\n<p>W ko\u0144cu po do\u015bwiadczeniach XX wieku obowi\u0105zkiem intelektualist\u00f3w jest dmucha\u0107 na zimne, zw\u0142aszcza gdy temperatura ro\u015bnie.<\/p>\n","protected":false},"excerpt":{"rendered":"<p>W rozmowach prywatnych, a tak\u017ce w druku, coraz cz\u0119\u015bciej m\u00f3wi si\u0119 o tym, \u017ce Polsce zagra\u017ca faszyzm.<\/p>\n","protected":false},"author":4,"featured_media":0,"comment_status":"open","ping_status":"closed","sticky":false,"template":"","format":"standard","meta":{"footnotes":""},"categories":[1],"tags":[],"_links":{"self":[{"href":"https:\/\/blog.polityka.pl\/passent\/wp-json\/wp\/v2\/posts\/3363"}],"collection":[{"href":"https:\/\/blog.polityka.pl\/passent\/wp-json\/wp\/v2\/posts"}],"about":[{"href":"https:\/\/blog.polityka.pl\/passent\/wp-json\/wp\/v2\/types\/post"}],"author":[{"embeddable":true,"href":"https:\/\/blog.polityka.pl\/passent\/wp-json\/wp\/v2\/users\/4"}],"replies":[{"embeddable":true,"href":"https:\/\/blog.polityka.pl\/passent\/wp-json\/wp\/v2\/comments?post=3363"}],"version-history":[{"count":4,"href":"https:\/\/blog.polityka.pl\/passent\/wp-json\/wp\/v2\/posts\/3363\/revisions"}],"predecessor-version":[{"id":3367,"href":"https:\/\/blog.polityka.pl\/passent\/wp-json\/wp\/v2\/posts\/3363\/revisions\/3367"}],"wp:attachment":[{"href":"https:\/\/blog.polityka.pl\/passent\/wp-json\/wp\/v2\/media?parent=3363"}],"wp:term":[{"taxonomy":"category","embeddable":true,"href":"https:\/\/blog.polityka.pl\/passent\/wp-json\/wp\/v2\/categories?post=3363"},{"taxonomy":"post_tag","embeddable":true,"href":"https:\/\/blog.polityka.pl\/passent\/wp-json\/wp\/v2\/tags?post=3363"}],"curies":[{"name":"wp","href":"https:\/\/api.w.org\/{rel}","templated":true}]}}