
{"id":3369,"date":"2016-04-22T18:55:10","date_gmt":"2016-04-22T16:55:10","guid":{"rendered":"http:\/\/passent.blog.polityka.pl\/?p=3369"},"modified":"2016-04-22T19:17:14","modified_gmt":"2016-04-22T17:17:14","slug":"sorry-mister-timmermans","status":"publish","type":"post","link":"https:\/\/blog.polityka.pl\/passent\/2016\/04\/22\/sorry-mister-timmermans\/","title":{"rendered":"Sorry,  Mister Timmermans!"},"content":{"rendered":"<p>Szanowny Panie Przewodnicz\u0105cy, pragn\u0119 Pana przeprosi\u0107 za zachowanie naszego ministra spraw zagranicznych.<br \/>\n<!--more--><br \/>\nPolski minister spraw zagranicznych powinien przeprosi\u0107 Fransa Timmermansa, pierwszego zast\u0119pc\u0119 przewodnicz\u0105cego Komisji Europejskiej. Jak pami\u0119tamy, Waszczykowski zatrzasn\u0105\u0142 Timmermansowi przed nosem drzwi do Polski, do kt\u00f3rej Holender si\u0119 wybiera\u0142. Polski minister pokaza\u0142 jednemu z najwa\u017cniejszych polityk\u00f3w UE \u201egest Kozakiewicza\u201d. Jakie mog\u0142y by\u0107 przyczyny takiego zachowania polskiego ministra?<\/p>\n<p>Po pierwsze \u2013 brak kindersztuby, po prostu z\u0142e wychowanie.<\/p>\n<p>Po drugie \u2013 g\u0142upota. Zamiast na zaloty Timmermansa odpowiedzie\u0107 dyplomatycznie, \u017ce Polska jest krajem go\u015bcinnym, a wizyta wiceprzewodnicz\u0105cego zaszczytem, wystarczy tylko ustali\u0107 termin, Waszczykowski publicznie, na ca\u0142\u0105 Europe og\u0142asza, \u017ce nie zaprosi\u0142 formalnie Timmermansa i czekamy na Junckera (szef KE). W dyskusji, jaka odby\u0142a si\u0119 na UW o przysz\u0142o\u015bci demokracji w Polsce, prof. Jadwiga Staniszkis w kontek\u015bcie zachowania W.W. przypomnia\u0142a termin \u201ewystudiowane chamstwo\u201d.<\/p>\n<p>Po trzecie &#8211; wrogo\u015b\u0107 polityczna. Rz\u0105d i jego minister \u017ale si\u0119 czuj\u0105 w Unii Europejskiej. Widz\u0105 korzy\u015bci finansowe, ale poza tym same k\u0142opoty: inny system warto\u015bci, narzucanie uchod\u017ac\u00f3w, opory wzgl\u0119dem wi\u0119kszej obecno\u015bci Amerykan\u00f3w na Wschodniej Flance, rywalizacja z USA, zakusy na nasz\u0105 ziemi\u0119, dominacja Niemiec, przewaga lewicy \u2013 wszystko to kryje si\u0119 za gestem Kozakiewicza.<\/p>\n<p>Po czwarte \u2013 Drang nach Osten. Pod nowym rz\u0105dem Polska odsuwa si\u0119 od Zachodu, niezliczone krytyczne komentarze polityk\u00f3w i medi\u00f3w ameryka\u0144skich i europejskich dowodz\u0105, \u017ce Zach\u00f3d dystansuje si\u0119 od Polski Kaczy\u0144skiego i wzajemnie, przynajmniej w sferze ideowej. C\u00f3\u017c nam pozostaje innego ni\u017c model wschodni? Przecie\u017c nie \u201eMi\u0119dzymorze\u201d.<\/p>\n<p>Po pi\u0105te \u2013 kariera w\u0142asna. Waszczykowski mia\u0142 szereg wpadek, lubi swoje stanowisko, ale temperament i maniery go do tego urz\u0119du nie predestynuj\u0105. Jest zbyt konfliktowy i grubo ciosany. Teraz, kiedy w Parlamencie Europejskim zwalnia si\u0119 miejsce po Januszu Wojciechowskim (inny fatalny wyb\u00f3r UE), Waszczykowski mo\u017ce czu\u0107 si\u0119 niepewnie. Fotel eurodeputowanego wydaje si\u0119 dla niego bardziej odpowiedni.<\/p>\n<p>A wystarczy\u0142a odrobina dyplomacji.<\/p>\n","protected":false},"excerpt":{"rendered":"<p>Szanowny Panie Przewodnicz\u0105cy, pragn\u0119 Pana przeprosi\u0107 za zachowanie naszego ministra spraw zagranicznych.<\/p>\n","protected":false},"author":4,"featured_media":0,"comment_status":"open","ping_status":"closed","sticky":false,"template":"","format":"standard","meta":{"footnotes":""},"categories":[1],"tags":[],"_links":{"self":[{"href":"https:\/\/blog.polityka.pl\/passent\/wp-json\/wp\/v2\/posts\/3369"}],"collection":[{"href":"https:\/\/blog.polityka.pl\/passent\/wp-json\/wp\/v2\/posts"}],"about":[{"href":"https:\/\/blog.polityka.pl\/passent\/wp-json\/wp\/v2\/types\/post"}],"author":[{"embeddable":true,"href":"https:\/\/blog.polityka.pl\/passent\/wp-json\/wp\/v2\/users\/4"}],"replies":[{"embeddable":true,"href":"https:\/\/blog.polityka.pl\/passent\/wp-json\/wp\/v2\/comments?post=3369"}],"version-history":[{"count":4,"href":"https:\/\/blog.polityka.pl\/passent\/wp-json\/wp\/v2\/posts\/3369\/revisions"}],"predecessor-version":[{"id":3373,"href":"https:\/\/blog.polityka.pl\/passent\/wp-json\/wp\/v2\/posts\/3369\/revisions\/3373"}],"wp:attachment":[{"href":"https:\/\/blog.polityka.pl\/passent\/wp-json\/wp\/v2\/media?parent=3369"}],"wp:term":[{"taxonomy":"category","embeddable":true,"href":"https:\/\/blog.polityka.pl\/passent\/wp-json\/wp\/v2\/categories?post=3369"},{"taxonomy":"post_tag","embeddable":true,"href":"https:\/\/blog.polityka.pl\/passent\/wp-json\/wp\/v2\/tags?post=3369"}],"curies":[{"name":"wp","href":"https:\/\/api.w.org\/{rel}","templated":true}]}}