
{"id":3374,"date":"2016-04-27T15:52:06","date_gmt":"2016-04-27T13:52:06","guid":{"rendered":"http:\/\/passent.blog.polityka.pl\/?p=3374"},"modified":"2016-04-27T17:15:58","modified_gmt":"2016-04-27T15:15:58","slug":"abc-arogancja-buta-chamstwo","status":"publish","type":"post","link":"https:\/\/blog.polityka.pl\/passent\/2016\/04\/27\/abc-arogancja-buta-chamstwo\/","title":{"rendered":"ABC \u2013 arogancja, buta, chamstwo"},"content":{"rendered":"<p>Dlaczego PiS si\u0119 tak denerwuje, dlaczego na wszelki op\u00f3r i sprzeciw reaguje tak brutalnie, daj\u0105c pokaz arogancji, buty i chamstwa? Mimo wygranych wybor\u00f3w, bezprecedensowej wi\u0119kszo\u015bci w Sejmie i w Senacie, opanowania prawie wszystkich narz\u0119dzi w\u0142adzy \u2013 od prezydenta, wojska, po s\u0142u\u017cby i media publiczne \u2013 Prawo i Sprawiedliwo\u015b\u0107 czuje si\u0119 nienasycone, czuj\u0105 si\u0119 niedowarto\u015bciowane, a nawet zagro\u017cone. Prorz\u0105dowe pisemka, w rodzaju tygodnika \u201eABC\u201d (ze stajni \u201ew Sieci\u201d), tworz\u0105 wok\u00f3\u0142 rz\u0105du atmosfer\u0119 zagro\u017cenia.<br \/>\n<!--more--><br \/>\n\u201eAtak na ob\u00f3z rz\u0105dz\u0105cy jest faktem, ale cz\u0119\u015b\u0107 dzia\u0142a\u0144 przeciwko rz\u0105dowi prowadzona jest tajnie. Gra operacyjna wok\u00f3\u0142 kilku ministerstw oraz wa\u017cnych postaci Prawa i Sprawiedliwo\u015bci to element szerszego planu\u201d \u2013 ostrzega \u201eABC\u201d. Przeciwnicy rz\u0105du s\u0105 \u201e\u015bwietnie zorganizowani\u2026 wykorzystuj\u0105 swoje znajomo\u015bci w \u015bwiecie medi\u00f3w i polityki\u2026 chodzi o stworzenie atmosfery nieufno\u015bci i podejrze\u0144\u2026 jak precyzyjnie dzia\u0142a uk\u0142ad agentury oraz \u015bwiata dziennikarskiego\u2026 tworz\u0105 dobrze zorganizowane marsze KOD\u2026 prowadz\u0105 krucjat\u0119 w Parlamencie Europejskim\u2026\u201d itd. itp.<\/p>\n<p>To poczucie niezadowolenia, nienasycenia, wyp\u0142ywa cz\u0119\u015bciowo z autorytarnej natury PiS. Ono musi mie\u0107 wszystko, ca\u0142\u0105 w\u0142adz\u0119, do ostatniej budki stra\u017cnika. W wielu pa\u0144stwach demokratycznych w\u0142adza jest podzielona, np. pomi\u0119dzy prezydenta i parlament, jak w USA i innych krajach systemu prezydenckiego. Albo pomi\u0119dzy prezydenta i rz\u0105d. W tych krajach tradycja, kultura wsp\u00f3\u0142pracy i wsp\u00f3\u0142dzia\u0142ania jest starsza i bardziej zakorzeniona ni\u017c w Polsce. U nas panuje raczej duch eksterminacji ni\u017c kooperacji.<\/p>\n<p>Rzeczniczka PiS Beata Mazurek kwituje stanowisko Zgromadzenia Og\u00f3lnego S\u0119dzi\u00f3w S\u0105du Najwy\u017cszego jako \u201edalsze szerzenie si\u0119 anarchii w naszym kraju. Zebra\u0142 si\u0119 zesp\u00f3\u0142 kolesi\u00f3w, kt\u00f3rzy broni\u0105 status quo poprzedniej w\u0142adzy. (\u2026) Ta anarchia, inspirowana przez opozycj\u0119 i przez ludzi poprzedniej w\u0142adzy, jest podgrzewana. My si\u0119 na to nie zgodzimy\u201d.<\/p>\n<p>S\u0142owa o \u201ekolesiach\u201d dyskwalifikuj\u0105 pani\u0105 Mazurek jako rzeczniczk\u0119 partii rz\u0105dz\u0105cej, m\u00f3wi\u0105 wiele o jej braku kultury, a tak\u017ce o braku szacunku dla organu konstytucyjnego, jakim jest S\u0105d Najwy\u017cszy. Powinna czym pr\u0119dzej zanie\u015b\u0107 kwiaty pierwszej prezes SN.<\/p>\n<p>Podobnie elegancko potraktowa\u0142a w\u0142adza Zgromadzenie Og\u00f3lne S\u0119dzi\u00f3w Trybuna\u0142u Konstytucyjnego. Nie by\u0142o prezydenta (kt\u00f3ry mieni si\u0119 uczniem Lecha Kaczy\u0144skiego, chocia\u017c ten w takich spotkaniach uczestniczy\u0142), \u0142awy rz\u0105dowe by\u0142y puste. Wpad\u0142a tylko na kr\u00f3tko przedstawicielka Kancelarii Prezydenta. O ministrze sprawiedliwo\u015bci nie wspominam.<\/p>\n<p>Rz\u0105d, jak dziecko, obra\u017ca si\u0119 na tych, kt\u00f3rzy nie chc\u0105 si\u0119 z nim bawi\u0107. W\u0142adza po prostu bojkotuje instytucje i ludzi, kt\u00f3rzy nie s\u0105 jej pos\u0142uszni. Kiedy ukaza\u0142 si\u0119, napisany powa\u017cnym i eleganckim stylem, \u201eapel 10\u201d, w tym trzech by\u0142ych prezydent\u00f3w, a tak\u017ce ministr\u00f3w i dzia\u0142aczy opozycji, premier Szyd\u0142o wyra\u017ca\u0142a si\u0119 o nich per \u201eci panowie my\u015bl\u0105, \u017ce oni s\u0105 demokracj\u0105\u201d. Zamiast doceni\u0107 trosk\u0119, zrobi\u0107 dobr\u0105 min\u0119 do z\u0142ej gry, zaprosi\u0107 autor\u00f3w na rozmow\u0119 lub podj\u0105\u0107 polemik\u0119 \u2013 po prostu si\u0119 ich lekcewa\u017cy. Dok\u0142adnie tak jak ameryka\u0144skich senator\u00f3w, polityk\u00f3w Unii Europejskiej, kt\u00f3rym si\u0119 wydaje, \u017ce zjedli wszystkie rozumy, a tymczasem s\u0105 niedoinformowani i manipulowani, jak dzieci przez starych wyjadaczy z Platformy i z ulicy Czerskiej.<\/p>\n<p>Gdy marsza\u0142ek Senatu nazwa\u0142 krytyk\u00f3w rz\u0105du \u201ewichrzycielami\u201d \u2013 u\u017cy\u0142 tego samego okre\u015blenia, jakim pos\u0142ugiwa\u0142a si\u0119 w\u0142adza w marcu \u201968 wobec m\u0142odocianych \u201ekomandos\u00f3w\u201d i ich \u201emocodawc\u00f3w\u201d.<\/p>\n<p>Jedno jest w tym wszystkim pomy\u015blne, \u017ce mianowicie w\u0142adza wie, \u017ce nie ma argument\u00f3w i w bezsilnej z\u0142o\u015bci si\u0119ga po \u201eABC\u201d, licz\u0105c na to, \u017ce poni\u017caj\u0105c krytyk\u00f3w, zniech\u0119ci ich do dzia\u0142ania. Ma racj\u0119 Micha\u0142 Szu\u0142drzy\u0144ski, kt\u00f3ry pisze (\u201eRz\u201d), \u017ce podwa\u017caj\u0105c autorytet s\u0105d\u00f3w, PiS \u201euderza r\u00f3wnie\u017c w siebie, bo obni\u017ca i tak niskie ju\u017c zaufanie obywateli do pa\u0144stwa. Delegitymizuj\u0105c TK i SN, delegalizuje wszelk\u0105 w\u0142adz\u0119 i hierarchi\u0119. A konsekwencje takiego dzia\u0142ania odczuje te\u017c na w\u0142asnej sk\u00f3rze\u201d.<\/p>\n<p>Skoro protestuj\u0105 nawet najwi\u0119ksze autorytety, jak profesor Adam Strzembosz (odznaczony Orderem Or\u0142a Bia\u0142ego) i prof. Andrzej Zoll czy wreszcie prawie ca\u0142y \u015bwiat prawniczy, a tak\u017ce radni Warszawy, \u0141odzi i Poznania (cho\u0107 wiedz\u0105, \u017ce ich decyzje mog\u0105 obali\u0107 rz\u0105dowi wojewodowie), to znaczy, \u017ce nie mo\u017cna sta\u0107 z boku. Je\u015bli racj\u0119 maj\u0105 byli prezydenci, pisz\u0105c, \u017ce w najbli\u017cszych miesi\u0105cach wa\u017c\u0105 si\u0119 losy demokracji w Polsce, to nikt nie powinien sta\u0107 z boku. Gdyby w\u0142adza si\u0119 nie obawia\u0142a, to nie si\u0119ga\u0142aby po argumenty w stylu \u201eABC\u201d.<\/p>\n","protected":false},"excerpt":{"rendered":"<p>Dlaczego PiS si\u0119 tak denerwuje, dlaczego na wszelki op\u00f3r i sprzeciw reaguje tak brutalnie, daj\u0105c pokaz arogancji, buty i chamstwa? Mimo wygranych wybor\u00f3w, bezprecedensowej wi\u0119kszo\u015bci w Sejmie i w Senacie, opanowania prawie wszystkich narz\u0119dzi w\u0142adzy \u2013 od prezydenta, wojska, po s\u0142u\u017cby i media publiczne \u2013 Prawo i Sprawiedliwo\u015b\u0107 czuje si\u0119 nienasycone, czuj\u0105 si\u0119 niedowarto\u015bciowane, a [&hellip;]<\/p>\n","protected":false},"author":4,"featured_media":0,"comment_status":"open","ping_status":"closed","sticky":false,"template":"","format":"standard","meta":{"footnotes":""},"categories":[1],"tags":[],"_links":{"self":[{"href":"https:\/\/blog.polityka.pl\/passent\/wp-json\/wp\/v2\/posts\/3374"}],"collection":[{"href":"https:\/\/blog.polityka.pl\/passent\/wp-json\/wp\/v2\/posts"}],"about":[{"href":"https:\/\/blog.polityka.pl\/passent\/wp-json\/wp\/v2\/types\/post"}],"author":[{"embeddable":true,"href":"https:\/\/blog.polityka.pl\/passent\/wp-json\/wp\/v2\/users\/4"}],"replies":[{"embeddable":true,"href":"https:\/\/blog.polityka.pl\/passent\/wp-json\/wp\/v2\/comments?post=3374"}],"version-history":[{"count":7,"href":"https:\/\/blog.polityka.pl\/passent\/wp-json\/wp\/v2\/posts\/3374\/revisions"}],"predecessor-version":[{"id":3381,"href":"https:\/\/blog.polityka.pl\/passent\/wp-json\/wp\/v2\/posts\/3374\/revisions\/3381"}],"wp:attachment":[{"href":"https:\/\/blog.polityka.pl\/passent\/wp-json\/wp\/v2\/media?parent=3374"}],"wp:term":[{"taxonomy":"category","embeddable":true,"href":"https:\/\/blog.polityka.pl\/passent\/wp-json\/wp\/v2\/categories?post=3374"},{"taxonomy":"post_tag","embeddable":true,"href":"https:\/\/blog.polityka.pl\/passent\/wp-json\/wp\/v2\/tags?post=3374"}],"curies":[{"name":"wp","href":"https:\/\/api.w.org\/{rel}","templated":true}]}}