
{"id":3391,"date":"2016-05-06T10:45:38","date_gmt":"2016-05-06T08:45:38","guid":{"rendered":"http:\/\/passent.blog.polityka.pl\/?p=3391"},"modified":"2016-05-06T11:17:34","modified_gmt":"2016-05-06T09:17:34","slug":"co-zlego-to-nie-my","status":"publish","type":"post","link":"https:\/\/blog.polityka.pl\/passent\/2016\/05\/06\/co-zlego-to-nie-my\/","title":{"rendered":"Co z\u0142ego to nie my"},"content":{"rendered":"<p>List ministra finans\u00f3w Paw\u0142a Sza\u0142amachy do prezesa TK prof. Rzepli\u0144skiego, \u017ceby ten wstrzyma\u0142 si\u0119 z wypowiedziami publicznymi do czasu og\u0142oszenia ratingu przez agencj\u0119 ratingow\u0105, oceniam jako \u015bwiadectwo strachu, pr\u00f3b\u0119 przerzucenia odpowiedzialno\u015bci za ewentualne obni\u017cenie ratingu na prezesa Trybuna\u0142u, a tak\u017ce szanta\u017c, dow\u00f3d braku kultury politycznej i dyplomatycznej.<br \/>\n<!--more--><br \/>\nGdyby minister finans\u00f3w faktycznie pragn\u0105\u0142 uspokojenia polskiej sceny politycznej, to wyst\u0105pi\u0142by z tym apelem (najlepiej w spos\u00f3b dyskretny) do wszystkich g\u0142\u00f3wnych aktor\u00f3w wydarze\u0144 \u2013 nie tylko do prof. Rzepli\u0144skiego, ale tak\u017ce do prezesa Kaczy\u0144skiego, kt\u00f3ry bez przerwy dolewa oliwy do ognia, do premier Szyd\u0142o, kt\u00f3ra nie publikuje orzeczenia TK, a o by\u0142ych prezydentach, ministrach i dzia\u0142aczach opozycji demokratycznej m\u00f3wi per \u201eci panowie\u201d, do rzeczniczki PiS, kt\u00f3ra nazywa zgromadzenie og\u00f3lne s\u0119dzi\u00f3w S\u0105du Najwy\u017cszego \u201ezespo\u0142em kolesi\u00f3w\u201d, do ministra sprawiedliwo\u015bci, kt\u00f3ry kr\u0119ci bicz na s\u0119dzi\u00f3w, do projektodawc\u00f3w \u201eInstytutu\u201d do spraw nadawania tytu\u0142\u00f3w i stopni naukowych wedle swoich politycznych kryteri\u00f3w itd. itp.<\/p>\n<p>Sza\u0142amacha upomina Rzepli\u0144skiego, \u017ce agencja S&#038;P obni\u017cy\u0142a rating Polski ze wzgl\u0119du na sytuacj\u0119 w \u201ekierowanej przez niego instytucji\u201d, czyli TK. Ale to przecie\u017c Prawo i Sprawiedliwo\u015b\u0107 &#8211; na d\u0142ugo przed \u201eskokiem\u201d Platformy na Trybuna\u0142 &#8211; od lat utrzymuje, ze Trybuna\u0142 jest zaka\u0142\u0105 demokracji, trzeci\u0105 izb\u0105 parlamentu, a dobro narodu stoi ponad prawem.<\/p>\n<p>Zachowanie ministra finans\u00f3w jest dalekie od elegancji. Nie znajduje czasu na spotkanie z prezesem Rzepli\u0144skim (\u017caden polityk PiS nie odwa\u017cy\u0142by si\u0119 na spotkanie z tym szkodnikiem), a nast\u0119pnie obdarza go listem, kt\u00f3ry z g\u00f3ry czyni go odpowiedzialnym za ewentualne obni\u017cenie ratingu przez kolejn\u0105 agencj\u0119. Jak gdyby panowie ze \u015bwiatowych agencji nie s\u0142yszeli o Komisji Weneckiej, o obradach Parlamentu Europejskiego nad stanem demokracji w Polsce, o g\u0142osach polityk\u00f3w \u2013 od USA po Bruksel\u0119 \u2013 zatroskanych o to, co dzieje si\u0119 w Polsce.<\/p>\n<p>Minister Sza\u0142amacha wyra\u017anie nie docenia kompetencji decydent\u00f3w w wielkich agencjach. Idzie tropem Szyd\u0142o i Waszczykowskiego, \u017ce zagraniczni krytycy polskich w\u0142adz s\u0105 \u201eniedoinformowani\u201d, poci\u0105gani za sznurki przez Platform\u0119 i niekt\u00f3re polskie media. Ewentualne obni\u017cenie ratingu Polski (oby do niego nie dosz\u0142o!) postawi finanse naszego kraju w trudniejszej sytuacji, a potrzebne s\u0105 \u015brodki nie tylko na 500+, ale i na inne prezenty: obni\u017cenie wieku emerytalnego, podwy\u017cszenie progu podatkowego, lekarstwa dla senior\u00f3w etc. Nic dziwnego, \u017ce minister Sza\u0142amacha jest w nerwach. Zamiast stara\u0107 si\u0119 zapobiec nieodpowiedzialnym decyzjom i wypowiedziom w\u0142adzy w Polsce, szuka winnego w Trybunale Konstytucyjnym. Nie broni\u0119 in blanco wszystkich decyzji prezesa Rzepli\u0144skiego, ale na pewno to nie on ponosi g\u0142\u00f3wn\u0105 odpowiedzialno\u015b\u0107 za to, jak agencje ratingowe oceniaj\u0105 nasz kraj.<\/p>\n<p>Zgadzam si\u0119 z opini\u0105, \u017ce faktycznym adresatem listu Sza\u0142amachy jest prezes Kaczy\u0144ski i opinia publiczna w kraju. &#8222;Panie Prezesie, Rodacy, ja zrobi\u0142em, co mog\u0142em \u2013 wskaza\u0142em winnego! Od tej chwili za ratingi odpowiada Rzepli\u0144ski. A ja i rz\u0105d, kt\u00f3rego jestem cz\u0142onkiem, jeste\u015bmy niewinni. Jak co\u015b z\u0142ego \u2013 to nie my. My wystawimy piersi do order\u00f3w, kiedy ratingi p\u00f3jd\u0105 w g\u00f3r\u0119&#8221;.<\/p>\n","protected":false},"excerpt":{"rendered":"<p>List ministra finans\u00f3w Paw\u0142a Sza\u0142amachy do prezesa TK prof. Rzepli\u0144skiego, \u017ceby ten wstrzyma\u0142 si\u0119 z wypowiedziami publicznymi do czasu og\u0142oszenia ratingu przez agencj\u0119 ratingow\u0105, oceniam jako \u015bwiadectwo strachu, pr\u00f3b\u0119 przerzucenia odpowiedzialno\u015bci za ewentualne obni\u017cenie ratingu na prezesa Trybuna\u0142u, a tak\u017ce szanta\u017c, dow\u00f3d braku kultury politycznej i dyplomatycznej.<\/p>\n","protected":false},"author":4,"featured_media":0,"comment_status":"open","ping_status":"closed","sticky":false,"template":"","format":"standard","meta":{"footnotes":""},"categories":[1],"tags":[],"_links":{"self":[{"href":"https:\/\/blog.polityka.pl\/passent\/wp-json\/wp\/v2\/posts\/3391"}],"collection":[{"href":"https:\/\/blog.polityka.pl\/passent\/wp-json\/wp\/v2\/posts"}],"about":[{"href":"https:\/\/blog.polityka.pl\/passent\/wp-json\/wp\/v2\/types\/post"}],"author":[{"embeddable":true,"href":"https:\/\/blog.polityka.pl\/passent\/wp-json\/wp\/v2\/users\/4"}],"replies":[{"embeddable":true,"href":"https:\/\/blog.polityka.pl\/passent\/wp-json\/wp\/v2\/comments?post=3391"}],"version-history":[{"count":6,"href":"https:\/\/blog.polityka.pl\/passent\/wp-json\/wp\/v2\/posts\/3391\/revisions"}],"predecessor-version":[{"id":3397,"href":"https:\/\/blog.polityka.pl\/passent\/wp-json\/wp\/v2\/posts\/3391\/revisions\/3397"}],"wp:attachment":[{"href":"https:\/\/blog.polityka.pl\/passent\/wp-json\/wp\/v2\/media?parent=3391"}],"wp:term":[{"taxonomy":"category","embeddable":true,"href":"https:\/\/blog.polityka.pl\/passent\/wp-json\/wp\/v2\/categories?post=3391"},{"taxonomy":"post_tag","embeddable":true,"href":"https:\/\/blog.polityka.pl\/passent\/wp-json\/wp\/v2\/tags?post=3391"}],"curies":[{"name":"wp","href":"https:\/\/api.w.org\/{rel}","templated":true}]}}