
{"id":3398,"date":"2016-05-08T11:40:06","date_gmt":"2016-05-08T09:40:06","guid":{"rendered":"http:\/\/passent.blog.polityka.pl\/?p=3398"},"modified":"2016-05-08T12:03:44","modified_gmt":"2016-05-08T10:03:44","slug":"psst-bo-swiat-sie-dowie","status":"publish","type":"post","link":"https:\/\/blog.polityka.pl\/passent\/2016\/05\/08\/psst-bo-swiat-sie-dowie\/","title":{"rendered":"Psst, bo \u015bwiat si\u0119 dowie\u2026"},"content":{"rendered":"<p>Rekordowa manifestacja KOD odbi\u0142a si\u0119 szerokim i \u017cyczliwym echem w wielu krajach.<br \/>\n<!--more--><br \/>\nMarek Grela, dyplomata i ekonomista, by\u0142y podsekretarz Stanu w MSZ i ambasador Polski w Unii Europejskiej, kt\u00f3ry systematycznie \u015bledzi media \u015bwiatowe, zamieszcza na Facebooku liczne przyk\u0142ady. <\/p>\n<p>Portal \u201ePolitico\u201d: Setki tysi\u0119cy manifestowa\u0142y przeciwko antydemokratycznej i szkodliwej polityce konserwatywnego rz\u0105du.<br \/>\n\u201eNew York Times\u201d: \u0106wier\u0107 miliona przesz\u0142o ulicami Warszawy, by poprze\u0107 Uni\u0119 Europejsk\u0105.<br \/>\n\u201eLa Liberation\u201d: Rekordowa demonstracja w Warszawie.<br \/>\n\u201eWashington Post\u201d: Du\u017ca demonstracja Polak\u00f3w za UE i przeciw konserwatywnemu rz\u0105dowi, kt\u00f3ry uwa\u017caj\u0105 za antydemokratyczny i szkodliwy dla pozycji Polski w UE.<\/p>\n<p>W tym samym duchu informuj\u0105 m.in. TV Euronews, \u201eEl Pais\u201d, TV5Monde, Associated Press, ABC News i inne.<\/p>\n<p>Sukces marszu jest niew\u0105tpliwy. Oczywi\u015bcie pozostaje pytanie: marsze i co dalej? Ile mo\u017cna maszerowa\u0107?<\/p>\n<p>Moja odpowied\u017a: po pierwsze \u2013 manifestacja sprzeciwu, opozycji, sama w sobie ma znaczenie, pokazuje, \u017ce Polska to nie tylko PiS i nic poza tym. Gdyby takie marsze nie mia\u0142y znaczenia, to ludzie w\u0142adzy nie dyskredytowaliby ich jako manifestacji odstawionych od koryta, komunist\u00f3w i z\u0142odziei, niepogodzonych z wynikiem wybor\u00f3w.<\/p>\n<p>Po drugie \u2013 mimo wysi\u0142k\u00f3w pani premier Szyd\u0142o w Brukseli i innych przedstawicieli w\u0142adzy \u015bwiat dowiaduje si\u0119, \u017ce znaczna cz\u0119\u015b\u0107 Polak\u00f3w broni konstytucji, s\u0105d\u00f3w, s\u0119dzi\u00f3w, niezale\u017cno\u015bci medi\u00f3w publicznych przed zakusami w\u0142adzy.<\/p>\n<p>Po trzecie \u2013 demonstracje pokazuj\u0105 Polakom, \u017ce warto by\u0107 przyzwoitym. Dzia\u0142ania w\u0142adz, np. czystki w mediach publicznych i w innych instytucjach pa\u0144stwowych, od stadniny do sp\u00f3\u0142ek Skarbu Pa\u0144stwa, stawiaj\u0105 wiele os\u00f3b w trudnej sytuacji, zwalniani s\u0105 ich prze\u0142o\u017ceni, wsp\u00f3\u0142pracownicy i podw\u0142adni. <\/p>\n<p>Jak si\u0119 w takiej sytuacji zachowa\u0107 \u2013 pokornie milcze\u0107 czy powiedzie\u0107 \u201enie\u201d? Marsz KOD przypomina, \u017ce obecna w\u0142adza nie jest wieczna, a \u201espisane b\u0119d\u0105 s\u0142owa i uczynki\u201d. <\/p>\n<p>Po czwarte \u2013 marsz KOD to ma\u0142y krok w kierunku wsp\u00f3\u0142dzia\u0142ania ro\u017cnych nurt\u00f3w opozycji. Miejmy nadziej\u0119, \u017ce nie jest to krok ostatni.<\/p>\n<p>Po pi\u0105te \u2013 marsz pokazuje, \u017ce \u201esuweren\u201d to nie ca\u0142a Polska. \u201eSuweren\u201d nie da\u0142 w\u0142adzy carte blanche na putinizacj\u0119 Polski.<\/p>\n<p>Mo\u017cna wskaza\u0107 wiele innych konsekwencji wczorajszego marszu. Pogodnym, roze\u015bmianym twarzom demonstrant\u00f3w w\u0142adza pokazuje twarz zaci\u0119t\u0105 i pos\u0119pn\u0105. Minister Sza\u0142amacha, kt\u00f3remu przed og\u0142oszeniem ratingu Moody\u2019s grunt pali si\u0119 pod nogami, w nies\u0142ychanym ge\u015bcie wzywa prezesa Trybuna\u0142u Konstytucyjnego do milczenia. Jakim prawem przedstawiciel rz\u0105du poucza prezesa Trybuna\u0142u? I dlaczego nie napisa\u0142 podobnego listu do prezesa PiS i do pani premier? Mo\u017ce dlatego, \u017ce &#8211; jak sugeruje jeden z naszych blogowicz\u00f3w &#8211; prawdziwym autorem listu by\u0142 Kaczy\u0144ski, a min. Sza\u0142amacha by\u0142 tylko listonoszem. <\/p>\n<p>Mo\u017ce teraz minister napisze list do prezesa S\u0105du Najwy\u017cszego, \u017ceby zamilk\u0142a i wyciszy\u0142a (wygasi\u0142a?) sw\u00f3j \u201ezesp\u00f3\u0142 kolesi\u00f3w\u201d. No i do Krajowej Rady S\u0105downictwa, \u017ceby milcza\u0142a w obliczu zamachu, jaki zapowiada na ni\u0105 rz\u0105d. <\/p>\n<p>Pssst, bo \u015bwiat si\u0119 dowie! Jest przeciwko czemu demonstrowa\u0107 i nic dziwnego, \u017ce \u0107wier\u0107 miliona oburzonych wysz\u0142o na ulice.<\/p>\n","protected":false},"excerpt":{"rendered":"<p>Rekordowa manifestacja KOD odbi\u0142a si\u0119 szerokim i \u017cyczliwym echem w wielu krajach.<\/p>\n","protected":false},"author":4,"featured_media":0,"comment_status":"open","ping_status":"closed","sticky":false,"template":"","format":"standard","meta":{"footnotes":""},"categories":[1],"tags":[],"_links":{"self":[{"href":"https:\/\/blog.polityka.pl\/passent\/wp-json\/wp\/v2\/posts\/3398"}],"collection":[{"href":"https:\/\/blog.polityka.pl\/passent\/wp-json\/wp\/v2\/posts"}],"about":[{"href":"https:\/\/blog.polityka.pl\/passent\/wp-json\/wp\/v2\/types\/post"}],"author":[{"embeddable":true,"href":"https:\/\/blog.polityka.pl\/passent\/wp-json\/wp\/v2\/users\/4"}],"replies":[{"embeddable":true,"href":"https:\/\/blog.polityka.pl\/passent\/wp-json\/wp\/v2\/comments?post=3398"}],"version-history":[{"count":3,"href":"https:\/\/blog.polityka.pl\/passent\/wp-json\/wp\/v2\/posts\/3398\/revisions"}],"predecessor-version":[{"id":3401,"href":"https:\/\/blog.polityka.pl\/passent\/wp-json\/wp\/v2\/posts\/3398\/revisions\/3401"}],"wp:attachment":[{"href":"https:\/\/blog.polityka.pl\/passent\/wp-json\/wp\/v2\/media?parent=3398"}],"wp:term":[{"taxonomy":"category","embeddable":true,"href":"https:\/\/blog.polityka.pl\/passent\/wp-json\/wp\/v2\/categories?post=3398"},{"taxonomy":"post_tag","embeddable":true,"href":"https:\/\/blog.polityka.pl\/passent\/wp-json\/wp\/v2\/tags?post=3398"}],"curies":[{"name":"wp","href":"https:\/\/api.w.org\/{rel}","templated":true}]}}