
{"id":34,"date":"2006-05-22T00:24:43","date_gmt":"2006-05-21T22:24:43","guid":{"rendered":"http:\/\/passent.blog.polityka.pl\/?p=34"},"modified":"2006-05-22T12:25:37","modified_gmt":"2006-05-22T10:25:37","slug":"walka-kogutow","status":"publish","type":"post","link":"https:\/\/blog.polityka.pl\/passent\/2006\/05\/22\/walka-kogutow\/","title":{"rendered":"Walka kogut\u00f3w"},"content":{"rendered":"<p>Zgadzam si\u0119 (wyj\u0105tkowo) z Bronis\u0142awem Wildsteinem, kt\u00f3ry chce &#8222;zredukowa\u0107 obecno\u015b\u0107 polityk\u00f3w w TVP. Oni siedz\u0105 w telewizji tyle czasu, \u017ce nie maj\u0105 czasu na polityk\u0119\u201d. Faktycznie, w radiu i w telewizji politycy popisuj\u0105 si\u0119\u00a0 od \u015bwitu do nocy. I nie jest to tylko ich wina, \u017ce nie potrafi\u0105 mediom odm\u00f3wi\u0107. To przede wszystkim wina medi\u00f3w, kt\u00f3re bez przerwy ich napastuj\u0105 i zapraszaj\u0105, bo\u00a0 wystarczy politykowi podsun\u0105\u0107 mikrofon pod nos i program gotowy.\u00a0 I jaka oszcz\u0119dno\u015b\u0107! Ka\u017cdy inny program by\u0142by bardziej kosztowny.\u00a0<\/p>\n<p>Wczoraj ulubie\u0144cami byli Oleksy i Miller,\u00a0dzi\u015b Gosiewski czy Rokita\u00a0o si\u00f3dmej rano budz\u0105 nar\u00f3d przez radio, a\u00a0p\u00f3\u017anym wieczorem przed\u00a0kamerami opowiadaj\u0105 bajki do snu. Niekt\u00f3rzy kilka razy dziennie, ruchem konika szachowego, skacz\u0105\u00a0od stacji do stacji. Za ich wyst\u0119py nikt im\u00a0nie p\u0142aci, dostarczaj\u0105 wi\u0119c najta\u0144szych program\u00f3w, a nawet gotowi s\u0105 dop\u0142aci\u0107, byle zostali zaproszeni. Powstaje wi\u0119c wsp\u00f3lnota interes\u00f3w \u2013 media maj\u0105 za darmo program, a politycy reklam\u0119. To ju\u017c nie wsp\u00f3lny interes, to\u00a0(hi! hi!) uk\u0142ad, a nawet mafia medi\u00f3w i polityk\u00f3w, bez kt\u00f3rej publika nie wyobra\u017ca sobie \u017cycia. A przecie\u017c w niekt\u00f3rych krajach walki kogut\u00f3w s\u0105 zakazane, jako rozrywka krwawa i niewybredna.<\/p>\n","protected":false},"excerpt":{"rendered":"<p>Zgadzam si\u0119 (wyj\u0105tkowo) z Bronis\u0142awem Wildsteinem, kt\u00f3ry chce &#8222;zredukowa\u0107 obecno\u015b\u0107 polityk\u00f3w w TVP. Oni siedz\u0105 w telewizji tyle czasu, \u017ce nie maj\u0105 czasu na polityk\u0119\u201d. Faktycznie, w radiu i w telewizji politycy popisuj\u0105 si\u0119\u00a0 od \u015bwitu do nocy. I nie jest to tylko ich wina, \u017ce nie potrafi\u0105 mediom odm\u00f3wi\u0107. To przede wszystkim wina medi\u00f3w, [&hellip;]<\/p>\n","protected":false},"author":4,"featured_media":0,"comment_status":"open","ping_status":"open","sticky":false,"template":"","format":"standard","meta":{"footnotes":""},"categories":[1],"tags":[],"_links":{"self":[{"href":"https:\/\/blog.polityka.pl\/passent\/wp-json\/wp\/v2\/posts\/34"}],"collection":[{"href":"https:\/\/blog.polityka.pl\/passent\/wp-json\/wp\/v2\/posts"}],"about":[{"href":"https:\/\/blog.polityka.pl\/passent\/wp-json\/wp\/v2\/types\/post"}],"author":[{"embeddable":true,"href":"https:\/\/blog.polityka.pl\/passent\/wp-json\/wp\/v2\/users\/4"}],"replies":[{"embeddable":true,"href":"https:\/\/blog.polityka.pl\/passent\/wp-json\/wp\/v2\/comments?post=34"}],"version-history":[{"count":0,"href":"https:\/\/blog.polityka.pl\/passent\/wp-json\/wp\/v2\/posts\/34\/revisions"}],"wp:attachment":[{"href":"https:\/\/blog.polityka.pl\/passent\/wp-json\/wp\/v2\/media?parent=34"}],"wp:term":[{"taxonomy":"category","embeddable":true,"href":"https:\/\/blog.polityka.pl\/passent\/wp-json\/wp\/v2\/categories?post=34"},{"taxonomy":"post_tag","embeddable":true,"href":"https:\/\/blog.polityka.pl\/passent\/wp-json\/wp\/v2\/tags?post=34"}],"curies":[{"name":"wp","href":"https:\/\/api.w.org\/{rel}","templated":true}]}}