
{"id":3402,"date":"2016-05-09T22:32:42","date_gmt":"2016-05-09T20:32:42","guid":{"rendered":"http:\/\/passent.blog.polityka.pl\/?p=3402"},"modified":"2016-05-10T07:59:40","modified_gmt":"2016-05-10T05:59:40","slug":"dzikusy-gora","status":"publish","type":"post","link":"https:\/\/blog.polityka.pl\/passent\/2016\/05\/09\/dzikusy-gora\/","title":{"rendered":"Dzikusy g\u00f3r\u0105"},"content":{"rendered":"<p>Prawdziwymi zwyci\u0119zcami meczu pi\u0142karskiego Legia Warszawa \u2013 Piast Gliwice s\u0105 dzikusy na trybunach, dzikusy, kt\u00f3re rozpostar\u0142y gigantyczny i skandaliczny transparent: \u201eKOD, Nowoczesna, GW, Lis, Olejnik i inne ladacznice \u2013 dla was nie b\u0119dzie gwizd\u00f3w, b\u0119d\u0105 szubienice\u201d.<br \/>\n<!--more--><br \/>\nMecz Legia \u2013 Piast mia\u0142 w du\u017cym stopniu zadecydowa\u0107 o tym, kto zostanie mistrzem Polski. Tymczasem mistrzostwo Polski w chamstwie i agresji zdobyli autorzy i sponsorzy haniebnego transparentu. Pisz\u0119 o sponsorach, poniewa\u017c p\u0142achty tego rozmiaru nie spos\u00f3b wnie\u015b\u0107 za pazuch\u0105, sami kibice Legii tego nie zrobili. <a href=\"\/wp-content\/uploads\/2016\/05\/20104490.jpg\" rel=\"attachment wp-att-3406\"><img loading=\"lazy\" decoding=\"async\" src=\"\/wp-content\/uploads\/2016\/05\/20104490-1024x537.jpg\" alt=\"20104490\" width=\"620\" height=\"325\" class=\"aligncenter size-large wp-image-3406\" srcset=\"\/passent\/wp-content\/uploads\/2016\/05\/20104490.jpg 1024w, \/passent\/wp-content\/uploads\/2016\/05\/20104490-300x157.jpg 300w, \/passent\/wp-content\/uploads\/2016\/05\/20104490-768x403.jpg 768w\" sizes=\"(max-width: 620px) 100vw, 620px\" \/><\/a>Przypomina to niedawny skandal na meczu Legia \u2013 Lech o Puchar Polski, gdzie \u2013 jak si\u0119 okaza\u0142o \u2013 ponad 50 rac wwi\u00f3z\u0142 na teren Stadionu Narodowego samoch\u00f3d akredytowany przy PZPN, kt\u00f3ry by\u0142 organizatorem meczu.<\/p>\n<p>Zar\u00f3wno Zbigniew Boniek po meczu pucharowym (\u201enie tak si\u0119 umawiali\u015bmy\u201d), jak i zarz\u0105d Legii w swoim o\u015bwiadczeniu po skandalu z transparentem zareagowali bardzo \u0142agodnie. Legia nawet nie przeprosi\u0142a nikogo, kto by\u0142 celem tego przest\u0119pczego ataku. Olejnik i Lis natychmiast po meczu powinni byli otrzyma\u0107 kwiaty i przeprosiny od prezesa klubu, mec. Le\u015bnodorskiego. Zamiast kwiat\u00f3w i mea culpa Legia wysma\u017cy\u0142a adwokackie o\u015bwiadczenie, w kt\u00f3rym odrzuca odwo\u0142ywanie si\u0119 od przemocy i stwierdza, \u017ce stadion \u201enie jest w\u0142a\u015bciw\u0105 przestrzeni\u0105 dla demonstracji o charakterze politycznym\u201d.<\/p>\n<p>\u0141adna mi \u201edemonstracja o charakterze politycznym\u201d! Przecie\u017c to zwyk\u0142e nawo\u0142ywanie do przemocy i zbrodni. Tomasz Lis s\u0142usznie powiedzia\u0142, \u017ce teraz rozumie, dlaczego prezes Kaczy\u0144ski kilka dni temu m\u00f3wi\u0142, \u017ce nie b\u0119dzie ustaw, kt\u00f3re ograniczaj\u0105 wolno\u015b\u0107 s\u0142owa. \u0141agodna reakcja prezesa PZPN i Legii potwierdza tylko uzale\u017cnienie klub\u00f3w i zwi\u0105zku od kibic\u00f3w. Bez kibic\u00f3w nie ma pi\u0142ki, nie ma reklam, nie ma pieni\u0119dzy. Kibice to si\u0142a i choroba polskiej pi\u0142ki.<\/p>\n<p>Monice Olejnik i Tomaszowi Lisowi nale\u017cy si\u0119 wsparcie \u015brodowiska dziennikarskiego, czekam na reakcj\u0119 Stowarzyszenia Dziennikarzy Polskich i Towarzystwa Dziennikarskiego, \u017ceby stan\u0105\u0107 ponad podzia\u0142ami i wzi\u0105\u0107 w obron\u0119 dziennikarzy przed dzikusami. I to nie po aptekarsku, adwokacku, dziel\u0105c w\u0142os na czworo i wypominaj\u0105c \u201ez\u0142odziei, drugi sort, dorzynanie watahy\u201d itp., ale zdecydowanie, jednoznacznie.<\/p>\n<p>Skandal na Legii to tylko wierzcho\u0142ek g\u00f3ry lodowej. W Bia\u0142ymstoku ONR-owcy paraduj\u0105 w majestacie prawa, skanduj\u0105c, kto na drzewach zawi\u015bnie zamiast li\u015bci. Na prawicowym portalu \u201ewPolityce\u201d pod wiadomo\u015bci\u0105 ze stadionu Legii czytamy \u201ekomentarze\u201d: \u201eBrawo!!!\u201d, \u201eOK!\u201d, \u201eDobra robota. Nie dajcie si\u0119 lewactwu wykorzystywa\u0107\u201d. \u201eBrawo kibice Legii\u201d. \u201eTak targowiczan uczci\u0142 lud Warszawy\u201d. \u201eObra\u017cali\u015bcie i obra\u017cacie na swoich KOD-owskich transparentach prezydenta i rz\u0105d\u201d. \u201eZa zdrad\u0119 Polski zawsze by\u0142y szubienice\u201d. \u201eRychem petru kibice sobie dup\u0119 podetrum\u201d.<\/p>\n<p>Eksces na Legii to kolejny wykwit zdziczenia w polskiej przestrzeni publicznej, gro\u017any zw\u0142aszcza tam, gdzie spotykaj\u0105 si\u0119 dwa \u017cywio\u0142y: polityka i pi\u0142ka no\u017cna. W jednym i w drugim chamstwo i mot\u0142och ma du\u017co do powiedzenia.<\/p>\n","protected":false},"excerpt":{"rendered":"<p>Prawdziwymi zwyci\u0119zcami meczu pi\u0142karskiego Legia Warszawa \u2013 Piast Gliwice s\u0105 dzikusy na trybunach, dzikusy, kt\u00f3re rozpostar\u0142y gigantyczny i skandaliczny transparent: \u201eKOD, Nowoczesna, GW, Lis, Olejnik i inne ladacznice \u2013 dla was nie b\u0119dzie gwizd\u00f3w, b\u0119d\u0105 szubienice\u201d.<\/p>\n","protected":false},"author":4,"featured_media":0,"comment_status":"open","ping_status":"closed","sticky":false,"template":"","format":"standard","meta":{"footnotes":""},"categories":[1],"tags":[],"_links":{"self":[{"href":"https:\/\/blog.polityka.pl\/passent\/wp-json\/wp\/v2\/posts\/3402"}],"collection":[{"href":"https:\/\/blog.polityka.pl\/passent\/wp-json\/wp\/v2\/posts"}],"about":[{"href":"https:\/\/blog.polityka.pl\/passent\/wp-json\/wp\/v2\/types\/post"}],"author":[{"embeddable":true,"href":"https:\/\/blog.polityka.pl\/passent\/wp-json\/wp\/v2\/users\/4"}],"replies":[{"embeddable":true,"href":"https:\/\/blog.polityka.pl\/passent\/wp-json\/wp\/v2\/comments?post=3402"}],"version-history":[{"count":4,"href":"https:\/\/blog.polityka.pl\/passent\/wp-json\/wp\/v2\/posts\/3402\/revisions"}],"predecessor-version":[{"id":3408,"href":"https:\/\/blog.polityka.pl\/passent\/wp-json\/wp\/v2\/posts\/3402\/revisions\/3408"}],"wp:attachment":[{"href":"https:\/\/blog.polityka.pl\/passent\/wp-json\/wp\/v2\/media?parent=3402"}],"wp:term":[{"taxonomy":"category","embeddable":true,"href":"https:\/\/blog.polityka.pl\/passent\/wp-json\/wp\/v2\/categories?post=3402"},{"taxonomy":"post_tag","embeddable":true,"href":"https:\/\/blog.polityka.pl\/passent\/wp-json\/wp\/v2\/tags?post=3402"}],"curies":[{"name":"wp","href":"https:\/\/api.w.org\/{rel}","templated":true}]}}