
{"id":3430,"date":"2016-05-23T22:59:03","date_gmt":"2016-05-23T20:59:03","guid":{"rendered":"http:\/\/passent.blog.polityka.pl\/?p=3430"},"modified":"2016-05-24T04:27:05","modified_gmt":"2016-05-24T02:27:05","slug":"orzel-i-reszka","status":"publish","type":"post","link":"https:\/\/blog.polityka.pl\/passent\/2016\/05\/23\/orzel-i-reszka\/","title":{"rendered":"Orze\u0142 i reszka"},"content":{"rendered":"<p>Konflikt mi\u0119dzy Polsk\u0105 a Uni\u0105 Europejsk\u0105 to sp\u00f3r mi\u0119dzy suwerenno\u015bci\u0105 a demokracj\u0105. Kto\u015b mo\u017ce powiedzie\u0107, \u017ce to nie Polska, lecz polski rz\u0105d jest stron\u0105 w tym sporze, ale nie oszukujmy si\u0119 \u2013 to wszystko idzie na konto Polski.<br \/>\n<!--more--><br \/>\nDzisiejszy \u201eFinancial Times\u201d zwraca uwag\u0119 na paradoks: najwi\u0119kszy biorca funduszy Unijnych najwi\u0119cej bryka przeciw Unii Europejskiej. Co prawda prezes Kaczy\u0144ski powt\u00f3rzy\u0142 (s\u0142usznie), \u017ce jeste\u015bmy i b\u0119dziemy cz\u0142onkami Unii i \u017ceby sobie wybi\u0107 z g\u0142owy my\u015bl o referendum w tej sprawie, ale \u2013 zauwa\u017cmy &#8211; najcz\u0119\u015bciej u\u017cywanym dzi\u015b s\u0142owem przez PiS jest suwerenno\u015b\u0107. Premier Szyd\u0142o i ca\u0142a czo\u0142\u00f3wka obozu w\u0142adzy odmienia suwerenno\u015b\u0107 przez wszystkie przypadki, czasami dodaj\u0105c jeszcze niepodleg\u0142o\u015b\u0107, niezale\u017cno\u015b\u0107, powstanie z kolan etc. (Wskaza\u0142 na to niedawno prof. Klaus Bachmann w radiu TOK FM).<\/p>\n<p>Tymczasem druga strona, tj. Bruksela, w sporze (\u201edialogu\u201d) z Polsk\u0105 najcz\u0119\u015bciej odwo\u0142uje si\u0119 do demokracji. Demokracja, konstytucja, prawa cz\u0142owieka  &#8211; to warto\u015bci, do kt\u00f3rych odwo\u0142uje si\u0119 Unia. Z punktu widzenia polityki wewn\u0119trznej nacisk, jaki k\u0142adzie PiS na suwerenno\u015b\u0107 i niepodleg\u0142o\u015b\u0107, jest zr\u0119czny. Wiadomo, \u017ce dla Polak\u00f3w s\u0105 to warto\u015bci najwy\u017csze: powstania, przelana krew, za wolno\u015b\u0107 wasz\u0105 i nasz\u0105, bitwy, bohaterskie dzieci, niewinne ofiary, insurekcje, husaria, kawaleria, Bitwa Warszawska, \u017co\u0142nierze wykl\u0119ci \u2013 wszystko to sk\u0142ada si\u0119 na nasz\u0105 to\u017csamo\u015b\u0107 i poczucie warto\u015bci.<\/p>\n<p>Historia widziana jako pasmo romantycznych zryw\u00f3w, na og\u00f3\u0142 zwyci\u0119skich. Taka te\u017c jest nowa polityka historyczna. I takie b\u0119d\u0105 kolejne filmy sponsorowane przez pa\u0144stwo. Notowania PiS szybuj\u0105.<\/p>\n<p>Po drugiej stronie jest Europa, a dok\u0142adniej Unia Europejska, z raczej nudnym katalogiem fundament\u00f3w demokracji \u2013 tr\u00f3jpodzia\u0142 w\u0142adz, \u201enie\u201d dla wszechw\u0142adzy, pluralizm, niezale\u017cne media publiczne, apolityczna s\u0142u\u017cba cywilna, prawa cz\u0142owieka, tolerancja, pa\u0144stwo liberalne, \u015bwieckie, opieku\u0144cze, mniejszo\u015bci, uchod\u017acy, imigranci\u2026<\/p>\n<p>Sp\u00f3r mi\u0119dzy Polsk\u0105 a Europ\u0105 to sp\u00f3r dw\u00f3ch r\u00f3\u017cnych system\u00f3w warto\u015bci. Na jednej szali suwerenno\u015b\u0107, na drugiej \u2013 demokracja. Tymczasem to powinny by\u0107 dwie strony tego samego medalu, jedna bez drugiej jest niepe\u0142na. Wygl\u0105da na to, \u017ce obecny rozdzia\u0142 konfliktu (trybuna\u0142 Konstytucyjny, Komisja Wenecka itd.) mo\u017ce zosta\u0107 zamkni\u0119ty, a w ka\u017cdym razie za\u0142agodzony. Dobrze by by\u0142o, bo widok polskiej premier miotaj\u0105cej \u017cale i oskar\u017cenia pod adresem Unii by\u0142 \u017cenuj\u0105cy. Beata Szyd\u0142o dociska\u0142a peda\u0142 suwerenno\u015bci do deski, oskar\u017caj\u0105c opozycj\u0119, \u017ce nie ma \u201esuwerenno\u015bci w sercach\u201d i m\u00f3wi o Polsce per \u201eten kraj\u201d (czego ja zreszt\u0105 nie znosz\u0119 i co na szcz\u0119\u015bcie nie ma miejsca, a pani premier i w og\u00f3le w\u0142adza nie maj\u0105 monopolu na patriotyzm).<\/p>\n<p>Dobrze by by\u0142o, \u017ceby obecne, zakulisowe, negocjacje z Uni\u0105 zako\u0144czy\u0142y si\u0119 powodzeniem i \u017ceby minister Waszczykowski nie wygadywa\u0142 na Uni\u0119. Wbrew temu, co w\u0142adza zarzuca opozycji i niezale\u017cnym mediom, nikt rozs\u0105dny nie jest zwolennikiem zasady \u201eim gorzej, tym lepiej\u201d. Lepszy jest rz\u0105d, kt\u00f3ry umie si\u0119 z Bruksel\u0105 dogada\u0107, ni\u017c rz\u0105d, kt\u00f3rego szefowa utrzymuje, \u017ce w Polsce wszystko jest w porz\u0105dku i nie wiadomo, sk\u0105d ten ha\u0142as. (Wiadomo: wywo\u0142any przez opozycj\u0119, kt\u00f3ra idzie r\u0119ka w r\u0119k\u0119 z libera\u0142ami i lewakami w Unii).<\/p>\n<p>Gdy ju\u017c oddane zostan\u0105 ostatnie salwy w dzisiejszej potyczce, gdy opadn\u0105 spienione wody, wtedy zn\u00f3w stanie si\u0119 jasne, \u017ce tu nie chodzi o Kaczy\u0144skiego czy o Rzepli\u0144skiego, ale o dwa systemy warto\u015bci, o or\u0142a i reszk\u0119, o nar\u00f3d patriotyczny i demokratyczny. Mo\u017ce kiedy\u015b stanie si\u0119 oczywiste, \u017ce to powinny by\u0107 r\u00f3wnie wa\u017cne dwie strony medalu i jedna bez drugiej nie mo\u017ce istnie\u0107.<\/p>\n<p><strong>ZAPROSZENIE<\/strong><br \/>\nSuwerenno\u015b\u0107 czy demokracja? \u201eGo\u015b\u0107mi Passenta\u201d w Radiu TOK FM b\u0119d\u0105: prof. Antoni DUDEK, dr Anna MATERSKA-SOSNOWSKA i senator Aleksander POCIEJ. Wtorek, 24 maja, godz. 20.05. Zapraszam!<\/p>\n","protected":false},"excerpt":{"rendered":"<p>Konflikt mi\u0119dzy Polsk\u0105 a Uni\u0105 Europejsk\u0105 to sp\u00f3r mi\u0119dzy suwerenno\u015bci\u0105 a demokracj\u0105. Kto\u015b mo\u017ce powiedzie\u0107, \u017ce to nie Polska, lecz polski rz\u0105d jest stron\u0105 w tym sporze, ale nie oszukujmy si\u0119 \u2013 to wszystko idzie na konto Polski.<\/p>\n","protected":false},"author":4,"featured_media":0,"comment_status":"open","ping_status":"closed","sticky":false,"template":"","format":"standard","meta":{"footnotes":""},"categories":[1],"tags":[],"_links":{"self":[{"href":"https:\/\/blog.polityka.pl\/passent\/wp-json\/wp\/v2\/posts\/3430"}],"collection":[{"href":"https:\/\/blog.polityka.pl\/passent\/wp-json\/wp\/v2\/posts"}],"about":[{"href":"https:\/\/blog.polityka.pl\/passent\/wp-json\/wp\/v2\/types\/post"}],"author":[{"embeddable":true,"href":"https:\/\/blog.polityka.pl\/passent\/wp-json\/wp\/v2\/users\/4"}],"replies":[{"embeddable":true,"href":"https:\/\/blog.polityka.pl\/passent\/wp-json\/wp\/v2\/comments?post=3430"}],"version-history":[{"count":3,"href":"https:\/\/blog.polityka.pl\/passent\/wp-json\/wp\/v2\/posts\/3430\/revisions"}],"predecessor-version":[{"id":3433,"href":"https:\/\/blog.polityka.pl\/passent\/wp-json\/wp\/v2\/posts\/3430\/revisions\/3433"}],"wp:attachment":[{"href":"https:\/\/blog.polityka.pl\/passent\/wp-json\/wp\/v2\/media?parent=3430"}],"wp:term":[{"taxonomy":"category","embeddable":true,"href":"https:\/\/blog.polityka.pl\/passent\/wp-json\/wp\/v2\/categories?post=3430"},{"taxonomy":"post_tag","embeddable":true,"href":"https:\/\/blog.polityka.pl\/passent\/wp-json\/wp\/v2\/tags?post=3430"}],"curies":[{"name":"wp","href":"https:\/\/api.w.org\/{rel}","templated":true}]}}