
{"id":3435,"date":"2016-06-01T21:46:20","date_gmt":"2016-06-01T19:46:20","guid":{"rendered":"http:\/\/passent.blog.polityka.pl\/?p=3435"},"modified":"2016-06-02T06:58:09","modified_gmt":"2016-06-02T04:58:09","slug":"zet-wylacza-olejnik","status":"publish","type":"post","link":"https:\/\/blog.polityka.pl\/passent\/2016\/06\/01\/zet-wylacza-olejnik\/","title":{"rendered":"Zet wy\u0142\u0105cza Olejnik"},"content":{"rendered":"<p>Dotychczas s\u0142ucha\u0142em Radia Zet raz w tygodniu, w niedziel\u0119 rano, podczas \u015aniadania w Radiu Zet prowadzonego przez Monik\u0119 Olejnik. By\u0142 to jedyny program w Radiu Zet, kt\u00f3rego s\u0142ucha\u0142em (w dni powszednie s\u0142ucham porank\u00f3w w Radiu TOK FM).<br \/>\n<!--more--><br \/>\nZasiadali\u015bmy z \u017con\u0105 do \u015bniadania i uczestniczyli\u015bmy duchowo w niedzielnym \u015aniadaniu. Nie zawsze by\u0142o jednakowo smaczne (szczeg\u00f3lnie dolega\u0142 mi \u201eJacek Sasin show\u201d), ale lepszego nie by\u0142o.<\/p>\n<p>Niedzielne \u015aniadanie w Radiu Zet wesz\u0142o mi w krew i nie wyobra\u017ca\u0142em sobie, \u017ce mog\u0119 zosta\u0107 go pozbawiony. Tymczasem miasto a\u017c huczy, \u017ce Zetka z\u0142o\u017cy\u0142a znakomitej dziennikarce propozycj\u0119 nie do przyj\u0119cia, \u017ce mianowicie jej obecno\u015b\u0107 na antenie zostanie zredukowana z sze\u015bciu do jednego razu w tygodniu (znikn\u0105 poranne rozmowy z politykami, mia\u0142oby pozosta\u0107 tylko \u015aniadanie).<\/p>\n<p>W normalnych warunkach, gdy redakcja i dziennikarze s\u0105 zjednoczeni, \u0142\u0105czy ich wsp\u00f3lne dobro (ja tak mam ca\u0142e \u017cycie z POLITYK\u0104), mo\u017cna by negocjowa\u0107, dziennikarz mo\u017ce i\u015b\u0107 na pewne ust\u0119pstwa i kompromisy, zw\u0142aszcza \u017ce w dzisiejszych czasach istniej\u0105 pomiary s\u0142uchalno\u015bci, a s\u0142upki nie k\u0142ami\u0105.<\/p>\n<p>Co jednak zrobi\u0107, gdy s\u0105 wysokie, ale motywy przeciwnik\u00f3w niskie? Dzisiaj w Polsce panuj\u0105 warunki nienormalne, w\u0142adza po skonsumowaniu medi\u00f3w publicznych i przerobieniu ich na narodowe poluje na niepos\u0142uszne media prywatne, nie udziela im wywiad\u00f3w, odcina dost\u0119p do informacji, a przede wszystkim sp\u00f3\u0142ki Skarbu Pa\u0144stwa nie zamieszczaj\u0105 w nich og\u0142osze\u0144 i reklam. A s\u0105 to najwi\u0119ksze koncerny \u2013 Lotos, Orlen, KGHM, Tauron i inne.<\/p>\n<p>Do tego dochodzi presja: chcesz \u017cy\u0107 dobrze z w\u0142adz\u0105 \u2013 to ani ty, ani twoja firma nie pokazujcie si\u0119 w mediach nam niech\u0119tnych czy cho\u0107by krytycznych, niepolskich, niepolskoj\u0119zycznych. Elementami tej presji s\u0105 tak\u017ce szkalowanie, lustracja do trzeciego pokolenia, nagonka, jakiej do\u015bwiadczaj\u0105 dziennikarze \u201ebrudnego nurtu\u201d, szczeg\u00f3lnie niepokorni wobec IV RP.<\/p>\n<p>Wiele wskazuje na to, \u017ce Radio Zet ugi\u0119\u0142o si\u0119 pod presj\u0105 \u201edobrej zmiany\u201d i dbaj\u0105c o swoi\u015bcie pojmowane dobro firmy, postanowi\u0142o rozsta\u0107 si\u0119 z jedn\u0105 z najlepszych dziennikarek radiowych i telewizyjnych w Polsce. Ma swoje pogl\u0105dy, to prawda, mog\u0105 si\u0119 komu\u015b nie podoba\u0107, wolno jej, ma sw\u00f3j styl, mo\u017ce komu\u015b nie odpowiada\u0107, ale mimo to wizyta jakiegokolwiek polityka w jej programie nie by\u0142a dla niego \u0142atwa ani przyjemna. Nie bez powodu Olejnik by\u0142a kiedy\u015b na \u201ekr\u00f3tkiej li\u015bcie\u201d prezydenta Lecha Kaczy\u0144skiego.<\/p>\n<p>Jest dziennikark\u0105 wyrazist\u0105 (trudno by\u0107 wybitn\u0105, b\u0119d\u0105c inn\u0105), mo\u017cna kwestionowa\u0107 jej bezstronno\u015b\u0107, str\u00f3j czy dob\u00f3r go\u015bci, ale nie spos\u00f3b jej odm\u00f3wi\u0107 profesjonalizmu, \u015bwietnego przygotowania, refleksu, imponuj\u0105cej pracowito\u015bci czy faktu, \u017ce dla wielu m\u0142odych naszego zawodu jest wzorem osobowym. W sumie to silna i prawdziwa indywidualno\u015b\u0107. Dla firmy, kt\u00f3ra j\u0105 zatrudnia, jest lokomotyw\u0105.<\/p>\n<p>W sprawie swojego odej\u015bcia z Radia Zet Monika Olejnik jest dyskretna, powiedzia\u0142a tylko (i a\u017c), \u017ce najwa\u017cniejszy jest honor. Reszty mo\u017cemy si\u0119 domy\u015ble\u0107. To z\u0142a wiadomo\u015b\u0107 nie tylko dla radia Zet. No bo skoro mo\u017cliwe jest rozstanie z Olejnik, to kto mo\u017ce si\u0119 czu\u0107 bezpieczny? Jej odej\u015bcie to du\u017ca strata dla Radia Zet i pow\u00f3d do zadowolenia dla kiboli, kt\u00f3rym \u015bni\u0105 si\u0119 szubienice.<\/p>\n","protected":false},"excerpt":{"rendered":"<p>Dotychczas s\u0142ucha\u0142em Radia Zet raz w tygodniu, w niedziel\u0119 rano, podczas \u015aniadania w Radiu Zet prowadzonego przez Monik\u0119 Olejnik. By\u0142 to jedyny program w Radiu Zet, kt\u00f3rego s\u0142ucha\u0142em (w dni powszednie s\u0142ucham porank\u00f3w w Radiu TOK FM).<\/p>\n","protected":false},"author":4,"featured_media":0,"comment_status":"open","ping_status":"closed","sticky":false,"template":"","format":"standard","meta":{"footnotes":""},"categories":[1],"tags":[],"_links":{"self":[{"href":"https:\/\/blog.polityka.pl\/passent\/wp-json\/wp\/v2\/posts\/3435"}],"collection":[{"href":"https:\/\/blog.polityka.pl\/passent\/wp-json\/wp\/v2\/posts"}],"about":[{"href":"https:\/\/blog.polityka.pl\/passent\/wp-json\/wp\/v2\/types\/post"}],"author":[{"embeddable":true,"href":"https:\/\/blog.polityka.pl\/passent\/wp-json\/wp\/v2\/users\/4"}],"replies":[{"embeddable":true,"href":"https:\/\/blog.polityka.pl\/passent\/wp-json\/wp\/v2\/comments?post=3435"}],"version-history":[{"count":5,"href":"https:\/\/blog.polityka.pl\/passent\/wp-json\/wp\/v2\/posts\/3435\/revisions"}],"predecessor-version":[{"id":3440,"href":"https:\/\/blog.polityka.pl\/passent\/wp-json\/wp\/v2\/posts\/3435\/revisions\/3440"}],"wp:attachment":[{"href":"https:\/\/blog.polityka.pl\/passent\/wp-json\/wp\/v2\/media?parent=3435"}],"wp:term":[{"taxonomy":"category","embeddable":true,"href":"https:\/\/blog.polityka.pl\/passent\/wp-json\/wp\/v2\/categories?post=3435"},{"taxonomy":"post_tag","embeddable":true,"href":"https:\/\/blog.polityka.pl\/passent\/wp-json\/wp\/v2\/tags?post=3435"}],"curies":[{"name":"wp","href":"https:\/\/api.w.org\/{rel}","templated":true}]}}