
{"id":3444,"date":"2016-06-06T22:28:37","date_gmt":"2016-06-06T20:28:37","guid":{"rendered":"http:\/\/passent.blog.polityka.pl\/?p=3444"},"modified":"2016-06-07T09:58:30","modified_gmt":"2016-06-07T07:58:30","slug":"polska-contra-reszta-swiata","status":"publish","type":"post","link":"https:\/\/blog.polityka.pl\/passent\/2016\/06\/06\/polska-contra-reszta-swiata\/","title":{"rendered":"Polska kontra reszta \u015bwiata"},"content":{"rendered":"<p>W Prawie i Sprawiedliwo\u015bci panuje \u017celazna dyscyplina. Funkcjonariusze tej partii nawet nie udaj\u0105, \u017ce m\u00f3wi\u0105 od siebie.<br \/>\n<!--more--><br \/>\nKiedy Komisja Europejska 1 czerwca przekaza\u0142a Polsce swoje stanowisko w sprawie praworz\u0105dno\u015bci w naszym kraju, wszyscy politycy PiS, od pani premier a\u017c po ostatnie \u0142awki Sejmu, powtarzali jak jeden m\u0105\u017c: to tyko opinia, kt\u00f3ra nikogo nie zobowi\u0105zuje. Co bardziej gorliwi i \u017ale wychowani, jak min. Waszczykowski, m\u00f3wili, \u017ce nie mieli jeszcze czasu zapozna\u0107 si\u0119 z tym dokumentem. <\/p>\n<p>Prawdziwy popis taktu i dyplomacji. Minister spraw zagranicznych mia\u0142 czas chodzi\u0107 od studia do studia i twierdzi\u0107, \u017ce nie mia\u0142 jeszcze czasu zapozna\u0107 si\u0119 ze stanowiskiem Komisji Europejskiej w sprawie Polski, to samo zapracowana min. Kempa.<\/p>\n<p>A dzisiaj (6 czerwca) min. Waszczykowski wydusi\u0142 z siebie, \u017ce zapozna\u0142 si\u0119 z dokumentem \u201epobie\u017cnie\u201d, bo to nie jest sprawa, kt\u00f3ra dotyczy jego resortu!!! <\/p>\n<p>Jakie ten cz\u0142owiek wystawia sobie \u015bwiadectwo jako szef resortu, kt\u00f3rego psim obowi\u0105zkiem jest pilnowanie stosunk\u00f3w Polski z Uni\u0105 Europejsk\u0105\u2026 Politycy (to za du\u017ce s\u0142owo) PiS daj\u0105 popis arogancji i z\u0142ego wychowania, kt\u00f3ry musi by\u0107 dostrze\u017cony za granic\u0105. To po prostu  wstyd. Gdyby to sz\u0142o na konto PiS, to p\u00f3\u0142 biedy, ale to idzie na konto naszego kraju.<\/p>\n<p>A potem si\u0119 dziwi\u0105, \u017ce media zagraniczne s\u0105 Polsce nie\u017cyczliwe. Znajomy dyplomata zamieszcza na FB g\u0142osy medi\u00f3w zagranicznych o naszym kraju. Wypisa\u0142em najnowsze, od 1 czerwca: Komunikat Komisji Europejskiej w sprawie praworz\u0105dno\u015bci w Polsce.<\/p>\n<p>Portal \u201ePolitico\u201d (Bruksela): Problemem dla Kaczy\u0144skiego jest, jak wypl\u0105ta\u0107 Polsk\u0119 z tej konfrontacji i nie straci\u0107 twarzy w kraju. <\/p>\n<p>\u201eSueddeutsche Zeitung\u201d (1 czerwca): Unia zaostrza zarzuty wobec Polski.<\/p>\n<p>Associated Press; Unia Europejska krytyczna wobec stanu praworz\u0105dno\u015bci w Polsce.<\/p>\n<p>\u201eNew York Times\u201d (1 czerwca): \u201eUnia zbeszta\u0142a Polsk\u0119 za naruszanie praworz\u0105dno\u015bci\u201d.  <\/p>\n<p>\u201eFinancial Times\u201d (3 czerwca): \u201eW toku wydarze\u0144, kt\u00f3re wygl\u0105daj\u0105 na przygotowany skok na w\u0142adz\u0119, Jaros\u0142aw Kaczy\u0144ski przej\u0105\u0142 kontrol\u0119 nad s\u0105downictwem, mediami narodowymi, s\u0142u\u017cbami bezpiecze\u0144stwa\u201d. <\/p>\n<p>\u201eThe Guardian\u201d: Byli prezydenci na czele antyrz\u0105dowego marszu pi\u0119\u0107dziesi\u0119ciu  tysi\u0119cy. <\/p>\n<p>\u201eLa Liberation\u201d (3 czerwca): Wielki marsz KOD. <\/p>\n<p>TV Euronews: Manifestacja 50 tys. w Warszawie.<\/p>\n<p>\u201eDeutsche Welle\u201d (5 czerwca, serwis w j\u0119zyku angielskim) przynosi obszern\u0105 sylwetk\u0119 lidera KOD na tle sytuacji w Polsce.<\/p>\n<p>W sumie jedno wielkie \u201e\u017ale si\u0119 dzieje w pa\u0144stwie polskim\u201d. Tego nie da si\u0119 ju\u017c zwali\u0107 na machinacje \u201eodstawionych od koryta\u201d oraz garstki ich wp\u0142ywowych przyjaci\u00f3\u0142 za granic\u0105. To s\u0105 ogromne szkody, do odrobienia przez lata. <\/p>\n<p>Do tego dochodzi wiadomo\u015b\u0107, \u017ce w przeddzie\u0144 lub nazajutrz po szczycie NATO b\u0119dzie mia\u0142 miejsce w Warszawie szczyt Unia Europejska \u2013 Stany Zjednoczone. Decyzja zapad\u0142a podczas spotkania Juncker, Obama, Tusk i kilku innych polityk\u00f3w. Gdyby Polska by\u0142a dzi\u015b zdrowa i spokojna, by\u0142aby to \u015bwietna wiadomo\u015b\u0107 dla naszego kraju, mogliby\u015bmy doczeka\u0107 si\u0119 wielu s\u0142\u00f3w uznania. Niestety, po tym wszystkim, co politycy i propagandy\u015bci  obozu rz\u0105dz\u0105cego mieli ostatnio do powiedzenia politykom Unii i USA (McCain, John Kerry, Bill Clinton), nie mo\u017cemy by\u0107 spokojni. <\/p>\n<p>Pierwsze komentarze za granic\u0105 m\u00f3wi\u0105, i\u017c przyw\u00f3dcy Zachodu spotykaj\u0105 si\u0119 w Warszawie, poniewa\u017c s\u0105 zaniepokojeni sytuacj\u0105 w naszym kraju. W programie jest m.in. rozmowa prezydent\u00f3w Obama \u2013 Duda w cztery oczy. Zaledwie dwa lata temu  Barack Obama w pi\u0119knym przem\u00f3wieniu na placu Zamkowym w Warszawie nie szcz\u0119dzi\u0142 s\u0142\u00f3w uznania dla Polski i jej drogi do wolno\u015bci. Teraz, jak s\u0105dz\u0119, nie b\u0119dzie tak s\u0142odko. I obawiam si\u0119, jakie b\u0119dzie t\u0142umaczenie: Zach\u00f3d nie mo\u017ce si\u0119 pogodzi\u0107, \u017ce Polska wstaje z kolan. <\/p>\n<p>Obym si\u0119 myli\u0142.<\/p>\n<p><strong>ZAPROSZENIE.<\/strong><br \/>\nAndrzej CELI\u0143SKI \u2013 polityk lewicy, b. dzia\u0142acz KOR i minister kultury, oraz prof. Krystyna SKAR\u017bY\u0143SKA \u2013 psycholog spo\u0142eczny, USWPS, b\u0119d\u0105 dyskutowa\u0107 o polityce. Radio TOK FM, wtorek, 7 czerwca, godz. 20.05. Zapraszam!<\/p>\n","protected":false},"excerpt":{"rendered":"<p>W Prawie i Sprawiedliwo\u015bci panuje \u017celazna dyscyplina. Funkcjonariusze tej partii nawet nie udaj\u0105, \u017ce m\u00f3wi\u0105 od siebie.<\/p>\n","protected":false},"author":4,"featured_media":0,"comment_status":"open","ping_status":"closed","sticky":false,"template":"","format":"standard","meta":{"footnotes":""},"categories":[1],"tags":[],"_links":{"self":[{"href":"https:\/\/blog.polityka.pl\/passent\/wp-json\/wp\/v2\/posts\/3444"}],"collection":[{"href":"https:\/\/blog.polityka.pl\/passent\/wp-json\/wp\/v2\/posts"}],"about":[{"href":"https:\/\/blog.polityka.pl\/passent\/wp-json\/wp\/v2\/types\/post"}],"author":[{"embeddable":true,"href":"https:\/\/blog.polityka.pl\/passent\/wp-json\/wp\/v2\/users\/4"}],"replies":[{"embeddable":true,"href":"https:\/\/blog.polityka.pl\/passent\/wp-json\/wp\/v2\/comments?post=3444"}],"version-history":[{"count":5,"href":"https:\/\/blog.polityka.pl\/passent\/wp-json\/wp\/v2\/posts\/3444\/revisions"}],"predecessor-version":[{"id":3450,"href":"https:\/\/blog.polityka.pl\/passent\/wp-json\/wp\/v2\/posts\/3444\/revisions\/3450"}],"wp:attachment":[{"href":"https:\/\/blog.polityka.pl\/passent\/wp-json\/wp\/v2\/media?parent=3444"}],"wp:term":[{"taxonomy":"category","embeddable":true,"href":"https:\/\/blog.polityka.pl\/passent\/wp-json\/wp\/v2\/categories?post=3444"},{"taxonomy":"post_tag","embeddable":true,"href":"https:\/\/blog.polityka.pl\/passent\/wp-json\/wp\/v2\/tags?post=3444"}],"curies":[{"name":"wp","href":"https:\/\/api.w.org\/{rel}","templated":true}]}}