
{"id":3451,"date":"2016-06-12T13:49:03","date_gmt":"2016-06-12T11:49:03","guid":{"rendered":"http:\/\/passent.blog.polityka.pl\/?p=3451"},"modified":"2016-06-13T10:08:05","modified_gmt":"2016-06-13T08:08:05","slug":"abc-arogancja-buta-chamstwo-2","status":"publish","type":"post","link":"https:\/\/blog.polityka.pl\/passent\/2016\/06\/12\/abc-arogancja-buta-chamstwo-2\/","title":{"rendered":"ABC \u2013 arogancja, buta, chamstwo"},"content":{"rendered":"<p>Wstyd, wstyd \u2013 to uczucie, kt\u00f3re odczuwamy coraz bardziej. Dr\u017c\u0119 z niepokoju o polskich pi\u0142karzy i \u2013 co gorsza \u2013 polskich kibic\u00f3w, zw\u0142aszcza ich cz\u0119\u015b\u0107 kibolsk\u0105.<br \/>\n<!--more--><br \/>\nW\u015br\u00f3d kiboli nie brak chamstwa, ale kto ich ma wychowywa\u0107, kto ma im da\u0107 przyk\u0142ad, je\u015bli najpot\u0119\u017cniejszy polityk w kraju m\u00f3wi z trybuny sejmowej do opozycji: \u201eWczoraj bronili\u015bcie z\u0142odziei, dzisiaj bronicie terroryst\u00f3w\u201d. Prezes Kaczy\u0144ski lubi podkre\u015bla\u0107, \u017ce Tusk i sp\u00f3\u0142ka wychowali si\u0119 na ulicy, na podw\u00f3rku, a on nale\u017cy do inteligencji \u017coliborskiej. Je\u017celi tak, to PiS powinien wykorzysta\u0107 okres swoich rz\u0105d\u00f3w (mo\u017ce nawet 8 lat!) dla podniesienia poziomu debaty publicznej.<\/p>\n<p>Przesta\u0107 m\u00f3wi\u0107 o \u201eunijnej szmacie\u201d, przesta\u0107 obra\u017ca\u0107 Komisj\u0119 Europejsk\u0105, m\u00f3wi\u0105c, \u017ce lektur\u0119 jej stanowiska (w sprawie polskiej!) mo\u017cna od\u0142o\u017cy\u0107 na p\u00f3\u017aniej, bo to jest nikogo nieobowi\u0105zuj\u0105ce zalecenie, zreszt\u0105 uchwalone bezprawnie. Gdyby\u015bmy mieli do czynienia z w\u0142adz\u0105, kt\u00f3ra ceni sobie poprawne stosunki w kraju, to prezydent wszystkich Polak\u00f3w Duda z ma\u0142\u017conk\u0105 nie wykonywaliby afrontu wobec du\u017cej cz\u0119\u015bci spo\u0142ecze\u0144stwa i nie wyje\u017cd\u017cali z Polski 4 czerwca, w rocznic\u0119 pami\u0119tnych wybor\u00f3w, kiedy sko\u0144czy\u0142 si\u0119 socjalizm.<\/p>\n<p>Zamiast zwiedza\u0107 Neapol i Pompeje oraz uczestniczy\u0107 w uroczysto\u015bci watyka\u0144skiej, w kt\u00f3rej m\u00f3g\u0142 wzi\u0105\u0107 udzia\u0142 inny przedstawiciel Polski, np. marsza\u0142ek Sejmu lub Senatu, pierwsza para powinna by\u0142a by\u0107 tego dnia w Polsce, z Polakami, bo \u2013 czy si\u0119 to komu\u015b podoba czy nie \u2013 wygumkowa\u0107 tej daty si\u0119 nie da.<\/p>\n<p>Pisz\u0119 ca\u0142kiem serio \u2013 je\u017celi panowie i panie z obozu rz\u0105dz\u0105cego chc\u0105 podnie\u015b\u0107 poziom kultury politycznej, to powinni zacz\u0105\u0107 od siebie \u2013 nie dlatego, \u017ce s\u0105 gorsi (na ten temat zdania s\u0105 podzielone), ale poniewa\u017c pe\u0142ni\u0105 w\u0142adz\u0119 i s\u0105 najbardziej zdyscyplinowani. Jedno s\u0142owo prezesa wystarczy\u0142oby, \u017ceby ukr\u00f3ci\u0107 chamstwo w obozie w\u0142adzy, a wtedy i opozycja by\u0142aby zmuszona si\u0119 dostosowa\u0107.<\/p>\n<p>Ale brak kultury to nie tylko brutalne s\u0142ownictwo i absurdalne oskar\u017cenia o \u201eobron\u0119 terroryst\u00f3w\u201d. To tak\u017ce elementarne poszanowanie historii. Jaki\u017c to wstyd dla Polski, \u017ce Niemcy upominaj\u0105 si\u0119 o nasz\u0105, polsk\u0105, histori\u0119.<\/p>\n<p>Pe\u0142nomocnik rz\u0105du RFN ds. mniejszo\u015bci Hartmut Koshyk (z prawicowej CSU) ostro skrytykowa\u0142 pokazywan\u0105 w Bundestagu wystaw\u0119 \u201ePolska i Niemcy \u2013 historia dialogu\u201d jako \u201esprzeczn\u0105 z kryteriami naukowymi, w t\u0142o zepchni\u0119ta zosta\u0142a rola wolnego zwi\u0105zku zawodowego Solidarno\u015b\u0107, a ca\u0142kowicie przemilczany zosta\u0142 jej odwa\u017cny w\u00f3wczas przyw\u00f3dca, Lech Wa\u0142\u0119sa\u201d. Koshyk przypomina wizyt\u0119 prezydenta Wa\u0142\u0119sy w Niemczech w 1992 roku i \u201ewybitn\u0105 rol\u0119\u201d, jak\u0105 odegra\u0142 w dialogu z Niemcami.<\/p>\n<p>Wspomnia\u0142 tak\u017ce o braku najmniejszej wzmianki o \u201eokr\u0105g\u0142ym stole\u201d, kt\u00f3ry w latach 1989-1990 mia\u0142 by\u0107 wzorem dla podobnej inicjatywy w NRD. Wa\u0142\u0119sy na wystawie nie ma, ale Lech Kaczy\u0144ski i Beata Szyd\u0142o \u2013 s\u0105 (zw\u0142aszcza zas\u0142ugi pani premier dla stosunk\u00f3w polsko-niemieckich s\u0105 donios\u0142e\u2026).<\/p>\n<p>Trudno bez za\u017cenowania czyta\u0107 o takich kr\u0119tactwach, o takim wykorzystywaniu historii do bie\u017c\u0105cych potrzeb rz\u0105dz\u0105cych. Inny przyk\u0142ad nonszalancji historycznej daje minister Krzysztof Szczerski z Kancelarii Prezydenta. Jeszcze kilka miesi\u0119cy temu podkre\u015bla\u0142 podstawowe r\u00f3\u017cnice i sprzeczno\u015bci pomi\u0119dzy naszymi pa\u0144stwami, m\u00f3wi\u0142, \u017ce nie mo\u017cemy gra\u0107 w jednej orkiestrze z Niemcami, \u201eNiemcy s\u0105 po drugiej stronie\u201d i musimy tworzy\u0107 \u201esojusz bez Niemiec\u201d.<\/p>\n<p>Dzisiaj, na kilka tygodni przed szczytem NATO i 25. rocznic\u0105 traktatu o dobrym s\u0105siedztwie, Szczerski \u201eprotestuje przeciwko tworzeniu klimatu z\u0142ych relacji polsko-niemieckich\u201d. Wczoraj \u2013 zagro\u017cenie \u201eniemieck\u0105 Europ\u0105\u201d, dzisiaj &#8211; \u201eNiemcy, nasz pierwszy partner\u201d. Jak\u0105 wiarygodno\u015b\u0107 ma mie\u0107 Polska, je\u015bli minister zmienia melodi\u0119 i tekst z tygodnia na tydzie\u0144?<\/p>\n<p>Arogancja to nie tylko \u201ebrak czasu\u201d na zapoznanie si\u0119 z dokumentem Komisji Europejskiej (min. Waszczykowski, min. Kempa, marsza\u0142ek Kuchci\u0144ski), potem obcesowe przyznanie, \u017ce minister zapozna\u0142 si\u0119 \u201epobie\u017cnie\u201d, a marsza\u0142ek odpowiada dziennikarce pytaniem: \u201eOpinia, a jaka opinia?\u201d. To chamstwo, kt\u00f3re przysparza nam wrog\u00f3w, taka mowa, j\u0119zyk IV RP, to po prostu sabota\u017c polskiej polityki zagranicznej. S\u0142u\u017cba zagraniczna powinna polepsza\u0107, a nie psu\u0107 atmosfer\u0119 wobec naszego pa\u0144stwa. Tymczasem przez media \u015bwiatowe przetacza si\u0119 fala krytycyzmu wobec polityki naszego (?) rz\u0105du, kt\u00f3ra si\u0142\u0105 rzeczy obci\u0105\u017ca konto Polski. Spadek zaufania inwestor\u00f3w do naszego kraju, do z\u0142ot\u00f3wki, jest ewidentny.<\/p>\n<p>Na koniec \u2013 niepoj\u0119ta decyzja prokuratury w sprawie gigantycznego transparentu na stadionie Legii: \u201eKOD, Nowoczesna, GW, Lis, Olejnik i inne ladacznie (\u2026) dla was b\u0119d\u0105 szubienice\u201d. Je\u017celi to nie jest mowa nienawi\u015bci, znies\u0142awienie, gro\u017cenie \u015bmierci\u0105 i zwyk\u0142e zdziczenie, to ja jestem \u015bwi\u0119tym tureckim. <\/p>\n<p>Zdaniem pani prokurator Agnieszki Ma\u0142yszki (warto zapami\u0119ta\u0107 to nazwisko; mo\u017ce chce zrobi\u0107 karier\u0119 prokuratora Piotrowicza?) tre\u015b\u0107 transparentu mog\u0142a by\u0107 krytyk\u0105 tych, kt\u00f3rzy wygwizdali prezydenta na Stadionie Narodowym, pani Olejnik i pan Lis sami nie zg\u0142osili si\u0119 w sprawie (czytaj: nie poczuli si\u0119 zagro\u017ceni), wreszcie, ci\u0105gle zdaniem prokurator, bycie politykiem, osob\u0105 publiczn\u0105 \u201ewymaga wi\u0119kszej odporno\u015bci\u201d. Ciekawe, jak\u0105 odporno\u015bci\u0105 wyka\u017ce si\u0119 pani Ma\u0142yszka, gdy (nie daj Bo\u017ce!) z powodu swoich decyzji sama stanie si\u0119 ofiar\u0105 hejtu. Zamiast broni\u0107 dobrych obyczaj\u00f3w raduje \u201epana Zbyszka\u201d.  <\/p>\n<p>Ciekawe tak\u017ce, co by by\u0142o, gdyby na tym transparencie zamiast Nowoczesnej pojawili si\u0119 PiS, jego prezes i Pan Zbyszek z prokuratury? Wszystko to arogancja, buta, chamstwo.<\/p>\n","protected":false},"excerpt":{"rendered":"<p>Wstyd, wstyd \u2013 to uczucie, kt\u00f3re odczuwamy coraz bardziej. Dr\u017c\u0119 z niepokoju o polskich pi\u0142karzy i \u2013 co gorsza \u2013 polskich kibic\u00f3w, zw\u0142aszcza ich cz\u0119\u015b\u0107 kibolsk\u0105.<\/p>\n","protected":false},"author":4,"featured_media":0,"comment_status":"open","ping_status":"closed","sticky":false,"template":"","format":"standard","meta":{"footnotes":""},"categories":[1],"tags":[],"_links":{"self":[{"href":"https:\/\/blog.polityka.pl\/passent\/wp-json\/wp\/v2\/posts\/3451"}],"collection":[{"href":"https:\/\/blog.polityka.pl\/passent\/wp-json\/wp\/v2\/posts"}],"about":[{"href":"https:\/\/blog.polityka.pl\/passent\/wp-json\/wp\/v2\/types\/post"}],"author":[{"embeddable":true,"href":"https:\/\/blog.polityka.pl\/passent\/wp-json\/wp\/v2\/users\/4"}],"replies":[{"embeddable":true,"href":"https:\/\/blog.polityka.pl\/passent\/wp-json\/wp\/v2\/comments?post=3451"}],"version-history":[{"count":6,"href":"https:\/\/blog.polityka.pl\/passent\/wp-json\/wp\/v2\/posts\/3451\/revisions"}],"predecessor-version":[{"id":3457,"href":"https:\/\/blog.polityka.pl\/passent\/wp-json\/wp\/v2\/posts\/3451\/revisions\/3457"}],"wp:attachment":[{"href":"https:\/\/blog.polityka.pl\/passent\/wp-json\/wp\/v2\/media?parent=3451"}],"wp:term":[{"taxonomy":"category","embeddable":true,"href":"https:\/\/blog.polityka.pl\/passent\/wp-json\/wp\/v2\/categories?post=3451"},{"taxonomy":"post_tag","embeddable":true,"href":"https:\/\/blog.polityka.pl\/passent\/wp-json\/wp\/v2\/tags?post=3451"}],"curies":[{"name":"wp","href":"https:\/\/api.w.org\/{rel}","templated":true}]}}