
{"id":3459,"date":"2016-06-15T19:29:55","date_gmt":"2016-06-15T17:29:55","guid":{"rendered":"http:\/\/passent.blog.polityka.pl\/?p=3459"},"modified":"2016-06-18T10:06:52","modified_gmt":"2016-06-18T08:06:52","slug":"trump-i-brexit-nieszczescia-chodza-parami","status":"publish","type":"post","link":"https:\/\/blog.polityka.pl\/passent\/2016\/06\/15\/trump-i-brexit-nieszczescia-chodza-parami\/","title":{"rendered":"Trump i Brexit. Nieszcz\u0119\u015bcia chodz\u0105 parami"},"content":{"rendered":"<p>Ledwo cz\u0142owiek zd\u0105\u017cy\u0142 si\u0119 oswoi\u0107 z bezapelacyjnym zwyci\u0119stwem Prawa i Sprawiedliwo\u015bci, a ju\u017c musi stawi\u0107 czo\u0142a kolejnym nieszcz\u0119\u015bciom \u2013 coraz bardziej prawdopodobnej wygranej Trumpa i Brexitu.<br \/>\n<!--more--><br \/>\nJedno i drugie jest oznak\u0105 jakiej\u015b szerszej rewolty, rebelii, kt\u00f3ra idzie przez \u015bwiat zachodni. Odrzucenie starych porz\u0105dk\u00f3w oraz ludzi i instytucji, kt\u00f3re je uosabiaj\u0105.<\/p>\n<p>Za\u015bciankowy demagog, ksenofob i awanturnik jest o w\u0142os od zdobycia w\u0142adzy nie tylko w jedynym supermocarstwie, ale du\u017co wi\u0119cej \u2013 o krok od zostania najpot\u0119\u017cniejszym cz\u0142owiekiem na kuli ziemskiej. Nie do\u015b\u0107, \u017ce w\u0142adza w Polsce trafi\u0142a w r\u0119ce cz\u0142owieka \u2013 delikatnie pisz\u0105c \u2013 kontrowersyjnego, to jeszcze liderem \u015bwiata zachodniego mo\u017ce zosta\u0107 osobnik niedo\u015bwiadczony i niepowa\u017cny &#8211; tylko dlatego, \u017ce dobrze wyczuwa nastroje znacznej cz\u0119\u015bci spo\u0142ecze\u0144stwa ameryka\u0144skiego, przede wszystkim wzrost nastroj\u00f3w ksenofobicznych (w tym tradycyjnie otwartym i pluralistycznym kraju imigrant\u00f3w), rosn\u0105c\u0105 utrat\u0105 poczucia si\u0142y i bezpiecze\u0144stwa, izolacjonizm nie tylko wobec imigrant\u00f3w z Po\u0142udnia, ale i wobec reszty \u015bwiata.<\/p>\n<p>To musi ugodzi\u0107 w sojusz zachodni, w NATO, w tym w Polsk\u0119, dla kt\u00f3rej Stany Zjednoczone s\u0105 najwa\u017cniejszym sojusznikiem i gwarantem bezpiecze\u0144stwa. Sukces Trumpa by\u0142by najwi\u0119kszym prezentem dla Putina. Gdyby Putin m\u00f3g\u0142, g\u0142osowa\u0142by na Trumpa, na Ameryk\u0119 nieprzewidywaln\u0105, niepowa\u017cn\u0105, odwr\u00f3con\u0105 ty\u0142em do \u015bwiata, co Moskwa skwapliwie wykorzysta. Hillary Clinton nie jest kandydatk\u0105 moich marze\u0144, ale wraz ze swoim m\u0119\u017cem stanowiliby tandem przewidywalny.<\/p>\n<p>Niestety, reprezentuj\u0105 star\u0105 elit\u0119 (star\u0105 nie w sensie Kennedych, tylko wczorajsz\u0105), s\u0105 bogaci, zasiedziali, a po zasiedzia\u0142ej rodzinie Bush\u00f3w i Kennedych wielu Amerykan\u00f3w ma po prostu ich do\u015b\u0107 i pragnie zmiany. Nie chc\u0105 monarchii dziedzicznej, chc\u0105 kogo\u015b spoza waszyngto\u0144skiej elity. Niestety \u201ezmiana\u201d to dzi\u015b has\u0142o najpopularniejsze, nawet gdyby to mia\u0142a by\u0107 zmiana na gorsze.<\/p>\n<p>Kolejna zmiana na gorsze to ewentualny Brexit \u2013 wyj\u015bcie Wielkiej Brytanii z Unii Europejskiej. Przede wszystkim nale\u017cy pogratulowa\u0107 politykom PiS, \u017ce nazajutrz po doj\u015bciu do w\u0142adzy og\u0142osili, \u017ce od teraz naszym strategicznym sojusznikiem b\u0119dzie Wielka Brytania! Zgorszeni supremacj\u0105 Niemiec, odwo\u0142uj\u0105c si\u0119 do starych resentyment\u00f3w antyniemieckich, postanowili powsta\u0107 z kolan, uwolni\u0107 nas spod dyktatu Berlina, kt\u00f3remu wys\u0142ugiwa\u0142 si\u0119 Tusk, przeciwstawi\u0107 si\u0119 \u201eniemieckiej Europie\u201d (tak, tak m\u00f3wi\u0142 minister Szczerski), utworzy\u0107 o\u015b eurosceptyk\u00f3w Warszawa \u2013 Londyn \u2013 Budapeszt i w og\u00f3le zacz\u0105\u0107 miesza\u0107 na europejskiej szachownicy, snuj\u0105c mrzonki o Mi\u0119dzymorzu itp., jednocze\u015bnie broni\u0105c praw naszych rodak\u00f3w do \u015bwiadcze\u0144 socjalnych w Wielkiej Brytanii, kt\u00f3re s\u0105 sol\u0105 w oku Brytyjczyk\u00f3w.<\/p>\n<p>Zamiast tego grozi nam Brexit \u2013 cios w r\u00f3wnowag\u0119 si\u0142 w Europie (podzielona Europa to kolejny prezent dla Putina), cios w najbli\u017cszego sojusznika politycznego i militarnego Stan\u00f3w Zjednoczonych w Europie, cios w londy\u0144skie City, cios w interesy polskie na Wyspie i w og\u00f3le w Europie, cios przynajmniej w cz\u0119\u015b\u0107 naszych rodak\u00f3w w Zjednoczonym Kr\u00f3lestwie, ba, bior\u0105c pod uwag\u0119 prounijne nastroje w Szkocji \u2013 cios w Commonwealth. <\/p>\n<p>No i pot\u0119\u017cny cios w Uni\u0119, kt\u00f3ra zapewne podzieli si\u0119 na Uni\u0119 dw\u00f3ch pr\u0119dko\u015bci. Niemcy, Francja, kraje Beneluxu, twarde j\u0105dro Unii &#8211; bez Wielkiej  Brytanii rusz\u0105 z kopyta, przyspiesz\u0105 integracj\u0119, a my znajdziemy si\u0119 za burt\u0105.<\/p>\n<p>Trump i Brexit \u2013 nieszcz\u0119\u015bcia chodz\u0105 parami. Chyba \u017ce zdarzy si\u0119 cud.<\/p>\n","protected":false},"excerpt":{"rendered":"<p>Ledwo cz\u0142owiek zd\u0105\u017cy\u0142 si\u0119 oswoi\u0107 z bezapelacyjnym zwyci\u0119stwem Prawa i Sprawiedliwo\u015bci, a ju\u017c musi stawi\u0107 czo\u0142a kolejnym nieszcz\u0119\u015bciom \u2013 coraz bardziej prawdopodobnej wygranej Trumpa i Brexitu.<\/p>\n","protected":false},"author":4,"featured_media":0,"comment_status":"open","ping_status":"closed","sticky":false,"template":"","format":"standard","meta":{"footnotes":""},"categories":[1],"tags":[],"_links":{"self":[{"href":"https:\/\/blog.polityka.pl\/passent\/wp-json\/wp\/v2\/posts\/3459"}],"collection":[{"href":"https:\/\/blog.polityka.pl\/passent\/wp-json\/wp\/v2\/posts"}],"about":[{"href":"https:\/\/blog.polityka.pl\/passent\/wp-json\/wp\/v2\/types\/post"}],"author":[{"embeddable":true,"href":"https:\/\/blog.polityka.pl\/passent\/wp-json\/wp\/v2\/users\/4"}],"replies":[{"embeddable":true,"href":"https:\/\/blog.polityka.pl\/passent\/wp-json\/wp\/v2\/comments?post=3459"}],"version-history":[{"count":4,"href":"https:\/\/blog.polityka.pl\/passent\/wp-json\/wp\/v2\/posts\/3459\/revisions"}],"predecessor-version":[{"id":3463,"href":"https:\/\/blog.polityka.pl\/passent\/wp-json\/wp\/v2\/posts\/3459\/revisions\/3463"}],"wp:attachment":[{"href":"https:\/\/blog.polityka.pl\/passent\/wp-json\/wp\/v2\/media?parent=3459"}],"wp:term":[{"taxonomy":"category","embeddable":true,"href":"https:\/\/blog.polityka.pl\/passent\/wp-json\/wp\/v2\/categories?post=3459"},{"taxonomy":"post_tag","embeddable":true,"href":"https:\/\/blog.polityka.pl\/passent\/wp-json\/wp\/v2\/tags?post=3459"}],"curies":[{"name":"wp","href":"https:\/\/api.w.org\/{rel}","templated":true}]}}