
{"id":3464,"date":"2016-06-19T12:40:18","date_gmt":"2016-06-19T10:40:18","guid":{"rendered":"http:\/\/passent.blog.polityka.pl\/?p=3464"},"modified":"2016-06-19T12:55:05","modified_gmt":"2016-06-19T10:55:05","slug":"ratujcie-nasze-dusze","status":"publish","type":"post","link":"https:\/\/blog.polityka.pl\/passent\/2016\/06\/19\/ratujcie-nasze-dusze\/","title":{"rendered":"Ratujcie nasze dusze!"},"content":{"rendered":"<p>Brytyjczycy by\u0107 mo\u017ce (oby nie!) wyst\u0105pi\u0105 z Unii Europejskiej, ale j\u0119zyk angielski pozostanie z nami. Wola\u0142bym, \u017ceby by\u0142o odwrotnie, to znaczy, \u017ceby Anglicy pozostali w Unii, ale ich \u2013 przepi\u0119kny sk\u0105din\u0105d &#8211; j\u0119zyk przesta\u0142 za\u015bmieca\u0107 polszczyzn\u0119.<br \/>\n<!--more--><br \/>\nMo\u017cna powiedzie\u0107 bez przesady, \u017ce trwa atak angielszczyzny na polszczyzn\u0119, j\u0119zyk naszych ojc\u00f3w i dziad\u00f3w znajduje si\u0119 w odwrocie. Na pewno jest to wynik spisku zachodnich elit przeciwko j\u0119zykowi Kochanowskiego i My\u015bliwskiego. Tak wra\u017cliwy na punkcie suwerenno\u015bci rz\u0105d i Sejm, zamiast podejmowa\u0107 deklaracje niepodleg\u0142o\u015bci i g\u0142osi\u0107, i\u017c jeste\u015bmy pa\u0144stwem suwerennym (jak gdyby kto\u015b w to w\u0105tpi\u0142), powinny zaj\u0105\u0107 si\u0119 obron\u0105 j\u0119zyka polskiego (warto uczy\u0107 si\u0119 od Francji).<\/p>\n<p>Oto kilka przyk\u0142ad\u00f3w z ostatnich 48 godzin. Rzecznik prasowy PSL Piotr Stefaniak m\u00f3wi w telewizji, \u017ce co\u015b b\u0119dzie \u201ebreaking newsem\u201d. Sprawozdawca sportowy Polsatu m\u00f3wi\u0142 wczoraj na antenie, i\u017c pi\u0142karz ma \u201esupertiming w wyj\u015bciu na g\u0142ow\u0119\u201d! Dzisiaj rano w reklamie radiowej sie\u0107 Lidl chwali\u0142a si\u0119, \u017ce posiada \u201eszeroki wyb\u00f3r koszul ka\u017cualowych\u201d. No i wreszcie cios w samo moje serce, bo chodzi o najnowsz\u0105 POLITYK\u0118. Joanna Nowakowska, analityczka rynku medi\u00f3w z firmy MEC, opowiada, \u017ce co czwarty internauta jest \u201eheavy userem\u201d d\u0142u\u017cszych tre\u015bci wideo.<\/p>\n<p>Na takie dictum cz\u0142owiek staje si\u0119 \u201eunhappy userem\u201d medi\u00f3w. Ogl\u0105daj\u0105c, s\u0142uchaj\u0105c i czytaj\u0105c to wszystko (pomijam rozmaitych \u201eaccount\u00f3w\u201d i \u201esalesmen\u00f3w\u201d, \u201epower pointy\u201d etc.), mam ochot\u0119 zaapelowa\u0107: mniej pomnik\u00f3w, uroczysto\u015bci, przem\u00f3wie\u0144 i film\u00f3w o suwerenno\u015bci, a wi\u0119cej j\u0119zyka polskiego, nie tylko w szko\u0142ach, ale i w miejscach pracy, w j\u0119zyku polityk\u00f3w, no i przede wszystkim w mediach. W agencjach reklamowych i w mediach powinny obowi\u0105zywa\u0107 normy poprawnej polszczyzny, warto wyda\u0107 odpowiednie s\u0142owniczki. M\u00f3wmy po polsku i \u015bmiejmy si\u0119 z tych, kt\u00f3rzy gwa\u0142c\u0105  suwerenno\u015b\u0107 naszego j\u0119zyka, wy\u015bmiewajmy anglopolski be\u0142kot. Pami\u0119tajcie, \u017ce Polacy nie g\u0119si&#8230;<\/p>\n<p>A teraz sprawy bie\u017c\u0105ce. Decyzja Polski o wys\u0142aniu 4 my\u015bliwc\u00f3w w rejon walki z pa\u0144stwem islamskim, na misj\u0119 szkoleniowo-rozpoznawcz\u0105 (210 os\u00f3b) \u2013 jest na pewno wymuszona jako cz\u0119\u015b\u0107 negocjacji dotycz\u0105cych bezpiecze\u0144stwa wschodniej flanki NATO, czyli naszego. Rozumowanie jest proste: im wi\u0119kszej obecno\u015bci NATO pragniemy u siebie, tym bardziej musimy uczestniczy\u0107 we wzmocnieniu \u201epo\u0142udniowej flanki\u201d Sojuszu. Nie ma nic takiego jak darmowy lunch. <\/p>\n<p>Dlaczego ta decyzja zosta\u0142a og\u0142oszona w\u0142a\u015bnie teraz, na kilka tygodni przed szczytem NATO? W\u0142a\u015bnie dlatego, \u017ce du\u017co oczekujemy (i mamy obiecane\/wynegocjowane) \u2013 du\u017co we\u0144 inwestujemy. Oczywi\u015bcie, ca\u0142y czas musimy mie\u0107 w pami\u0119ci kolosaln\u0105 wpadk\u0119, jak\u0105 by\u0142o wys\u0142anie naszych wojsk do Iraku, co by\u0142o skutkiem gigantycznego oszustwa duetu Powell\u2013Bush, kt\u00f3ry wmawia\u0142 (i wm\u00f3wi\u0142) nam, \u017ce Husajn czynnie wspiera terroryzm i dysponuje broni\u0105 masowej zag\u0142ady. Zapewne to mia\u0142 na my\u015bli Andrzej Duda, gdy w kampanii wyborczej zapewnia\u0142, \u017ce polscy \u017co\u0142nierze nie b\u0119d\u0105 wysy\u0142ani na misje zagraniczne. Dzisiaj widzimy, jak \u201eniez\u0142omny\u201d prezydent Duda ugi\u0105\u0142 si\u0119 pod naciskiem, ale czy mia\u0142 lepsze wyj\u015bcie, je\u015bli stawk\u0105 jest wzmocnienie wschodniej flanki NATO?<\/p>\n<p>Bohaterem sezonu politycznego jest minister obrony Antoni Macierewicz. Jego decyzja, \u017ce we wszystkich uroczysto\u015bciach z udzia\u0142em asysty honorowej Wojska Polskiego musz\u0105 by\u0107 odczytane imiona i nazwiska ofiar katastrofy smole\u0144skiej, jest nie do obrony. Co ma wsp\u00f3lnego katastrofa lotnicza w Smole\u0144sku z wydarzeniami czerwcowymi (1956) w Poznaniu? Decyzja Ministerstwa Obrony jest afrontem wobec ofiar Czerwca oraz ich rodzin, oni maj\u0105 prawo by\u0107 jedynymi bohaterami tych uroczysto\u015bci, nie wolno traktowa\u0107 ich hurtowo, to ma by\u0107 ich dzie\u0144. Kropka.<\/p>\n<p>Ponadto wciskanie do wszelkich wa\u017cnych uroczysto\u015bci z asyst\u0105 Wojska Polskiego ofiar katastrofy lotniczej spowoduje inflacj\u0119 Smole\u0144ska, reakcj\u0119 odwrotn\u0105 od zamierzonej. Ratujcie nasze dusze!<\/p>\n","protected":false},"excerpt":{"rendered":"<p>Brytyjczycy by\u0107 mo\u017ce (oby nie!) wyst\u0105pi\u0105 z Unii Europejskiej, ale j\u0119zyk angielski pozostanie z nami. Wola\u0142bym, \u017ceby by\u0142o odwrotnie, to znaczy, \u017ceby Anglicy pozostali w Unii, ale ich \u2013 przepi\u0119kny sk\u0105din\u0105d &#8211; j\u0119zyk przesta\u0142 za\u015bmieca\u0107 polszczyzn\u0119.<\/p>\n","protected":false},"author":4,"featured_media":0,"comment_status":"open","ping_status":"closed","sticky":false,"template":"","format":"standard","meta":{"footnotes":""},"categories":[1],"tags":[],"_links":{"self":[{"href":"https:\/\/blog.polityka.pl\/passent\/wp-json\/wp\/v2\/posts\/3464"}],"collection":[{"href":"https:\/\/blog.polityka.pl\/passent\/wp-json\/wp\/v2\/posts"}],"about":[{"href":"https:\/\/blog.polityka.pl\/passent\/wp-json\/wp\/v2\/types\/post"}],"author":[{"embeddable":true,"href":"https:\/\/blog.polityka.pl\/passent\/wp-json\/wp\/v2\/users\/4"}],"replies":[{"embeddable":true,"href":"https:\/\/blog.polityka.pl\/passent\/wp-json\/wp\/v2\/comments?post=3464"}],"version-history":[{"count":3,"href":"https:\/\/blog.polityka.pl\/passent\/wp-json\/wp\/v2\/posts\/3464\/revisions"}],"predecessor-version":[{"id":3467,"href":"https:\/\/blog.polityka.pl\/passent\/wp-json\/wp\/v2\/posts\/3464\/revisions\/3467"}],"wp:attachment":[{"href":"https:\/\/blog.polityka.pl\/passent\/wp-json\/wp\/v2\/media?parent=3464"}],"wp:term":[{"taxonomy":"category","embeddable":true,"href":"https:\/\/blog.polityka.pl\/passent\/wp-json\/wp\/v2\/categories?post=3464"},{"taxonomy":"post_tag","embeddable":true,"href":"https:\/\/blog.polityka.pl\/passent\/wp-json\/wp\/v2\/tags?post=3464"}],"curies":[{"name":"wp","href":"https:\/\/api.w.org\/{rel}","templated":true}]}}