
{"id":3470,"date":"2016-06-24T08:09:56","date_gmt":"2016-06-24T06:09:56","guid":{"rendered":"http:\/\/passent.blog.polityka.pl\/?p=3470"},"modified":"2016-06-24T10:28:01","modified_gmt":"2016-06-24T08:28:01","slug":"czarny-dzien","status":"publish","type":"post","link":"https:\/\/blog.polityka.pl\/passent\/2016\/06\/24\/czarny-dzien\/","title":{"rendered":"Czarny dzie\u0144"},"content":{"rendered":"<p>Brexit wygra\u0142 52:48. Sukces Brexitu to kl\u0119ska Europy. Nieszcz\u0119\u015bcie dla nas wszystkich. 23 czerwca to czarny dzie\u0144 Wielkiej Brytanii, jej rz\u0105du i premiera Camerona, czarny dzie\u0144 Polski, Europy i ca\u0142ego Zachodu. Koniec tego \u015bwiata, jaki znamy. Oczywi\u015bcie, \u201ecywilizacja bia\u0142ego cz\u0142owieka\u201d nie takie wstrz\u0105sy prze\u017cy\u0142a (cho\u0107by dwie wojny \u015bwiatowe, rewolucje, dyktatury zbrodniarzy od Stalina do Hitlera i Franco), ale nieszcz\u0119\u015bcie pozostaje nieszcz\u0119\u015bciem. Jego rozmiar i skutki trudno jeszcze przewidzie\u0107.<br \/>\n<!--more--><br \/>\nWyj\u015bcie Wielkiej Brytanii mo\u017ce w przysz\u0142o\u015bci oznacza\u0107 rozpad Zjednoczonego Kr\u00f3lestwa, cho\u0107by wy\u015bcie Szkocji, gdzie 62 proc. g\u0142osowa\u0142o za pozostaniem w UE. Uznaj\u0105 oni prymat prawa europejskiego w Szkocji. Podczas gdy Wielka Brytania b\u0119dzie negocjowa\u0107 warunki wyj\u015bcia z Unii, w Szkocji odb\u0119dzie si\u0119 referendum, a nast\u0119pnie negocjacje warunk\u00f3w jej wst\u0105pienia do Unii Europejskiej.<\/p>\n<p>Dla Wielkiej Brytanii to pot\u0119\u017cny cios. Funt brytyjski spadnie (ju\u017c jest najs\u0142abszy od 1980 roku), Brytania b\u0119dzie samotnym, wolnym krajem, co prawda powi\u0105zanym z Uni\u0105 i ze Stanami Zjednoczonymi wieloma wi\u0119zami, ale jednak przestanie wp\u0142aca\u0107 do unijnego bud\u017cetu (kt\u00f3ry zasila w 12 procentach), przymknie drzwi dla niezliczonych imigrant\u00f3w. Czekaj\u0105 j\u0105 co najmniej 2 lata trudnych negocjacji warunk\u00f3w rozstania z Bruksel\u0105. Nie b\u0119dzie ono ca\u0142kowite i automatyczne, m\u00f3wi si\u0119, \u017ce Wielka Brytania b\u0119dzie mia\u0142a status Norwegii \u2013 \u201eosobni, ale wspieraj\u0105cy\u201d. Cameron, rz\u0105d brytyjski i konserwaty\u015bci s\u0105 zagro\u017ceni, scena polityczna na Wyspach ulegnie przebudowie, tradycyjne partie \u2013 labourzy\u015bci, konserwaty\u015bci \u2013 zostan\u0105 os\u0142abione, zyskaj\u0105 nacjonali\u015bci i separaty\u015bci. Nigel Farage i nacjonali\u015bci triumfuj\u0105.<\/p>\n<p>Wyj\u015bcie Wielkiej Brytanii z Unii to woda na m\u0142yn dla nacjonalist\u00f3w, separatyst\u00f3w, zwolennik\u00f3w ograniczonej i spowolnionej integracji, eurosceptyk\u00f3w na naszym kontynencie, w tym w Polsce. Nie mo\u017cna wykluczy\u0107 reakcji \u0142a\u0144cuchowej. Przeciwnicy Unii i roszczeniowcy wszelkiej ma\u015bci podnios\u0105 g\u0142ow\u0119. <\/p>\n<p>Do podobnego referendum nawo\u0142uj\u0105 w Holandii. Europa i \u015bwiat zachodni stoj\u0105 wobec wyboru. Albo Marie Le Pen we Francji i populi\u015bci w innych krajach przewa\u017c\u0105, czyli ewentualne dalsze os\u0142abianie Unii, albo przeciwnie \u2013 wi\u0119cej integracji twardego j\u0105dra &#8211; Francji, Niemiec, W\u0142och i kraj\u00f3w Beneluxu, czyli w rezultacie podzia\u0142 na Europ\u0119 dw\u00f3ch pr\u0119dko\u015bci.<\/p>\n<p>Szanse na to s\u0105 jednak niewielkie. Europa znalaz\u0142a si\u0119 na zakr\u0119cie. Jak m\u00f3wi prof. Jan Zielonka w radiu TOK FM (u Jacka \u017bakowskiego), Unii w jej obecnym kszta\u0142cie grozi agonia i \u015bmier\u0107. Tak czy owak &#8211; Polska znajdzie si\u0119 w trudnej sytuacji. Stanie si\u0119 jeszcze wi\u0119kszym przedmiotem zainteresowania Rosji. Wp\u0142yw Unii na wydarzenia na Ukrainie spadnie. Wielka Brytana mia\u0142a dotychczas pewien wp\u0142yw na polityk\u0119 wschodni\u0105 Unii (i pogl\u0105dy zbli\u017cone do polskich), teraz ten wp\u0142yw zmaleje. Dla Polski i Polak\u00f3w wynik referendum jest fatalny, zar\u00f3wno tych w Wielkiej Brytanii, jak i u nas, w kraju.<\/p>\n<p>Sama Unia Europejska otrzyma\u0142a pot\u0119\u017cny cios. Politycznie i ekonomicznie doznaje os\u0142abienia. Tusk, Juncker, Schulz i inni b\u0119d\u0105 musieli przemy\u015ble\u0107 stosunek do decyzji Brytyjczyk\u00f3w, a tak\u017ce zastanowi\u0107 si\u0119, dlaczego Unia \u2013 cudowne dziecko Europy \u2013 straci\u0142a na atrakcyjno\u015bci. Uni\u0119 czeka rachunek sumienia. Co zmieni\u0107, \u017ceby ju\u017c nikt nie zechcia\u0142 z Unii odej\u015b\u0107? Stosunki USA \u2013 Europa ulegn\u0105 komplikacji. Negocjowany traktat o wolnym handlu USA \u2013 Unia, kt\u00f3ry mia\u0142 by\u0107 b\u0142ogos\u0142awie\u0144stwem, wyl\u0105duje w szufladzie. Bia\u0142y Dom i Kreml b\u0119d\u0105 mia\u0142y do czynienia z podzielon\u0105 Europ\u0105. To pi\u0119kny prezent dla Kremla.<\/p>\n<p>Dla Polski wynik referendum brytyjskiego to cios jeszcze z jednego powodu. \u201eStrategiczny partner\u201d rz\u0105du PiS znalaz\u0142 si\u0119 poza Uni\u0105. Unia b\u0119dzie jeszcze bardziej zdominowana przez Niemcy, by\u0107 mo\u017ce Francj\u0119, a celem rz\u0105du PiS jest os\u0142abienie roli Niemiec na kontynencie. \u201eWstawanie z kolan\u201d b\u0119dzie jeszcze trudniejsze. Kaczy\u0144ski b\u0119dzie musia\u0142 przemy\u015ble\u0107 stosunek Polski do Unii.<\/p>\n<p>Dla naszych rodak\u00f3w na Wyspach oraz tych, kt\u00f3rzy si\u0119 tam wybieraj\u0105, zacznie si\u0119 nowa, jeszcze nie do ko\u0144ca znana rzeczywisto\u015b\u0107. Na pewno nie b\u0119dzie tak s\u0142odko, bogato i prosto jak dotychczas. Wielka Brytania nie b\u0119dzie ju\u017c dla nas taka hojna, nie b\u0119dzie Ziemi\u0105 Obiecan\u0105. Smutny dzie\u0144 dla nas i dla Europy.<\/p>\n<p>Nie powinni\u015bmy obra\u017ca\u0107 si\u0119 na Uni\u0119, tylko pomy\u015ble\u0107, jak ratowa\u0107 jedno\u015b\u0107 Europy i Zachodu na nowych zasadach.<\/p>\n","protected":false},"excerpt":{"rendered":"<p>Brexit wygra\u0142 52:48. Sukces Brexitu to kl\u0119ska Europy. Nieszcz\u0119\u015bcie dla nas wszystkich. 23 czerwca to czarny dzie\u0144 Wielkiej Brytanii, jej rz\u0105du i premiera Camerona, czarny dzie\u0144 Polski, Europy i ca\u0142ego Zachodu. Koniec tego \u015bwiata, jaki znamy. Oczywi\u015bcie, \u201ecywilizacja bia\u0142ego cz\u0142owieka\u201d nie takie wstrz\u0105sy prze\u017cy\u0142a (cho\u0107by dwie wojny \u015bwiatowe, rewolucje, dyktatury zbrodniarzy od Stalina do Hitlera [&hellip;]<\/p>\n","protected":false},"author":4,"featured_media":0,"comment_status":"open","ping_status":"closed","sticky":false,"template":"","format":"standard","meta":{"footnotes":""},"categories":[1],"tags":[],"_links":{"self":[{"href":"https:\/\/blog.polityka.pl\/passent\/wp-json\/wp\/v2\/posts\/3470"}],"collection":[{"href":"https:\/\/blog.polityka.pl\/passent\/wp-json\/wp\/v2\/posts"}],"about":[{"href":"https:\/\/blog.polityka.pl\/passent\/wp-json\/wp\/v2\/types\/post"}],"author":[{"embeddable":true,"href":"https:\/\/blog.polityka.pl\/passent\/wp-json\/wp\/v2\/users\/4"}],"replies":[{"embeddable":true,"href":"https:\/\/blog.polityka.pl\/passent\/wp-json\/wp\/v2\/comments?post=3470"}],"version-history":[{"count":5,"href":"https:\/\/blog.polityka.pl\/passent\/wp-json\/wp\/v2\/posts\/3470\/revisions"}],"predecessor-version":[{"id":3475,"href":"https:\/\/blog.polityka.pl\/passent\/wp-json\/wp\/v2\/posts\/3470\/revisions\/3475"}],"wp:attachment":[{"href":"https:\/\/blog.polityka.pl\/passent\/wp-json\/wp\/v2\/media?parent=3470"}],"wp:term":[{"taxonomy":"category","embeddable":true,"href":"https:\/\/blog.polityka.pl\/passent\/wp-json\/wp\/v2\/categories?post=3470"},{"taxonomy":"post_tag","embeddable":true,"href":"https:\/\/blog.polityka.pl\/passent\/wp-json\/wp\/v2\/tags?post=3470"}],"curies":[{"name":"wp","href":"https:\/\/api.w.org\/{rel}","templated":true}]}}