
{"id":348,"date":"2007-10-04T00:01:25","date_gmt":"2007-10-03T22:01:25","guid":{"rendered":"http:\/\/passent.blog.polityka.pl\/?p=348"},"modified":"2007-10-05T15:30:52","modified_gmt":"2007-10-05T13:30:52","slug":"twarde-ladowanie","status":"publish","type":"post","link":"https:\/\/blog.polityka.pl\/passent\/2007\/10\/04\/twarde-ladowanie\/","title":{"rendered":"Twarde l\u0105dowanie"},"content":{"rendered":"<p>Kilkadziesi\u0105t lat temu, kiedy podr\u00f3\u017cowanie samolotami nie by\u0142o rozpowszechnione, po wyl\u0105dowaniu samolotu pasa\u017cerowie klaskali z rado\u015bci, \u017ce \u017cyj\u0105, \u017ce dotarli do Hameryki, albo do domu. Wczoraj, kiedy spragniony polskiego s\u0142owa drukowanego, rzuci\u0142em si\u0119 na dwie g\u0142\u00f3wne gazety \u2013 prorz\u0105dow\u0105 i opozycyjn\u0105 \u2013 po ich lekturze odnios\u0142em wra\u017cenie, \u017ce nie pozostaje nic innego tylko klaska\u0107. I to premierowi! Wszystko uk\u0142ada si\u0119 po jego my\u015bli. Nie wiadomo, dlaczego Jaros\u0142aw Kaczy\u0144ski jest z\u0142y na media, skoro przynosz\u0105 tyle dobrych wiadomo\u015bci. Gdyby o mnie tak gazety pisa\u0142y, to bym wszystkie prenumerowa\u0142.<\/p>\n<p><!--more--><\/p>\n<p><strong>Oto niekt\u00f3re doniesienia wra\u017cej \u201eGazety\u201d<\/strong>:<\/p>\n<p>\u201eAtak gazowy na Ukrain\u0119\u201d, Moskwa straszy Kij\u00f3w przykr\u0119ceniem kurka, czyli zachowuje si\u0119 dok\u0142adnie tak, jak m\u00f3wi premier.<\/p>\n<p>\u201eKrauze zrezygnowa\u0142 z kierowania sp\u00f3\u0142k\u0105 Prokom\u201d \u2013 widocznie jednak ma co\u015b na sumieniu (albo kardyna\u0142 Dziwisz go nam\u00f3wi\u0142). Krauze odchodzi &#8211; uk\u0142ad si\u0119 sypie.<\/p>\n<p>IPN zaleca \u201eLekcje nienawi\u015bci\u201d w szko\u0142ach. Kolejny pow\u00f3d do rado\u015bci. Wszak nienawi\u015b\u0107 to uczucie bardzo premierowi bliskie, zw\u0142aszcza &#8211; nie ma przebacz dla esbek\u00f3w, postkomuny, uk\u0142adu i jego pomocnik\u00f3w.<\/p>\n<p>\u201ePos\u0142anka PO przy\u0142apana przez CBA\u201d \u2013 jeszcze jedna z\u0142odziejka na platformie \u2013 trudno o lepsz\u0105 wiadomo\u015b\u0107. Telewizyjna debata mia\u0142a rekordow\u0105 ogl\u0105dalno\u015b\u0107 \u2013 wiadomo: za co si\u0119 ten pan we\u017amie, to nar\u00f3d ogl\u0105da. \u201eNowa strategia Platformy \u2013 czyli samoch\u00f3d dla ka\u017cdego\u201d &#8211; trudno o tytu\u0142 bardziej dla Platformy kompromituj\u0105cy, wszak \u201esamoch\u00f3d dla ka\u017cdego\u201d to by\u0142 przecie\u017c volkswagen \u201egarbus\u201d, g\u0142o\u015bny (nie tylko dlatego, \u017ce ch\u0142odzony powietrzem) produkt z czas\u00f3w Wehrmachtu! Ulubiony samoch\u00f3d Adolfa. Chyba tytularz w \u201eGazecie\u201d chcia\u0142 podstawi\u0107 Platformie nog\u0119. W ka\u017cdym razie kolejny punkt dla premiera.<\/p>\n<p>&#8211; Episkopat nie b\u0119dzie debatowa\u0142 o Radiu Maryja \u2013 \u201eBogu niech b\u0119d\u0105 dzi\u0119ki\u201d \u2013 mo\u017ce powiedzie\u0107 JK. Ojciec Rydzyk trzyma si\u0119 mocno, Episkopat nie ulega presji \u201epiesk\u00f3w\u201d, o kt\u00f3rych m\u00f3wi\u0142 kiedy\u015b Prymas Glemp. O\u0142tarz wspiera tron \u2013 trudno, \u017ceby premier, kt\u00f3ry na tym tronie zasiada, nie by\u0142 zadowolony. Ko\u015bci\u00f3\u0142 jak zwykle nie anga\u017cuje si\u0119 w polityk\u0119, tylko biskup ostrzega przed g\u0142osowaniem na tych, kt\u00f3rzy nie maj\u0105 w r\u0119ku krzy\u017ca. Taki spos\u00f3b braku zaanga\u017cowania w polityk\u0119 na pewno premierowi odpowiada.<\/p>\n<p>Prezydent jedzie do Berlina \u2013 trudno, \u017ceby na dwa tygodnie przed wyborami wiadomo\u015b\u0107 ta nie ucieszy\u0142a premiera. Cho\u0107 pani Merkel chce izolowa\u0107 Polsk\u0119 i ma inne grzechy na sumieniu \u2013 na fotografiach z prezydentem wychodzi dobrze.<\/p>\n<p>Min. Religa zapobieg\u0142 ewakuacji szpitali \u2013 donosi \u201eDziennik\u201d na pierwszej stronie. Premier mo\u017ce by\u0107 zadowolony. Religa sprawuje si\u0119 dobrze \u2013 strajku nie ma (reformy te\u017c).<\/p>\n<p>Giertycha nie wpu\u015bcili do TVP \u2013 dobrze mu tak!<\/p>\n<p>Solorz ma co\u015b za uszami \u2013 wiadomo: polowanie na lisa \u017ale si\u0119 dla niego sko\u0144czy.<\/p>\n<p>Nawet recenzje z telewizyjnej debaty K2 nie s\u0105 dla premiera z\u0142e. Jak powiedzia\u0142 m\u00f3j uczony przyjaciel: \u201eKwa\u015bniewski broni\u0142 tego, co zrobi\u0142, zanim lewica wybory przegra\u0142a, a Kaczy\u0144ski zapowiada\u0142, co zrobi, kiedy wybory wygra.\u201d Nawet wymagaj\u0105ca Monika Olejnik przyzna\u0142a, \u017ce urz\u0119duj\u0105cy premier \u201edoskonale odrobi\u0142 lekcj\u0119\u201d. W sumie pierwsze wra\u017cenie z lektury polskich gazet: trwa triumfalny marsz premiera.<\/p>\n<p>Gdy samolot wyl\u0105dowa\u0142 w Warszawie, od\u0142o\u017cy\u0142em gazety i zacz\u0105\u0142em klaska\u0107: \u201eBrawo ten pan!\u201d. Pozostali pasa\u017cerowie spojrzeli na mnie zdziwieni, \u017ce taki stary, a pierwszy raz lecia\u0142 samolotem.<\/p>\n","protected":false},"excerpt":{"rendered":"<p>Kilkadziesi\u0105t lat temu, kiedy podr\u00f3\u017cowanie samolotami nie by\u0142o rozpowszechnione, po wyl\u0105dowaniu samolotu pasa\u017cerowie klaskali z rado\u015bci, \u017ce \u017cyj\u0105, \u017ce dotarli do Hameryki, albo do domu. Wczoraj, kiedy spragniony polskiego s\u0142owa drukowanego, rzuci\u0142em si\u0119 na dwie g\u0142\u00f3wne gazety \u2013 prorz\u0105dow\u0105 i opozycyjn\u0105 \u2013 po ich lekturze odnios\u0142em wra\u017cenie, \u017ce nie pozostaje nic innego tylko klaska\u0107. I [&hellip;]<\/p>\n","protected":false},"author":4,"featured_media":0,"comment_status":"open","ping_status":"open","sticky":false,"template":"","format":"standard","meta":{"footnotes":""},"categories":[1],"tags":[],"_links":{"self":[{"href":"https:\/\/blog.polityka.pl\/passent\/wp-json\/wp\/v2\/posts\/348"}],"collection":[{"href":"https:\/\/blog.polityka.pl\/passent\/wp-json\/wp\/v2\/posts"}],"about":[{"href":"https:\/\/blog.polityka.pl\/passent\/wp-json\/wp\/v2\/types\/post"}],"author":[{"embeddable":true,"href":"https:\/\/blog.polityka.pl\/passent\/wp-json\/wp\/v2\/users\/4"}],"replies":[{"embeddable":true,"href":"https:\/\/blog.polityka.pl\/passent\/wp-json\/wp\/v2\/comments?post=348"}],"version-history":[{"count":0,"href":"https:\/\/blog.polityka.pl\/passent\/wp-json\/wp\/v2\/posts\/348\/revisions"}],"wp:attachment":[{"href":"https:\/\/blog.polityka.pl\/passent\/wp-json\/wp\/v2\/media?parent=348"}],"wp:term":[{"taxonomy":"category","embeddable":true,"href":"https:\/\/blog.polityka.pl\/passent\/wp-json\/wp\/v2\/categories?post=348"},{"taxonomy":"post_tag","embeddable":true,"href":"https:\/\/blog.polityka.pl\/passent\/wp-json\/wp\/v2\/tags?post=348"}],"curies":[{"name":"wp","href":"https:\/\/api.w.org\/{rel}","templated":true}]}}