
{"id":3480,"date":"2016-06-29T15:56:24","date_gmt":"2016-06-29T13:56:24","guid":{"rendered":"http:\/\/passent.blog.polityka.pl\/?p=3480"},"modified":"2016-06-29T19:36:36","modified_gmt":"2016-06-29T17:36:36","slug":"do-zobaczenia-janeczko","status":"publish","type":"post","link":"https:\/\/blog.polityka.pl\/passent\/2016\/06\/29\/do-zobaczenia-janeczko\/","title":{"rendered":"Do zobaczenia, Janeczko!"},"content":{"rendered":"<p>Dziennikarstwo polskie ponios\u0142o wielk\u0105 strat\u0119. Dzisiaj rano, 29 czerwca 2016 roku, zmar\u0142a wybitna publicystka i komentatorka Janina Paradowska.<br \/>\n<!--more--><br \/>\nBy\u0142a nasz\u0105 kole\u017cank\u0105, gwiazd\u0105, jednym z filar\u00f3w POLITYKI, nasz\u0105 najbardziej czytan\u0105 i popularn\u0105 autork\u0105. Pod wieloma wzgl\u0119dami by\u0142a publicystk\u0105 imponuj\u0105c\u0105. Cechowa\u0142y J\u0105 ogromna energia i pracowito\u015b\u0107, by\u0142a niezmordowana, zw\u0142aszcza po przedwczesnej i tragicznej \u015bmierci m\u0119\u017ca, Jerzego Zimowskiego, kiedy \u2013 jak mi kiedy\u015b powiedzia\u0142a \u2013 \u201eNie zosta\u0142o mi nic wi\u0119cej\u201d.<\/p>\n<p>Ch\u0119tnie bra\u0142a na siebie obowi\u0105zki, nieustannie pracowa\u0142a nad kolejnymi tekstami. By\u0142a dziennikark\u0105 niezwykle wszechstronn\u0105: Radio TOK FM, telewizja Superstacja (powinna by\u0142a mie\u0107 sw\u00f3j program w telewizji publicznej), komentarze w gazecie codziennej i przede wszystkim \u2013 tygodnik POLITYKA.<\/p>\n<p>By\u0142a \u015bwietnie poinformowana, wiedzia\u0142a, w jakim stadium znajduje si\u0119 projekt kolejnej ustawy, mia\u0142a doskona\u0142e kontakty w\u015br\u00f3d polityk\u00f3w, ksi\u0105\u017ceczk\u0119 telefoniczn\u0105, jakiej m\u00f3g\u0142by Jej pozazdro\u015bci\u0107 prawie ka\u017cdy dziennikarz. Szybka i zarazem rzetelna, fakty przez Ni\u0105 podane nigdy nie by\u0142y podwa\u017cane. <\/p>\n<p>Co innego opinie, te mia\u0142a w\u0142asne i zdecydowane, budz\u0105ce spory i dyskusje, co jest marzeniem ka\u017cdego dziennikarza i dziennikarki. Pisa\u0142a prosto i komunikatywnie. Pe\u0142na pomys\u0142\u00f3w nie tylko dla siebie, ale i dla Redakcji, \u017cyczliwa i pomocna. Poza dziennikarstwem pasjonowa\u0142y j\u0105 literatura, kultura i sztuka. Mia\u0142a zosta\u0107 aktork\u0105 \u2013 zosta\u0142a gwiazd\u0105 dziennikarstwa. I tak\u0105 pozostanie w mojej pami\u0119ci.<\/p>\n","protected":false},"excerpt":{"rendered":"<p>Dziennikarstwo polskie ponios\u0142o wielk\u0105 strat\u0119. Dzisiaj rano, 29 czerwca 2016 roku, zmar\u0142a wybitna publicystka i komentatorka Janina Paradowska.<\/p>\n","protected":false},"author":4,"featured_media":0,"comment_status":"open","ping_status":"closed","sticky":false,"template":"","format":"standard","meta":{"footnotes":""},"categories":[1],"tags":[],"_links":{"self":[{"href":"https:\/\/blog.polityka.pl\/passent\/wp-json\/wp\/v2\/posts\/3480"}],"collection":[{"href":"https:\/\/blog.polityka.pl\/passent\/wp-json\/wp\/v2\/posts"}],"about":[{"href":"https:\/\/blog.polityka.pl\/passent\/wp-json\/wp\/v2\/types\/post"}],"author":[{"embeddable":true,"href":"https:\/\/blog.polityka.pl\/passent\/wp-json\/wp\/v2\/users\/4"}],"replies":[{"embeddable":true,"href":"https:\/\/blog.polityka.pl\/passent\/wp-json\/wp\/v2\/comments?post=3480"}],"version-history":[{"count":3,"href":"https:\/\/blog.polityka.pl\/passent\/wp-json\/wp\/v2\/posts\/3480\/revisions"}],"predecessor-version":[{"id":3483,"href":"https:\/\/blog.polityka.pl\/passent\/wp-json\/wp\/v2\/posts\/3480\/revisions\/3483"}],"wp:attachment":[{"href":"https:\/\/blog.polityka.pl\/passent\/wp-json\/wp\/v2\/media?parent=3480"}],"wp:term":[{"taxonomy":"category","embeddable":true,"href":"https:\/\/blog.polityka.pl\/passent\/wp-json\/wp\/v2\/categories?post=3480"},{"taxonomy":"post_tag","embeddable":true,"href":"https:\/\/blog.polityka.pl\/passent\/wp-json\/wp\/v2\/tags?post=3480"}],"curies":[{"name":"wp","href":"https:\/\/api.w.org\/{rel}","templated":true}]}}