
{"id":3496,"date":"2016-07-09T10:26:16","date_gmt":"2016-07-09T08:26:16","guid":{"rendered":"http:\/\/passent.blog.polityka.pl\/?p=3496"},"modified":"2016-07-09T11:25:46","modified_gmt":"2016-07-09T09:25:46","slug":"thank-you-mister-president","status":"publish","type":"post","link":"https:\/\/blog.polityka.pl\/passent\/2016\/07\/09\/thank-you-mister-president\/","title":{"rendered":"Thank you, Mister President!"},"content":{"rendered":"<p>Najpierw s\u0142owa prezydenta Obamy na szczycie NATO w Warszawie, \u017ceby dotar\u0142y jak najszerzej, do ka\u017cdego polskiego domu.<br \/>\n<!--more--><br \/>\n\u201eDemokracja i pluralizm nie s\u0105 ograniczone kulturowo czy do jakiego\u015b okre\u015blonego kraju. Okre\u015blaj\u0105 one warto\u015bci uniwersalne, a centraln\u0105 zasad\u0105 ameryka\u0144skiej polityki zagranicznej jest wspieranie tych warto\u015bci na ca\u0142ym \u015bwiecie, tak\u017ce u naszych sojusznik\u00f3w. W tym duchu przekaza\u0142em prezydentowi Dudzie nasze zaniepokojenie pewnymi dzia\u0142aniami i impasem w zwi\u0105zku z Trybuna\u0142em Konstytucyjnym.<\/p>\n<p>(\u2026) Szanujemy polsk\u0105 suwerenno\u015b\u0107 i zdaj\u0119 sobie spraw\u0119, \u017ce parlament pracuje nad ustaw\u0105, kt\u00f3ra ma regulowa\u0107 t\u0119 spraw\u0119, ale jako przyjaciel i sojusznik wzywam wszystkie strony, aby wspiera\u0107 instytucje demokratyczne w Polsce. To w\u0142a\u015bnie sprawia, \u017ce jeste\u015bmy demokracjami: nie tylko s\u0142owa zapisane w konstytucji czy g\u0142osowanie w wyborach, ale tak\u017ce instytucje, od kt\u00f3rych zale\u017cymy ka\u017cdego dnia. Praworz\u0105dno\u015b\u0107, niezale\u017cna w\u0142adza s\u0105downicza i wolna prasa to warto\u015bci, na kt\u00f3rych Stanom Zjednoczonym bardzo zale\u017cy, warto\u015bci, kt\u00f3re le\u017c\u0105 u sedna naszego Sojuszu. Tak\u017ce u sedna NATO. To by\u0142y warto\u015bci, kt\u00f3re \u015bwi\u0119towali\u015bmy dwa lata temu na placu Zamkowym\u201d.<\/p>\n<p>Trudno przeceni\u0107 znaczenie tych s\u0142\u00f3w na temat obecnej sytuacji w Polsce, a tak\u017ce faktu, \u017ce prezydent Stan\u00f3w Zjednoczonych wypowiedzia\u0142 je nie tylko podczas rozmowy w cztery oczy z prezydentem Polski, ale powt\u00f3rzy\u0142 na konferencji prasowej, czyli wobec ca\u0142ego \u015bwiata. Ju\u017c kilka minut p\u00f3\u017aniej w depeszy agencji Reuters z Warszawy mogli\u015bmy przeczyta\u0107, \u017ce prezydent USA \u201ew niezwykle dosadnym wyst\u0105pieniu\u201d wezwa\u0142 rz\u0105d polski, by zrobi\u0142 wi\u0119cej na rzecz ochrony demokracji. Obama wyrazi\u0142 zaniepokojenie dzia\u0142aniami rz\u0105du polskiego, \u201ezmierzaj\u0105cymi do sparali\u017cowania Trybuna\u0142u Konstytucyjnego\u201d \u2013 donosi\u0142 Reuters.<\/p>\n<p>Rz\u0105d polski konsekwentnie lekcewa\u017cy\u0142 kolejne ostrze\u017cenia, jakie p\u0142yn\u0119\u0142y z r\u00f3\u017cnych kr\u0119g\u00f3w USA, spowodowane \u0142amaniem demokracji w Polsce. Najpierw by\u0142y g\u0142osy prasy zbli\u017conej do Bia\u0142ego Domu: artyku\u0142 Jacksona Diehla, by\u0142ego korespondenta \u201eWashington Post\u201d w Polsce. Potem podobne w tonie g\u0142osy \u201eThe Economist\u201d w Wielkiej Brytanii; list trzech senator\u00f3w, rzekomo \u201eniedoinformowanych\u201d, z legend\u0105 prawicy, republikaninem Johnem McCainem; upomnienie udzielone przez sekretarza Stanu Johna Kerry&#8217;ego; gorzkie s\u0142owa Billa Clintona pod adresem W\u0119gier i Polski \u00e0 la Putin na wiecu wyborczym Hillary; komentarze redakcyjne \u201eWP\u201d i \u201eNew York Times\u201d przed wyjazdem Obamy do Polski, wyra\u017caj\u0105ce nadziej\u0119, \u017ce prezydent zabierze g\u0142os na temat demokracji w naszym kraju&#8230;<\/p>\n<p>G\u0142osy prasy zachodniej by\u0142y przez ob\u00f3z PiS lekcewa\u017cone &#8211; jako inspirowane z Chobielina, przez Anne Applebaum, Radka Sikorskiego i kilku ich kolesi\u00f3w. Je\u015bli tak, to wp\u0142ywy tej pary si\u0119gaj\u0105 Bia\u0142ego Domu i NATO. Pozostaje im pogratulowa\u0107 i przeci\u0105gn\u0105\u0107 ich na nasz\u0105 stron\u0119.<\/p>\n<p>Wszystko to jest bardzo smutne i opozycja oraz niezale\u017cne media w Polsce nie powinny mie\u0107 \u017cadnej Schadenfreude dlatego, \u017ce nasz kraj jest przedmiotem specjalnej troski i reprymendy ze strony naszego najwa\u017cniejszego sojusznika i gwaranta naszego bezpiecze\u0144stwa. Niestety, rz\u0105d polski brnie dalej. Co prawda premier Szyd\u0142o i minister Waszczykowski mimo swej arogancji nie o\u015bmielili si\u0119 tym razem powiedzie\u0107, \u017ce s\u0142owa Obamy to \u201etylko opinia\u201d, \u201eniezobowi\u0105zuj\u0105ca\u201d jak \u201esugestie\u201d Komisji Weneckiej, ale w duchu tak sobie my\u015bl\u0105. Nie nale\u017cy si\u0119 spodziewa\u0107, \u017ce s\u0142owa Obamy zmieni\u0105 Kaczy\u0144skiego w liberalnego demokrat\u0119.<\/p>\n<p>Wida\u0107 to po zachowaniu medi\u00f3w publicznych\/narodowych. Wiadomo\u015bci TVP ca\u0142kowicie przemilcza\u0142y zapowied\u017a dyrektora Rady Bezpiecze\u0144stwa Narodowego USA, \u017ce w rozmowie z Dud\u0105 Obama poruszy kwesti\u0119 demokracji w Polsce. A gdy si\u0119 to ju\u017c sta\u0142o faktem, TVP stawa\u0142a na g\u0142owie, by wybra\u0107 tylko te s\u0142owa, w kt\u00f3rych prezydent USA wyra\u017ca si\u0119 z uznaniem o wysi\u0142kach Polski na rzecz demokracji.<\/p>\n<p>Wysz\u0142o na to, \u017ce i w tej dziedzinie jeste\u015bmy prymusem. Tak\u017ce prymusem w dziedzinie k\u0142amstwa historycznego, jak pokaza\u0142y Wiadomo\u015bci i oficjalna wystawa na temat polskiej drogi do NATO, z kt\u00f3rej wynika, \u017ce cz\u0142onkostwo w Pakcie zawdzi\u0119czamy tylko ludziom prawicy, panom Czaba\u0144skiemu (!), Olszewskiemu, braciom Kaczy\u0144skim, Macierewiczowi. Wed\u0142ug nowej polityki historycznej panowie Skubiszewski, Wa\u0142\u0119sa, Geremek, Kwa\u015bniewski nie odegrali w tej dziedzinie \u017cadnej roli lub wr\u0119cz byli hamulcowymi.<\/p>\n<p>Szkoda, \u017ce Barack Obama przyjecha\u0142 do Polski tylko na dwa dni. Tutaj potrzebny jest Herkules, i to na d\u0142u\u017cej.<\/p>\n<p><strong>ZAPROSZENIE<\/strong><br \/>\nDr Karolina WIGURA po d\u0142u\u017cszej nieobecno\u015bci (Oksford!), &#8222;Kultura Liberalna&#8221;, i Cezary MICHALSKI (&#8222;Krytyka Polityczna&#8221;) b\u0119d\u0105 naszymi go\u015b\u0107mi w Radiu TOK FM we wtorek, 12 lipca, jak zwykle o godz. 20.05. Jest o czym dyskutowa\u0107: Wielka Brytania \u2013 out, szczyt NATO i Barack Obama w Polsce. Zapraszam!<\/p>\n","protected":false},"excerpt":{"rendered":"<p>Najpierw s\u0142owa prezydenta Obamy na szczycie NATO w Warszawie, \u017ceby dotar\u0142y jak najszerzej, do ka\u017cdego polskiego domu.<\/p>\n","protected":false},"author":4,"featured_media":0,"comment_status":"open","ping_status":"closed","sticky":false,"template":"","format":"standard","meta":{"footnotes":""},"categories":[1],"tags":[],"_links":{"self":[{"href":"https:\/\/blog.polityka.pl\/passent\/wp-json\/wp\/v2\/posts\/3496"}],"collection":[{"href":"https:\/\/blog.polityka.pl\/passent\/wp-json\/wp\/v2\/posts"}],"about":[{"href":"https:\/\/blog.polityka.pl\/passent\/wp-json\/wp\/v2\/types\/post"}],"author":[{"embeddable":true,"href":"https:\/\/blog.polityka.pl\/passent\/wp-json\/wp\/v2\/users\/4"}],"replies":[{"embeddable":true,"href":"https:\/\/blog.polityka.pl\/passent\/wp-json\/wp\/v2\/comments?post=3496"}],"version-history":[{"count":5,"href":"https:\/\/blog.polityka.pl\/passent\/wp-json\/wp\/v2\/posts\/3496\/revisions"}],"predecessor-version":[{"id":3502,"href":"https:\/\/blog.polityka.pl\/passent\/wp-json\/wp\/v2\/posts\/3496\/revisions\/3502"}],"wp:attachment":[{"href":"https:\/\/blog.polityka.pl\/passent\/wp-json\/wp\/v2\/media?parent=3496"}],"wp:term":[{"taxonomy":"category","embeddable":true,"href":"https:\/\/blog.polityka.pl\/passent\/wp-json\/wp\/v2\/categories?post=3496"},{"taxonomy":"post_tag","embeddable":true,"href":"https:\/\/blog.polityka.pl\/passent\/wp-json\/wp\/v2\/tags?post=3496"}],"curies":[{"name":"wp","href":"https:\/\/api.w.org\/{rel}","templated":true}]}}