
{"id":35,"date":"2006-05-22T08:21:00","date_gmt":"2006-05-22T06:21:00","guid":{"rendered":"http:\/\/passent.blog.polityka.pl\/?p=35"},"modified":"2006-05-23T09:55:14","modified_gmt":"2006-05-23T07:55:14","slug":"35","status":"publish","type":"post","link":"https:\/\/blog.polityka.pl\/passent\/2006\/05\/22\/35\/","title":{"rendered":"Reakcji nie boimy si\u0119 !"},"content":{"rendered":"<p>Kochani Internauci, serdecznie dzi\u0119kuj\u0119 za reakcje na m\u00f3j blog! Zapewniam Was, \u017ce \u201ereakcji nie boimy si\u0119\u201d. Poniewa\u017c jeste\u015bcie bezczelnie m\u0142odzi, wi\u0119c nie pami\u0119tacie z czego to jest cytat. Zatem przypomn\u0119, \u017ce w latach 50. \u015bpiewa\u0142o si\u0119 tzw. pie\u015bni masowe:<\/p>\n<p>\u201eMy ZMP,<br \/>\nMy ZMP,<br \/>\nReakcji nie boimy si\u0119!<br \/>\nCho\u0107 nas zw\u0105 komsomolcami,<br \/>\nNie poddamy si\u0119!<br \/>\nReakcji si\u0119 nikt nie boi,<br \/>\nNie, o nie, nie!\u201d<\/p>\n<p>Dzi\u0119kuj\u0119 za wiele m\u0105drych i ciekawych komentarzy oraz polemik: Pani Gosi i De mode (za polityk\u00f3w w mediach i inne uwagi), KS za \u015bwietny pomys\u0142, \u017ceby\u00a0na stacjach benzynowych zamiast w\u00f3dki sprzedawa\u0107 szczoteczki i past\u0119 do z\u0119b\u00f3w (\u201e\u015bwie\u017cy oddech kierowcy\u201d), Marcelowi Dupcham, kt\u00f3ry jest odmiennego zdania, ale \u015bwietnie je formu\u0142uje, Arkadiuszowi Kostrzewskiemu z Frankfurtu ( do zobaczenia na Buchmesse, viel Glueck!), \u0141ukaszowi, kt\u00f3remu ch\u0119tnie podpisz\u0119 \u201eCodziennik\u201d (podobno podpis internetowy ma ju\u017c moc prawn\u0105), Owcarkowi podhala\u0144skiemu za dowcipne hau, hau, prosz\u0119 rozpowszechnia\u0107 na Podhalu, \u017ce \u201ePan Tadeusz\u201d (poemat i pensjonat w Zakopanym) to moja robota, Ani Bezemer, kt\u00f3ra ma ochot\u0119 pogada\u0107 (ja te\u017c&#8230;), Galopuj\u0105cemu majorowi (\u0142\u0105czy nas Barca), Jagodzie (za aktywno\u015b\u0107), Aster5, esce (tej ostatniej za komentarz w sprawie \u201eGazetofobii) oraz wielu bezimiennym Internautom.<\/p>\n<p>Dla autora, kt\u00f3ry dotychczas otrzymywa\u0142 zaledwie kilka list\u00f3w poczt\u0105, i to w dodatku\u00a0 dopiero par\u0119 dni po publikacji felietonu, takie komentarze \u2013 a propos i na czasie \u2013 to wielka rado\u015b\u0107 i potwierdzenie, \u017ce to, co pisze nie trafia w czarn\u0105 dziur\u0119. Dzi\u0119ki i piszcie, bo \u201ereakcji nie boimy si\u0119!\u201d.<\/p>\n","protected":false},"excerpt":{"rendered":"<p>Kochani Internauci, serdecznie dzi\u0119kuj\u0119 za reakcje na m\u00f3j blog! Zapewniam Was, \u017ce \u201ereakcji nie boimy si\u0119\u201d. Poniewa\u017c jeste\u015bcie bezczelnie m\u0142odzi, wi\u0119c nie pami\u0119tacie z czego to jest cytat. Zatem przypomn\u0119, \u017ce w latach 50. \u015bpiewa\u0142o si\u0119 tzw. pie\u015bni masowe: \u201eMy ZMP, My ZMP, Reakcji nie boimy si\u0119! Cho\u0107 nas zw\u0105 komsomolcami, Nie poddamy si\u0119! Reakcji [&hellip;]<\/p>\n","protected":false},"author":4,"featured_media":0,"comment_status":"open","ping_status":"open","sticky":false,"template":"","format":"standard","meta":{"footnotes":""},"categories":[1],"tags":[],"_links":{"self":[{"href":"https:\/\/blog.polityka.pl\/passent\/wp-json\/wp\/v2\/posts\/35"}],"collection":[{"href":"https:\/\/blog.polityka.pl\/passent\/wp-json\/wp\/v2\/posts"}],"about":[{"href":"https:\/\/blog.polityka.pl\/passent\/wp-json\/wp\/v2\/types\/post"}],"author":[{"embeddable":true,"href":"https:\/\/blog.polityka.pl\/passent\/wp-json\/wp\/v2\/users\/4"}],"replies":[{"embeddable":true,"href":"https:\/\/blog.polityka.pl\/passent\/wp-json\/wp\/v2\/comments?post=35"}],"version-history":[{"count":0,"href":"https:\/\/blog.polityka.pl\/passent\/wp-json\/wp\/v2\/posts\/35\/revisions"}],"wp:attachment":[{"href":"https:\/\/blog.polityka.pl\/passent\/wp-json\/wp\/v2\/media?parent=35"}],"wp:term":[{"taxonomy":"category","embeddable":true,"href":"https:\/\/blog.polityka.pl\/passent\/wp-json\/wp\/v2\/categories?post=35"},{"taxonomy":"post_tag","embeddable":true,"href":"https:\/\/blog.polityka.pl\/passent\/wp-json\/wp\/v2\/tags?post=35"}],"curies":[{"name":"wp","href":"https:\/\/api.w.org\/{rel}","templated":true}]}}