
{"id":350,"date":"2007-10-08T05:00:49","date_gmt":"2007-10-08T03:00:49","guid":{"rendered":"http:\/\/passent.blog.polityka.pl\/?p=350"},"modified":"2007-10-11T07:31:18","modified_gmt":"2007-10-11T05:31:18","slug":"rokoko","status":"publish","type":"post","link":"https:\/\/blog.polityka.pl\/passent\/2007\/10\/08\/rokoko\/","title":{"rendered":"Rokoko"},"content":{"rendered":"<p>Pani Minister Fotyga postanowi\u0142a zatrudni\u0107 w MSZ dekorator\u00f3w, kt\u00f3rzy maj\u0105 upi\u0119kszy\u0107 nasze ambasady za granic\u0105. Jest to pierwszy pomys\u0142 pani F., jaki popieram, gdy\u017c faktycznie wiele plac\u00f3wek umeblowanych jest byle jak, o zakupie mebli, dywan\u00f3w, lamp etc. decydowali urz\u0119dnicy bez gustu, bez pieni\u0119dzy i bez prawa decydowania, o ka\u017cdym szczeg\u00f3le decydowa\u0142a centrala \u2013 ona przysy\u0142a\u0142a obrazy, kieliszki i sztu\u0107ce.<\/p>\n<p><!--more--><\/p>\n<p>Nawet jednak je\u017celi polskie plac\u00f3wki b\u0119d\u0105 umeblowane w stylu rokoko, to najwa\u017cniejsze, kto na tych fotelach i szezlongach b\u0119dzie siedzia\u0142 oraz jak si\u0119 zachowa nasz Ludwik XV. W ostatnich dniach i tygodniach jeste\u015bmy \u015bwiadkami wielkiego przyp\u0142ywu chamstwa i prostactwa, ofensywy coraz bardziej rozbestwionej grupy trzymaj\u0105cej w\u0142adz\u0119, kt\u00f3rej nie pomog\u0105 nawet kryszta\u0142owe lustra w z\u0142otych ramach. Na konwencji wyborczej PiS w \u0141odzi, kt\u00f3ra przypomina\u0142a zjazdy partyjne w czasach \u201esystemu\u201d (szturm\u00f3wki, transparenty, od\u015bwi\u0119tnie ubrani zetempowcy, burzliwe oklaski po ka\u017cdym zdaniu), pan premier by\u0142 \u0142askaw powiedzie\u0107, \u017ce jego ekipa jest pierwsz\u0105, kt\u00f3ra prowadzi polityk\u0119 gospodarcz\u0105. Ile\u017c trzeba hucpy, \u017ceby powiedzie\u0107 tak\u0105 bredni\u0119. Przecie\u017c podwaliny transformacji w gospodarce po\u0142o\u017cy\u0142 Balcerowicz i rz\u0105d Mazowieckiego (a zacz\u0105\u0142 jeszcze rz\u0105d Rakowskiego), kt\u00f3rzy wprowadzili wolno\u015b\u0107 gospodarcz\u0105, wolny rynek, prywatyzacj\u0119, wymienialno\u015b\u0107 z\u0142ot\u00f3wki, sko\u0144czyli z autarki\u0105, zlikwidowali monopol pa\u0144stwa w handlu zagranicznym itd., itp. Mo\u017cna tak\u0105 transformacj\u0119 krytykowa\u0107, mo\u017ce nawet w konsekwencji wynios\u0142a Kaczy\u0144skich do w\u0142adzy, ale utrzymywa\u0107, \u017ce rz\u0105d JK jest pierwszym, kt\u00f3ry prowadzi polityk\u0119 gospodarcz\u0105 to bezpodstawne samochwalstwo i \u015bwiadectwo z\u0142ego wychowania \u2013 oznaka pogardy dla poprzednik\u00f3w.<\/p>\n<p>Wyj\u0105tkowo niefortunne (pisz\u0119 delikatnie, gdy\u017c nie chc\u0119 da\u0107 si\u0119 wci\u0105gn\u0105\u0107 w pysk\u00f3wk\u0119) by\u0142o tak\u017ce zaplanowanie uroczysto\u015bci katy\u0144skich przed wyborami oraz afront wobec OBWE \u2013 organizacji, w kt\u00f3rej Polska odgrywa\u0142a wa\u017cn\u0105 rol\u0119 (w ko\u0144cu lat 90. polski minister SZ, prof. Geremek, by\u0142 jej przewodnicz\u0105cym, co teraz oczywi\u015bcie dyskredytuje OBWE w oczach Warszawy). Czym\u017ce, jak nie chamstwem, nazwa\u0107 pozbycie si\u0119 Tomasza Lisa przez Polsat pod presj\u0105 w\u0142adz? Mo\u017cna Lisa lubi\u0107 albo nie, ale jest on ofiar\u0105 odzyskiwania medi\u00f3w przez IV RP. Kto\u015b powie, \u017ce Lis jest ofiar\u0105 w\u0142asnej niefrasobliwo\u015bci, gdy\u017c z bezstronnego redaktora przeistoczy\u0142 si\u0119 w p\u0142omiennego bojownika. Ale od kiedy posiadanie pogl\u0105d\u00f3w jest zakazane? Kiedy Bronis\u0142aw Wildstein zosta\u0142 zwolniony z \u201eRzeczpospolitej\u201d \u2013 jego obro\u0144cy demonstrowali w mediach i na ulicach. Kiedy ten\u017ce Wildstein zosta\u0142 zwolniony z TVP przez swojego protektora \u2013 prawicowe media obwie\u015bci\u0142y koniec \u201eniezale\u017cnej TVP\u201d . Kiedy Tomasz Lis drwi\u0142 w Radiu TOK FM z dziennikarki \u201eRzeczpospolitej\u201d, ukaza\u0142 si\u0119 zbiorowy list protestacyjny dziennikarzy prorz\u0105dowych \/ prawicowych \/ eleganckich \/ solidarnych (niepotrzebne skre\u015bli\u0107) w obronie dobrych obyczaj\u00f3w. Czy sygnatariusze owego listu wyra\u017c\u0105 teraz swoje oburzenie z powodu utr\u0105cenia Lisa?<\/p>\n<p>(Dziennikarze ci nie przepu\u015bcili okazji, kiedy Kwa\u015bniewski pojawi\u0142 si\u0119 nietrze\u017awy w Kijowie. Podzielam ich niesmak. By\u0142y prezydent nie jest osob\u0105 prywatn\u0105 i takie jego zachowanie jest \u017cenuj\u0105ce. M\u00f3g\u0142 z pija\u0144stwem sko\u0144czy\u0107 Bush, mo\u017ce &#8211; i powinien &#8211; Kwa\u015bniewski. Pami\u0119tam, kiedy by\u0142 z oficjaln\u0105, kilkudniow\u0105 wizyt\u0105 w Chile i przez ca\u0142y czas, nawet w prywatnych okoliczno\u015bciach, nie tkn\u0105\u0142 alkoholu.)<\/p>\n<p>Wracam do naszego rokoko. \u201eGazeta\u201d poda\u0142a, \u017ce po raz pierwszy od 17 lat szef MON b\u0119dzie uczestniczy\u0142 w obchodach bitwy pod Lenino. Z uczestnikami bitwy spotka si\u0119 min. Aleksander Szczyg\u0142o. Na uroczysto\u015b\u0107 nie zaproszono gen. Wojciecha Jaruzelskiego, poniewa\u017c \u2013 jak twierdzi rzecznik MON &#8211; minister chce uhonorowa\u0107 prostych \u017co\u0142nierzy, a nie tych, kt\u00f3rzy potem zrobili karier\u0119. To kolejny przyk\u0142ad panuj\u0105cego grubia\u0144stwa. Obchody rocznicy bitwy, kt\u00f3re u\u015bwietnia Szczyg\u0142o, ale do kt\u00f3rych nie zosta\u0142 zaproszony uczestnik bitwy Jaruzelski, to pomys\u0142 na poziomie usytuowania muzeum katy\u0144skiego na przeciwko ambasady Rosji, kt\u00f3rego autorem jest ten\u017ce min. Szczyg\u0142o. Mo\u017cna si\u0119 r\u00f3\u017cni\u0107 w ocenie WJ, ale rokoko obowi\u0105zuje.<\/p>\n<p>O poziomie ministra Obrony \u015bwiadcz\u0105 jego odezwania w rodzaju \u201eniech pan nie opowiada g\u0142upot\u201d (do wczorajszego sojusznika Giertycha). Arbitrem elegancji jest te\u017c Joachim Brudzi\u0144ski (Do Leppera: \u201ePremier ma wa\u017cniejsze sprawy ni\u017c odpowiada\u0107 na g\u0142upie pytania\u201d). Oczywi\u015bcie, ryba pachnie od g\u0142owy, a g\u0142owa powiedzia\u0142a w \u0141odzi, \u017ce kto jest innego zdania w sprawie budowy autostrad, \u201eten k\u0142amie\u201d, g\u0142owa wymy\u015bla adwersarzom od ZOMO i straszy, \u017ce 21 pa\u017adziernika mo\u017ce okaza\u0107 si\u0119 13 grudnia.<\/p>\n<p>Ciekawe, co by na to wszystko powiedzia\u0142 Kisiel \u2013 konserwatysta, antykomunista, autor okre\u015blenia \u201eciemniacy\u201d. Tacy ludzie dzi\u015b triumfuj\u0105 i rozpieraj\u0105 si\u0119 na szezlongach rokoko.<\/p>\n<p><strong>PS<\/strong>. Dzi\u0119ki za liczne i ciekawe komentarze.<\/p>\n<p>\u201e<strong>Dwapik<\/strong>\u201d w kontek\u015bcie Tomasza Lisa przypomina naszego dawnego, znakomitego koleg\u0119 z \u201ePolityki\u201d, Micha\u0142a Radgowskiego, z kt\u00f3rego felietonami s\u0105siadowa\u0142em przed laty. Analogia do Lisa jest jednak chybiona, poniewa\u017c MR wycofa\u0142 si\u0119 sam, nikt go nie usuwa\u0142, to on sam coraz bardziej oddala\u0142 si\u0119 od linii partii, najpierw przesta\u0142 by\u0107 zast\u0119pc\u0105 Rakowskiego, potem \u2013 w stanie wojennym \u2013 odszed\u0142, ale \u017caden Solorz go nie zwolni\u0142 i nikt z \u00f3wczesnych w\u0142adz na to nie nalega\u0142. W\u0142adze by wola\u0142y, \u017ceby pozosta\u0142 w redakcji, daj\u0105c tym samym \u015bwiadectwo \u201enormalizacji\u201d.<\/p>\n<p>\u201e<strong>Jan Bockowski<\/strong>\u201d ujmuje si\u0119 za Jaros\u0142awem Kaczy\u0144skim, sugeruje, \u017ce nikomu na tym blogu nie przychodzi na my\u015bl, \u017ce JK chce naprawd\u0119 zmieni\u0107 Polsk\u0119 na lepsze, jest cz\u0142owiekiem autentycznym etc. JB uwa\u017ca, \u017ce z powodu takich pogl\u0105d\u00f3w spotka si\u0119 na tym blogu z szyderstwem. &#8211; Wcale nie! Szanuj\u0119 Pa\u0144skie pogl\u0105dy i dzi\u0119kuj\u0119, \u017ce Pan je wyrazi\u0142 w tym (na tym?) blogu, zw\u0142aszcza \u017ce podobnie my\u015bli ok. 1\/3 spo\u0142ecze\u0144stwa. Ja po prostu my\u015bl\u0119 inaczej. JK mo\u017ce si\u0119 podoba\u0107 (ale nie mnie) i budzi\u0107 zaufanie (ale nie moje). Pozdrawiam!<\/p>\n","protected":false},"excerpt":{"rendered":"<p>Pani Minister Fotyga postanowi\u0142a zatrudni\u0107 w MSZ dekorator\u00f3w, kt\u00f3rzy maj\u0105 upi\u0119kszy\u0107 nasze ambasady za granic\u0105. Jest to pierwszy pomys\u0142 pani F., jaki popieram, gdy\u017c faktycznie wiele plac\u00f3wek umeblowanych jest byle jak, o zakupie mebli, dywan\u00f3w, lamp etc. decydowali urz\u0119dnicy bez gustu, bez pieni\u0119dzy i bez prawa decydowania, o ka\u017cdym szczeg\u00f3le decydowa\u0142a centrala \u2013 ona przysy\u0142a\u0142a [&hellip;]<\/p>\n","protected":false},"author":4,"featured_media":0,"comment_status":"open","ping_status":"open","sticky":false,"template":"","format":"standard","meta":{"footnotes":""},"categories":[1],"tags":[],"_links":{"self":[{"href":"https:\/\/blog.polityka.pl\/passent\/wp-json\/wp\/v2\/posts\/350"}],"collection":[{"href":"https:\/\/blog.polityka.pl\/passent\/wp-json\/wp\/v2\/posts"}],"about":[{"href":"https:\/\/blog.polityka.pl\/passent\/wp-json\/wp\/v2\/types\/post"}],"author":[{"embeddable":true,"href":"https:\/\/blog.polityka.pl\/passent\/wp-json\/wp\/v2\/users\/4"}],"replies":[{"embeddable":true,"href":"https:\/\/blog.polityka.pl\/passent\/wp-json\/wp\/v2\/comments?post=350"}],"version-history":[{"count":0,"href":"https:\/\/blog.polityka.pl\/passent\/wp-json\/wp\/v2\/posts\/350\/revisions"}],"wp:attachment":[{"href":"https:\/\/blog.polityka.pl\/passent\/wp-json\/wp\/v2\/media?parent=350"}],"wp:term":[{"taxonomy":"category","embeddable":true,"href":"https:\/\/blog.polityka.pl\/passent\/wp-json\/wp\/v2\/categories?post=350"},{"taxonomy":"post_tag","embeddable":true,"href":"https:\/\/blog.polityka.pl\/passent\/wp-json\/wp\/v2\/tags?post=350"}],"curies":[{"name":"wp","href":"https:\/\/api.w.org\/{rel}","templated":true}]}}