
{"id":3508,"date":"2016-07-14T22:42:38","date_gmt":"2016-07-14T20:42:38","guid":{"rendered":"http:\/\/passent.blog.polityka.pl\/?p=3508"},"modified":"2016-07-15T00:35:58","modified_gmt":"2016-07-14T22:35:58","slug":"zalewska-musi-odejsc","status":"publish","type":"post","link":"https:\/\/blog.polityka.pl\/passent\/2016\/07\/14\/zalewska-musi-odejsc\/","title":{"rendered":"Zalewska musi odej\u015b\u0107"},"content":{"rendered":"<p>Najbardziej wp\u0142ywowe osoby w kraju &#8211; Jaros\u0142aw Kaczy\u0144ski (ostatnio 28 czerwca br. w Bia\u0142ymstoku) i prezydent Andrzej Duda &#8211; jednoznacznie pot\u0119piaj\u0105 antysemityzm.<br \/>\n<!--more--><br \/>\nKaczy\u0144ski wr\u0119cz powiedzia\u0142, \u017ce antysemityzm nie nale\u017cy do przesz\u0142o\u015bci. W\u0142adze polskie, nie szcz\u0119dz\u0105c wysi\u0142k\u00f3w i publicznych pieni\u0119dzy (100 mln z\u0142otych na Polsk\u0105 Fundacj\u0119 Narodow\u0105!), zabiegaj\u0105 o popraw\u0119 wizerunku naszego kraju na \u015bwiecie. Niekt\u00f3re z tych inicjatyw s\u0105 bez sensu, ale wskazuj\u0105 na to, \u017ce decydenci widz\u0105 problem, nawet je\u017celi go do nie do ko\u0144ca rozumiej\u0105.<\/p>\n<p>Wiadomo, \u017ce na z\u0142y wizerunek Polski i Polak\u00f3w sk\u0142adaj\u0105 si\u0119 m.in. oskar\u017cenia o antysemityzm. Wiele spraw jest przedmiotem dyskusji, wiele ju\u017c wyja\u015bniono, niekt\u00f3re s\u0105 splecione jak w\u0119ze\u0142 gordyjski, ale wydawa\u0142o si\u0119, \u017ce niekt\u00f3re fakty zosta\u0142y ustalone ponad wszelk\u0105 w\u0105tpliwo\u015b\u0107, r\u00f3\u017cnice dotycz\u0105 tylko akcent\u00f3w i interpretacji, np. tego, jaki by\u0142 wp\u0142yw inspiracji niemieckiej na zbrodni\u0119 w Jedwabnem, czy jakie by\u0142y przyczyny antysemityzmu \u2013 klasowe, religijne, polityczne.<\/p>\n<p>Dla przeci\u0119tnie wykszta\u0142conego cz\u0142owieka nie ulega w\u0105tpliwo\u015bci, \u017ce przyczyny by\u0142y r\u00f3\u017cne, ale pewne fakty ustalono: w Jedwabnem i w Kielcach \u017bydzi zostali zamordowani przez swoich polskich s\u0105siad\u00f3w \u2013 inspirowanych, zdezinformowanych, zdeprawowanych przez wojn\u0119, sprowokowanych \u2013 wiele jest interpretacji, ale fakt jest faktem.<\/p>\n<p>I oto pojawia si\u0119 w telewizji (\u201eKropka nad i\u201d) nie kto inny jak minister edukacji Anna Zalewska, kt\u00f3ra wije si\u0119 jak piskorz, byle nie powiedzie\u0107  jasno i otwarcie, kto kogo zamordowa\u0142. Pogrom kielecki to by\u0142y \u201er\u00f3\u017cne okoliczno\u015bci historyczne\u201d, Jedwabne to przedmiot \u201ewielu nieporozumie\u0144 i tendencyjnych opinii\u201d, sytuacja w Jedwabnem jest \u201ekontrowersyjna\u201d i tym podobne ba\u0142amuctwa.<\/p>\n<p>Wyst\u0119p minister Zalewskiej to pokaz ob\u0142udy i k\u0142amstwa, a tak\u017ce doprowadzonej do dna \u201epolityki historycznej\u201d, wedle kt\u00f3rej \u201eco z\u0142ego to nie my\u201d, my \u2013 Polacy \u2013 jeste\u015bmy wy\u0142\u0105cznie narodem ofiar, nie by\u0142o po\u015br\u00f3d nas grzesznik\u00f3w, jedynie \u015bwi\u0119ci. Tym r\u00f3\u017cnimy si\u0119 od innych narod\u00f3w, w tym od \u017byd\u00f3w, kt\u00f3rzy rozpijali ch\u0142op\u00f3w, witali Sowiet\u00f3w i torturowali Niepokornych.<\/p>\n<p>Prymitywne k\u0142amstwa, brak dojrza\u0142o\u015bci w ocenie historii, brak odwagi cywilnej \u2013 wszystko to pokaza\u0142a pani minister. Jej wst\u0119p przynosi nam wszystkim wstyd, niweczy kosztowne zabiegi o popraw\u0119 wizerunku Polski i Polak\u00f3w, wygl\u0105da to jak sabota\u017c wobec rz\u0105dowej strategii walki o popraw\u0119 opinii o naszym kraju. Ba, brednie polskiej minister to wymarzony prezent dla polonofob\u00f3w. Minister Zalewska da\u0142a fatalny przyk\u0142ad nauczycielom i m\u0142odzie\u017cy, jak nale\u017cy m\u00f3wi\u0107 o historii i odpowiada\u0107 na trudne pytania. W dodatku, jak zauwa\u017cy\u0142 prof. Andrzej Friszke w TVN 24, istnieje obawa, \u017ce nauczyciele b\u0119d\u0105 si\u0119 bali m\u00f3wi\u0107 prawd\u0119.<\/p>\n<p>Dla dobra rz\u0105du i naszego kraju pani Anna Zalewska jak najszybciej powinna odej\u015b\u0107. Sama (w co w\u0105tpi\u0119) lub decyzj\u0105 premier Szyd\u0142o \u2013 o co apeluj\u0119.<\/p>\n","protected":false},"excerpt":{"rendered":"<p>Najbardziej wp\u0142ywowe osoby w kraju &#8211; Jaros\u0142aw Kaczy\u0144ski (ostatnio 28 czerwca br. w Bia\u0142ymstoku) i prezydent Andrzej Duda &#8211; jednoznacznie pot\u0119piaj\u0105 antysemityzm.<\/p>\n","protected":false},"author":4,"featured_media":0,"comment_status":"open","ping_status":"closed","sticky":false,"template":"","format":"standard","meta":{"footnotes":""},"categories":[1],"tags":[],"_links":{"self":[{"href":"https:\/\/blog.polityka.pl\/passent\/wp-json\/wp\/v2\/posts\/3508"}],"collection":[{"href":"https:\/\/blog.polityka.pl\/passent\/wp-json\/wp\/v2\/posts"}],"about":[{"href":"https:\/\/blog.polityka.pl\/passent\/wp-json\/wp\/v2\/types\/post"}],"author":[{"embeddable":true,"href":"https:\/\/blog.polityka.pl\/passent\/wp-json\/wp\/v2\/users\/4"}],"replies":[{"embeddable":true,"href":"https:\/\/blog.polityka.pl\/passent\/wp-json\/wp\/v2\/comments?post=3508"}],"version-history":[{"count":3,"href":"https:\/\/blog.polityka.pl\/passent\/wp-json\/wp\/v2\/posts\/3508\/revisions"}],"predecessor-version":[{"id":3511,"href":"https:\/\/blog.polityka.pl\/passent\/wp-json\/wp\/v2\/posts\/3508\/revisions\/3511"}],"wp:attachment":[{"href":"https:\/\/blog.polityka.pl\/passent\/wp-json\/wp\/v2\/media?parent=3508"}],"wp:term":[{"taxonomy":"category","embeddable":true,"href":"https:\/\/blog.polityka.pl\/passent\/wp-json\/wp\/v2\/categories?post=3508"},{"taxonomy":"post_tag","embeddable":true,"href":"https:\/\/blog.polityka.pl\/passent\/wp-json\/wp\/v2\/tags?post=3508"}],"curies":[{"name":"wp","href":"https:\/\/api.w.org\/{rel}","templated":true}]}}