
{"id":3512,"date":"2016-07-19T10:43:19","date_gmt":"2016-07-19T08:43:19","guid":{"rendered":"http:\/\/passent.blog.polityka.pl\/?p=3512"},"modified":"2016-07-19T10:54:17","modified_gmt":"2016-07-19T08:54:17","slug":"najpierw-zwolnic-potem-placic","status":"publish","type":"post","link":"https:\/\/blog.polityka.pl\/passent\/2016\/07\/19\/najpierw-zwolnic-potem-placic\/","title":{"rendered":"Najpierw zwolni\u0107 \u2013 potem p\u0142aci\u0107"},"content":{"rendered":"<p>Nie przeszkadza mi, \u017ce w\u0142adza podnosi sobie i swoim nast\u0119pcom wynagrodzenia. Przekonuje mnie, \u017ce za marnych kilka tysi\u0119cy trudno znale\u017a\u0107 dobrych fachowc\u00f3w na odpowiedzialne stanowiska, cho\u0107 kiedy ta banalna my\u015bl znalaz\u0142a si\u0119 w (pods\u0142uchanej i nielegalnie nagranej) rozmowie El\u017cbiety Bie\u0144kowskiej \u2013 prawica nie zostawi\u0142a na niej suchej nitki.<br \/>\n<!--more--><br \/>\nPodwy\u017cka \u2013 tak, ale komu? Wiele stanowisk w rz\u0105dzie obsadzonych jest beznadziejnie i na ich miejsce powinni przyj\u015b\u0107 ludzie bardziej kompetentni, kt\u00f3rym nale\u017c\u0105 si\u0119 wi\u0119ksze pieni\u0105dze. Ale obecnym  ministrom &#8211; nieudacznikom &#8211; wi\u0119ksze pieni\u0105dze si\u0119 nie nale\u017c\u0105.<\/p>\n<p>Wicepremier, minister kultury i dziedzictwa narodowego, co drug\u0105 wypowied\u017a ma chybion\u0105. Ostatnio, w zwi\u0105zku ze stanowiskiem uczestnik\u00f3w Powstania Warszawskiego, kt\u00f3rzy nie \u017cycz\u0105 sobie apelu smole\u0144skiego w obchodach 1 sierpnia, minister Gli\u0144ski powiedzia\u0142: \u201e\u015arodowiska powsta\u0144cze (s\u0105) pod opiek\u0105 jednej opcji\u201d. W pierwszej chwili s\u0105dzi\u0142em, \u017ce wicepremier ma na my\u015bli opcj\u0119 PiS, bo przecie\u017c Lech Kaczy\u0144ski, Muzeum Powstania itp. Tymczasem jest odwrotnie: \u201eMiasto jest w r\u0119kach opcji, kt\u00f3rej stosunek do Smole\u0144ska widzieli\u015bmy na Krakowskim przedmie\u015bciu. Jak gaszono znicze, jak pozwalano hordom troglodyt\u00f3w atakowa\u0107 ludzi, kt\u00f3rzy si\u0119 tam zbierali\u201d. Zdaniem profesora Gli\u0144skiego apel smole\u0144ski powinien by\u0107 odczytywany we wszystkich \u201ewa\u017cnych momentach polskich\u201d upami\u0119tniaj\u0105cych wa\u017cne rocznice, takie jak Powstanie czy Czerwiec \u201956.<\/p>\n<p>Wicepremier Morawiecki powinien dosta\u0107 podwy\u017ck\u0119 za to, \u017ce por\u00f3wna\u0142 wyb\u00f3r pomi\u0119dzy Donaldem Trumpem a Hillary Clinton do wyboru mi\u0119dzy d\u017cum\u0105 z choler\u0105. Ciekawe, czy w rz\u0105dzie USA znajdzie si\u0119 kto\u015b, kto np. powie, \u017ce wyb\u00f3r pomi\u0119dzy Kornelem a Mateuszem to wyb\u00f3r pomi\u0119dzy odr\u0105 a szkarlatyn\u0105.<\/p>\n<p>Minister spraw wewn\u0119trznych Mariusz B\u0142aszczak zas\u0142uguje na podwy\u017ck\u0119, bo bardzo si\u0119 stara. Najpierw wytrzasn\u0105\u0142 jakiego\u015b komendanta g\u0142\u00f3wnego policji, kt\u00f3ry da\u0142 popis g\u0142upoty, pokazuj\u0105c z odraz\u0105 gabinet swojego poprzednika, urz\u0105dzony rzekomo z wielkim przepychem, bo by\u0142 tam m.in. prysznic i bidet! Wszystko to ku zgorszeniu obecnego tam wiceministra Zieli\u0144skiego (tak\u017ce kandydat do podwy\u017cki). Jeszcze \u00e0 propos polskiego szefa MSW B\u0142aszczaka: jeszcze nie wysch\u0142y \u0142zy rodzin ofiar zamachu w Nicei, jeszcze nie by\u0142o pogrzebu, a polski minister kpi\u0142 sobie z \u201emalowania kwiatk\u00f3w kolorowymi kredkami\u201d, z \u0142ez w\u0142oskiej szefowej dyplomacji UE, Federiki Mogherini, z rzekomego multi-kulti.<\/p>\n<p>Minister edukacji narodowej Anna Zalewska absolutnie zas\u0142u\u017cy\u0142a na wi\u0119cej pieni\u0119dzy. B\u0119dzie ich potrzebowa\u0142a na korepetycje z historii. (W\u015br\u00f3d tysi\u0119cy nauczycieli z by\u0142ego gimnazj\u00f3w na pewno nie zabraknie ch\u0119tnych). To, co polska minister opowiada\u0142a o zbrodni w Jedwabnem i o pogromie kieleckim, przynosi wstyd Polsce. Absolutnie zas\u0142u\u017cy\u0142a na podwy\u017ck\u0119 i\u2026 zwolnienie. Niestety, ani premier Szyd\u0142o, ani prezes Kaczy\u0144ski nie odci\u0119li si\u0119 od tych bzdur.<\/p>\n<p>Wysok\u0105 podwy\u017ck\u0119 powinien otrzyma\u0107 Antoni Macierewicz, minister obrony, za bardzo taktowny i oryginalny pomys\u0142 odczytywania apelu smole\u0144skiego na wszystkich uroczysto\u015bciach z udzia\u0142em Wojska Polskiego (premier Szyd\u0142o zachwycona tym pomys\u0142em). Prawo i Sprawiedliwo\u015b\u0107 w tym przypadku traktuje wojsko jak swoj\u0105 w\u0142asno\u015b\u0107, orkiestra ma gra\u0107 tak, \u017ceby bez przerwy j\u0105trzy\u0107, dosypywa\u0107 soli do smole\u0144skiej rany. A powsta\u0144cy? C\u00f3\u017c, to nie nasza opcja.<\/p>\n<p>Podsumowuj\u0105c: jestem za podwy\u017ck\u0105 dla os\u00f3b pe\u0142ni\u0105cych wa\u017cne stanowiska pa\u0144stwowe, mo\u017ce wtedy znajd\u0105 si\u0119 lepsi kandydaci od obecnie urz\u0119duj\u0105cych.<\/p>\n","protected":false},"excerpt":{"rendered":"<p>Nie przeszkadza mi, \u017ce w\u0142adza podnosi sobie i swoim nast\u0119pcom wynagrodzenia. Przekonuje mnie, \u017ce za marnych kilka tysi\u0119cy trudno znale\u017a\u0107 dobrych fachowc\u00f3w na odpowiedzialne stanowiska, cho\u0107 kiedy ta banalna my\u015bl znalaz\u0142a si\u0119 w (pods\u0142uchanej i nielegalnie nagranej) rozmowie El\u017cbiety Bie\u0144kowskiej \u2013 prawica nie zostawi\u0142a na niej suchej nitki.<\/p>\n","protected":false},"author":4,"featured_media":0,"comment_status":"open","ping_status":"closed","sticky":false,"template":"","format":"standard","meta":{"footnotes":""},"categories":[1],"tags":[],"_links":{"self":[{"href":"https:\/\/blog.polityka.pl\/passent\/wp-json\/wp\/v2\/posts\/3512"}],"collection":[{"href":"https:\/\/blog.polityka.pl\/passent\/wp-json\/wp\/v2\/posts"}],"about":[{"href":"https:\/\/blog.polityka.pl\/passent\/wp-json\/wp\/v2\/types\/post"}],"author":[{"embeddable":true,"href":"https:\/\/blog.polityka.pl\/passent\/wp-json\/wp\/v2\/users\/4"}],"replies":[{"embeddable":true,"href":"https:\/\/blog.polityka.pl\/passent\/wp-json\/wp\/v2\/comments?post=3512"}],"version-history":[{"count":5,"href":"https:\/\/blog.polityka.pl\/passent\/wp-json\/wp\/v2\/posts\/3512\/revisions"}],"predecessor-version":[{"id":3517,"href":"https:\/\/blog.polityka.pl\/passent\/wp-json\/wp\/v2\/posts\/3512\/revisions\/3517"}],"wp:attachment":[{"href":"https:\/\/blog.polityka.pl\/passent\/wp-json\/wp\/v2\/media?parent=3512"}],"wp:term":[{"taxonomy":"category","embeddable":true,"href":"https:\/\/blog.polityka.pl\/passent\/wp-json\/wp\/v2\/categories?post=3512"},{"taxonomy":"post_tag","embeddable":true,"href":"https:\/\/blog.polityka.pl\/passent\/wp-json\/wp\/v2\/tags?post=3512"}],"curies":[{"name":"wp","href":"https:\/\/api.w.org\/{rel}","templated":true}]}}