
{"id":3531,"date":"2016-08-01T12:48:23","date_gmt":"2016-08-01T10:48:23","guid":{"rendered":"http:\/\/passent.blog.polityka.pl\/?p=3531"},"modified":"2016-08-01T19:54:38","modified_gmt":"2016-08-01T17:54:38","slug":"pamietny-tydzien","status":"publish","type":"post","link":"https:\/\/blog.polityka.pl\/passent\/2016\/08\/01\/pamietny-tydzien\/","title":{"rendered":"Pami\u0119tny Tydzie\u0144"},"content":{"rendered":"<p>Miniony tydzie\u0144 mo\u017cna \u015bmia\u0142o nazwa\u0107 \u201ewielkim\u201d, poniewa\u017c mamy za sob\u0105 \u015awiatowe Dni M\u0142odzie\u017cy, wizyt\u0119 papie\u017ca, a tak\u017ce trudn\u0105 (ponad potrzeby) rocznic\u0119 powstania warszawskiego i wstydliwe podpisanie przez prezydenta Dud\u0119 ustawy o Trybunale Konstytucyjnym. Du\u017co jak na kilka dni.<br \/>\n<!--more--><br \/>\nPo kolei. \u015awiatowe Dni M\u0142odzie\u017cy (poza aspektem duchowym, religijnym \u2013 ten temat zostawiam innym) potwierdzi\u0142y mo\u017cliwo\u015bci organizacyjne naszego kraju. Kilka lat temu mistrzostwa Europy w pi\u0142ce no\u017cnej (wsp\u00f3lnie z Ukrain\u0105), niedawno szczyt NATO w Warszawie i teraz \u015aDM z papie\u017cem i p\u00f3\u0142tora milionem uczestnik\u00f3w \u2013 wszystko to wypad\u0142o organizacyjnie doskonale. Wygl\u0105da na to, \u017ce lepiej ni\u017c Rio. Nikt nie m\u00f3wi\u0142 o \u201epolskim ba\u0142aganie\u201d, krytyczne zazwyczaj media nie mia\u0142y powod\u00f3w do narzeka\u0144. By\u0142a to dobra promocja naszego kraju, na pewno niejedna m\u0142oda osoba dowiedzia\u0142a si\u0119 wi\u0119cej, co to jest Auschwitz, Krak\u00f3w, Jasna G\u00f3ra.<\/p>\n<p>Pisz\u0119 z pozycji cz\u0142owieka spoza wsp\u00f3lnoty religijnej. Wielokolorowa m\u0142odzie\u017c wnios\u0142a do naszego, na og\u00f3\u0142 pos\u0119pnego, kraju wiele rado\u015bci, u\u015bmiechu, optymizmu, m\u0142odo\u015bci. Zamiast zaci\u0119tych ust \u2013 szerokie u\u015bmiechy. Zamiast s\u0142\u00f3w goryczy \u2013 s\u0142owa nadziei i otuchy. Zamiast wszechobecnej z\u0142o\u015bci \u2013 przyja\u017a\u0144 i solidarno\u015b\u0107. Niestety, \u015aDM ju\u017c za nami. Mo\u017ce kosztowne, ale warto by\u0142o.<\/p>\n<p>By\u0142o to tak\u017ce \u015bwietne t\u0142o do wizyty papie\u017ca, kt\u00f3ry jest cz\u0142owiekiem pogodnym, sympatycznym, czu\u0142ym, ale swoje wie i powiedzia\u0142. Mam na my\u015bli wezwanie do aktywno\u015bci, do dzia\u0142ania zamiast do spoczywania na kanapie. By\u0142y to s\u0142owa skierowane do m\u0142odych, ale ja odebra\u0142em je jako adresowane tak\u017ce do starszych, \u017ceby nie trwoni\u0107 ko\u0144c\u00f3wki \u017cycia na biernym oczekiwaniu. Radzi\u0142 nie rozpami\u0119tywa\u0107 przesz\u0142o\u015bci (to nasza specjalno\u015b\u0107), tylko zda\u0107 si\u0119 na \u201edobr\u0105 pami\u0119\u0107\u201d. Papie\u017c przypomnia\u0142, \u017ce czasy wojny i okrucie\u0144stwa si\u0119 nie sko\u0144czy\u0142y, nikt nie mo\u017ce czu\u0107 si\u0119 zwolniony z obowi\u0105zku pomocy i solidarno\u015bci, co nie przychodzi \u0142atwo ani za darmo. <\/p>\n<p>Wyra\u017anie, i to nie raz, nawi\u0105za\u0142 do sprawy uchod\u017ac\u00f3w, tych, kt\u00f3rych Polska nie wpuszcza, i emigrant\u00f3w, kt\u00f3rzy z naszego kraju wyjechali. W\u0105tpi\u0119, \u017ceby to cokolwiek w naszej polityce zmieni\u0142o, gdy\u017c suweren jest przeciwny otwarciu na Syryjczyk\u00f3w i innych (czytaj: terroryst\u00f3w), ale papie\u017c nie kandyduje w polskich wyborach i mo\u017ce m\u00f3wi\u0107, co chce. A premier Szyd\u0142o m\u00f3wi to, co musi: \u017ce przyjmujemy \u201euchod\u017ac\u00f3w\u201d z Ukrainy. Tak\u017ce kanclerz Merkel zabra\u0142a g\u0142os na ten temat, m\u00f3wi\u0105c dyplomatycznie, \u017ce jest \u201erozczarowana\u201d postaw\u0105 tych pa\u0144stw, kt\u00f3re nie pomagaj\u0105 rozwi\u0105za\u0107 kryzysu migracyjnego.<\/p>\n<p>(Na marginesie: je\u017celi, jak m\u00f3wi min. B\u0142aszczak i inni, uchod\u017acy wcale nie chc\u0105 przyjecha\u0107 do Polski, bo ich celem s\u0105 bogate kraje Zachodu \u2013 to dlaczego my si\u0119 tak przed nimi bronimy? Je\u017celi to jest fikcyjne zagro\u017cenie, to dlaczego nie zrobi\u0107 gestu i przekona\u0107 si\u0119, czy imigranci zostaj\u0105 w Polsce czy te\u017c nie?).<\/p>\n<p>Papie\u017c da\u0142 pokaz skromno\u015bci \u2013 skromny by\u0142 o\u0142tarz, tron, samoch\u00f3d, buty \u2013 mo\u017ce to jest populizm, ale populizm zdrowy, sygna\u0142 dla hierarch\u00f3w.<\/p>\n<p>W cieniu wizyty papie\u017ca i \u015aDM prezydent Andrzej Duda podpisa\u0142 ustaw\u0119 (PiS) o Trybunale Konstytucyjnym, wbrew opinii Komisji Europejskiej, Rady Europy i \u015brodowisk prawniczych w Polsce. Prezydent nie zdoby\u0142 si\u0119 nawet na przes\u0142anie ustawy do rozpatrzenia przez Trybuna\u0142 Konstytucyjny. TK b\u0119dzie taki, jak chce prezes Kaczy\u0144ski, albo \u017caden. Machina Prawa i Sprawiedliwo\u015bci miele wszystko, co spotyka na swojej drodze. Mi\u0142osierdzie, do kt\u00f3rego nawo\u0142ywa\u0142 papie\u017c, nie jest chyba nasz\u0105 specjalno\u015bci\u0105.<\/p>\n<p>Tak te\u017c jest z obchodami 72. rocznicy wybuchu powstania warszawskiego na placu Krasi\u0144skich. Godne uwagi przem\u00f3wienie wyg\u0142osi\u0142a Hanna Gronkiewicz-Waltz, prezydent Warszawy, kt\u00f3ra przypomnia\u0142a, \u017ce wojna jest zawsze tragedi\u0105, dramatem i nie nale\u017cy jej gloryfikowa\u0107. W\u0142adze przeforsowa\u0142y w\u0142\u0105czenie niekt\u00f3rych ofiar katastrofy smole\u0144skiej do obchod\u00f3w powstania, cho\u0107 bardziej zrozumia\u0142e by\u0142oby ich w\u0142\u0105czenie do ofiar zbrodni katy\u0144skiej. Ofiary katastrofy smole\u0144skiej maj\u0105 by\u0107 i tu, i tam, wsz\u0119dzie, gdzie pojawi si\u0119 asysta Wojska Polskiego. Doprowadzi\u0142o to do \u017cenuj\u0105cego konfliktu najpierw w Poznaniu, a potem mi\u0119dzy cz\u0119\u015bci\u0105 weteran\u00f3w i w\u0142adzami pa\u0144stwowymi. &#8222;To nie by\u0142 \u017caden kompromis, sukces czy optymalne rozwi\u0105zanie&#8221; \u2013 m\u00f3wi\u0142 w trakcie uroczysto\u015bci Zbigniew Galperyn, \u201eAntek\u201d. \u201eNam przy\u015bwieca\u0142a jedynie my\u015bl, aby obchody naszej powsta\u0144czej rocznicy nie by\u0142y pozbawione godnej i tradycyjnej oprawy wojskowej i \u017ceby nie doprowadzi\u0107 do eskalacji szalej\u0105cych emocji\u2026\u201d.<\/p>\n<p>Inaczej m\u00f3wi\u0105c, postawieni wobec wyboru albo obchody z wojskiem i Smole\u0144skiem, albo bez udzia\u0142u wojska \u2013 weterani (acz nie wszyscy) wybrali to pierwsze. Poza tym machina PiS miele wszystko.<\/p>\n<p>ZAPROSZENIE<br \/>\nO Pami\u0119tnym Tygodniu rozmawia\u0107 b\u0119d\u0105: dr Anna Materska-Sosnowska Unierwsytet Warszawski), Jaros\u0142aw Makowski (Gazeta Wyborcza) i Eliza Olczyk (Wprost). Radio TOK FM, wtorek, 2 sierpnia br, godz. 2-.05. Zapraszam!<\/p>\n","protected":false},"excerpt":{"rendered":"<p>Miniony tydzie\u0144 mo\u017cna \u015bmia\u0142o nazwa\u0107 \u201ewielkim\u201d, poniewa\u017c mamy za sob\u0105 \u015awiatowe Dni M\u0142odzie\u017cy, wizyt\u0119 papie\u017ca, a tak\u017ce trudn\u0105 (ponad potrzeby) rocznic\u0119 powstania warszawskiego i wstydliwe podpisanie przez prezydenta Dud\u0119 ustawy o Trybunale Konstytucyjnym. Du\u017co jak na kilka dni.<\/p>\n","protected":false},"author":4,"featured_media":0,"comment_status":"open","ping_status":"closed","sticky":false,"template":"","format":"standard","meta":{"footnotes":""},"categories":[1],"tags":[],"_links":{"self":[{"href":"https:\/\/blog.polityka.pl\/passent\/wp-json\/wp\/v2\/posts\/3531"}],"collection":[{"href":"https:\/\/blog.polityka.pl\/passent\/wp-json\/wp\/v2\/posts"}],"about":[{"href":"https:\/\/blog.polityka.pl\/passent\/wp-json\/wp\/v2\/types\/post"}],"author":[{"embeddable":true,"href":"https:\/\/blog.polityka.pl\/passent\/wp-json\/wp\/v2\/users\/4"}],"replies":[{"embeddable":true,"href":"https:\/\/blog.polityka.pl\/passent\/wp-json\/wp\/v2\/comments?post=3531"}],"version-history":[{"count":6,"href":"https:\/\/blog.polityka.pl\/passent\/wp-json\/wp\/v2\/posts\/3531\/revisions"}],"predecessor-version":[{"id":3537,"href":"https:\/\/blog.polityka.pl\/passent\/wp-json\/wp\/v2\/posts\/3531\/revisions\/3537"}],"wp:attachment":[{"href":"https:\/\/blog.polityka.pl\/passent\/wp-json\/wp\/v2\/media?parent=3531"}],"wp:term":[{"taxonomy":"category","embeddable":true,"href":"https:\/\/blog.polityka.pl\/passent\/wp-json\/wp\/v2\/categories?post=3531"},{"taxonomy":"post_tag","embeddable":true,"href":"https:\/\/blog.polityka.pl\/passent\/wp-json\/wp\/v2\/tags?post=3531"}],"curies":[{"name":"wp","href":"https:\/\/api.w.org\/{rel}","templated":true}]}}