
{"id":3557,"date":"2016-08-22T18:50:00","date_gmt":"2016-08-22T16:50:00","guid":{"rendered":"http:\/\/passent.blog.polityka.pl\/?p=3557"},"modified":"2016-08-22T20:02:11","modified_gmt":"2016-08-22T18:02:11","slug":"ambicje-pana-zbyszka","status":"publish","type":"post","link":"https:\/\/blog.polityka.pl\/passent\/2016\/08\/22\/ambicje-pana-zbyszka\/","title":{"rendered":"Ambicje pana Zbyszka"},"content":{"rendered":"<p>Kazimierz Micha\u0142 Ujazdowski, europose\u0142 PiS, nale\u017cy do tych bardzo nielicznych polityk\u00f3w Prawa i Sprawiedliwo\u015bci, kt\u00f3rzy o\u015bmielaj\u0105 si\u0119 odchyli\u0107 od obowi\u0105zuj\u0105cej linii partii.<br \/>\n<!--more--><br \/>\nOstatnio europose\u0142 skrytykowa\u0142 napuszczenie prokuratury na prezesa Trybuna\u0142u Konstytucyjnego prof. Andrzeja Rzepli\u0144skiego \u201ew kierunku\u201d (jak to si\u0119 \u0142adnie m\u00f3wi) niedope\u0142nienia obowi\u0105zk\u00f3w lub nadu\u017cycia uprawnie\u0144. &#8222;Trzeba si\u0119 z tego wycofa\u0107&#8221; \u2013 stwierdzi\u0142 ten by\u0142y minister kultury w rz\u0105dzie PiS. Rzeczniczka partii od razu zlekcewa\u017cy\u0142a wypowied\u017a Ujazdowskiego jako jego prywatn\u0105 opini\u0119.<\/p>\n<p>Doniesienie do prokuratury na urz\u0119duj\u0105cego prezesa TK zdarza si\u0119 po raz pierwszy w historii (!). \u201ePan Zbyszek\u201d (niepotrzebnie nazwany tak lekcewa\u017c\u0105co \u2013 acz trafnie &#8211; przez prezesa Rzepli\u0144skiego) chce w ten spos\u00f3b upiec kilka pieczeni na raz. Po pierwsze, chodzi o jego przysz\u0142o\u015b\u0107, chce pokaza\u0107, \u017ce jest niez\u0142omny, twardy, konsekwentny. Jest mu to potrzebne, poniewa\u017c Ziobro prowadzi ju\u017c kampani\u0119 wyborcz\u0105. Chce umocni\u0107 swoje wp\u0142ywy w partii i na prawicy \u2013 pod tym wzgl\u0119dem rywalizuje z Antonim Macierewiczem. Dwoi si\u0119 i troi. Obaj s\u0105 ministrami tego samego rz\u0105du, ale nast\u0119pca prezesa mo\u017ce by\u0107 tylko jeden. Obaj prze\u015bcigaj\u0105 si\u0119 w pomys\u0142ach, jak si\u0119 wykaza\u0107. W tej chwili (\u201ena dzie\u0144 dzisiejszy\u201d w nowomowie) \u201epan Antoni\u201d jest g\u00f3r\u0105, wi\u0119c \u201epan Zbyszek\u201d musi si\u0119 bardziej stara\u0107.<\/p>\n<p>Po drugie, ka\u017cde u\u017cycie prokuratury przeciw prof. Rzepli\u0144skiemu (nawet elegancko nazwane \u201ew sprawie\u201d, a nie \u201eprzeciwko\u201d) ma na celu negatywne skojarzenia z prezesem Trybuna\u0142u. To si\u0119 prezesowi Kaczy\u0144skiemu spodoba, bo on sam jest mistrzem insynuacji i niedopowiedze\u0144. \u201eUkrad\u0142 \u2013 nie ukrad\u0142, w ka\u017cdym razie zegarek zgin\u0105\u0142, gdyby by\u0142o inaczej, to nie interesowa\u0142by si\u0119 nim prokurator\u201d \u2013 pomy\u015bli niejedna osoba.<\/p>\n<p>Chodzi o to, \u017ceby Rzepli\u0144skiego zdyskredytowa\u0107, a czy \u015bledztwo zostanie wszcz\u0119te \u201eprzeciwko\u201d czy jest do pomy\u015blenia, \u017ce obecny Trybuna\u0142 uchyli\u0142by immunitet prezesa &#8211; to w tej chwili nie ma znaczenia. Prokuratura w Katowicach nie takie problemy rozwi\u0105zywa\u0142a. Mo\u017ce co\u015b do Rzepli\u0144skiego przylgnie, a to si\u0119 mo\u017ce przyda\u0107, bo niekt\u00f3rzy widz\u0105 w nim polityka i ewentualnego kandydata na prezydenta. Dyskredytacja s\u0119dzi\u00f3w i Trybuna\u0142u przybiera rozmaite formy: ma\u0142o pracuj\u0105 \u2013 du\u017co zarabiaj\u0105, cha\u0142turz\u0105 na uczelniach, urz\u0105dzaj\u0105 sobie wycieczki do Chin (Chiny s\u0105 zarezerwowane dla prezydenta Dudy), zamiast emerytury maj\u0105 \u201estan spoczynku\u201d, rozpatruj\u0105 ma\u0142o spraw, a w wolnych chwilach &#8211; gwa\u0142c\u0105 konstytucj\u0119.<\/p>\n<p>\u201ePan Zbyszek\u201d nie waha si\u0119 u\u017cy\u0107 podleg\u0142ej mu prokuratury do cel\u00f3w politycznych i do w\u0142asnych ambicji. A \u017ce wie\u015b\u0107 o tym rozchodzi si\u0119 po \u015bwiecie i Polska jawi si\u0119 jako dziwny kraj, w kt\u00f3rym prokurator dobiera si\u0119 do prezesa Trybuna\u0142u? Kto by si\u0119 tym przejmowa\u0142! Prezes i premier Szyd\u0142o na pewno o tym wiedz\u0105, i to wystarczy. Mo\u017ce wi\u0119c ministrowi Ziobrze \u015bni si\u0119 prezydentura? Poszed\u0142by \u015bladami prezydenta Lecha Kaczy\u0144skiego. Kto mu zabroni pomarzy\u0107? Je\u017celi prezydentem m\u00f3g\u0142 zosta\u0107 kto\u015b tak ma\u0142o do\u015bwiadczony jak Andrzej Duda, to dlaczego nie m\u00f3g\u0142by nim zosta\u0107 pan Zbyszek?<\/p>\n<p><strong>ZAPROSZENIE<\/strong><br \/>\nProf. Andrzej Rychard \u2013 socjolog (PAN), dr Anna Materska-Sosnowska &#8211; politolo\u017cka (UW) i red. Eliza Olczyk (\u201eWprost\u201d) b\u0119d\u0105 naszymi go\u015b\u0107mi w Radiu TOK FM, wtorek, 23 sierpnia, godz. 20.05. Zapraszam!<\/p>\n","protected":false},"excerpt":{"rendered":"<p>Kazimierz Micha\u0142 Ujazdowski, europose\u0142 PiS, nale\u017cy do tych bardzo nielicznych polityk\u00f3w Prawa i Sprawiedliwo\u015bci, kt\u00f3rzy o\u015bmielaj\u0105 si\u0119 odchyli\u0107 od obowi\u0105zuj\u0105cej linii partii.<\/p>\n","protected":false},"author":4,"featured_media":0,"comment_status":"open","ping_status":"closed","sticky":false,"template":"","format":"standard","meta":{"footnotes":""},"categories":[1],"tags":[],"_links":{"self":[{"href":"https:\/\/blog.polityka.pl\/passent\/wp-json\/wp\/v2\/posts\/3557"}],"collection":[{"href":"https:\/\/blog.polityka.pl\/passent\/wp-json\/wp\/v2\/posts"}],"about":[{"href":"https:\/\/blog.polityka.pl\/passent\/wp-json\/wp\/v2\/types\/post"}],"author":[{"embeddable":true,"href":"https:\/\/blog.polityka.pl\/passent\/wp-json\/wp\/v2\/users\/4"}],"replies":[{"embeddable":true,"href":"https:\/\/blog.polityka.pl\/passent\/wp-json\/wp\/v2\/comments?post=3557"}],"version-history":[{"count":4,"href":"https:\/\/blog.polityka.pl\/passent\/wp-json\/wp\/v2\/posts\/3557\/revisions"}],"predecessor-version":[{"id":3561,"href":"https:\/\/blog.polityka.pl\/passent\/wp-json\/wp\/v2\/posts\/3557\/revisions\/3561"}],"wp:attachment":[{"href":"https:\/\/blog.polityka.pl\/passent\/wp-json\/wp\/v2\/media?parent=3557"}],"wp:term":[{"taxonomy":"category","embeddable":true,"href":"https:\/\/blog.polityka.pl\/passent\/wp-json\/wp\/v2\/categories?post=3557"},{"taxonomy":"post_tag","embeddable":true,"href":"https:\/\/blog.polityka.pl\/passent\/wp-json\/wp\/v2\/tags?post=3557"}],"curies":[{"name":"wp","href":"https:\/\/api.w.org\/{rel}","templated":true}]}}