
{"id":3572,"date":"2016-09-09T22:05:09","date_gmt":"2016-09-09T20:05:09","guid":{"rendered":"http:\/\/passent.blog.polityka.pl\/?p=3572"},"modified":"2016-09-19T17:25:27","modified_gmt":"2016-09-19T15:25:27","slug":"polacy-nic-sie-nie-stalo","status":"publish","type":"post","link":"https:\/\/blog.polityka.pl\/passent\/2016\/09\/09\/polacy-nic-sie-nie-stalo\/","title":{"rendered":"Polacy \u2013 nic si\u0119 nie sta\u0142o"},"content":{"rendered":"<p>Jestem g\u0142\u0119boko poruszony pobiciem profesora Jerzego Kochanowskiego w warszawskim tramwaju tylko dlatego, \u017ce rozmawia\u0142 ze swoim niemieckim koleg\u0105 po niemiecku. Wczoraj by\u0142 to profesor Kochanowski \u2013 jutro to mo\u017ce by\u0107 ka\u017cdy z nas.<br \/>\n<!--more--><br \/>\nJaki\u015b inny ksenofobiczny cham mo\u017ce na nas napa\u015b\u0107, poniewa\u017c nie podoba mu si\u0119, jak rozmawiamy, jak wygl\u0105damy, jaki mamy kolor sk\u00f3ry, co m\u00f3wili\u015bmy w telewizji, jak si\u0119 ubieramy. Ryba psuje si\u0119 od g\u0142owy. Kiedy najwa\u017cniejszy polityk m\u00f3wi, \u017ce uchod\u017acy roznosz\u0105 zarazki, kiedy oficjalna polityka zwr\u00f3cona jest przeciwko integracji i ca\u0142y czas akcentuje to, co osobne, a nie to, co wsp\u00f3lne, powstaje atmosfera sprzyjaj\u0105ca aktom wrogo\u015bci wobec obcych, wobec innych.<\/p>\n<p>Co innego s\u0142ysze\u0107 og\u00f3lnie o ksenofobii, a co innego, kiedy znamy ofiar\u0119 przest\u0119pcy, znamy jego ksi\u0105\u017cki, znamy ulic\u0119, kt\u00f3r\u0105 jecha\u0142 tramwaj, kiedy wszystko dzieje si\u0119 obok cmentarzy, na kt\u00f3rych spoczywaj\u0105 nasi bliscy, w tym nasi przyjaciele z POLITYKI: Mieczys\u0142aw Rakowski, Jacek Mojkowski, Andrzej Krzysztof Wr\u00f3blewski i inni.<\/p>\n<p>To miejsca drogie naszemu sercu, miejsca, do kt\u00f3rych nieuchronnie zmierzamy. Boli nas, kiedy rozlega si\u0119 tam buczenie, a za murem, w tramwaju, nienawi\u015b\u0107 prowadzi do przest\u0119pstwa. Boli nas bezczynno\u015b\u0107 motorniczego, bezbronno\u015b\u0107 ofiary i wstyd wobec niemieckiego profesora, kt\u00f3rego broni\u0142 polski kolega przed polskim chamem. Oczywi\u015bcie, je\u017celi profesor z Jeny wspomni o tym zdarzeniu publicznie, b\u0119dziemy protestowa\u0107 przeciwko szkalowaniu naszego dobrego imienia. Pana profesora Kochanowskiego i jego koleg\u0119 \u2013 profesora z Niemiec &#8211; w g\u0142\u0119bi ducha powinni\u015bmy przeprosi\u0107, poniewa\u017c odpowiadamy jeden za wszystkich, wszyscy za jednego.<\/p>\n<p>Obawiam si\u0119, \u017ce odpowiednie w\u0142adze zlekcewa\u017c\u0105 ten incydent, \u015bledztwo \u2013 je\u015bli w og\u00f3le zostanie wszcz\u0119te \u2013 b\u0119dzie umorzone ze wzgl\u0119du na niemo\u017cliwo\u015b\u0107 ustalenia sprawc\u00f3w i znikom\u0105 szkodliwo\u015b\u0107 spo\u0142eczn\u0105 czynu. Polacy \u2013 nic si\u0119 nie sta\u0142o.<\/p>\n","protected":false},"excerpt":{"rendered":"<p>Jestem g\u0142\u0119boko poruszony pobiciem profesora Jerzego Kochanowskiego w warszawskim tramwaju tylko dlatego, \u017ce rozmawia\u0142 ze swoim niemieckim koleg\u0105 po niemiecku. Wczoraj by\u0142 to profesor Kochanowski \u2013 jutro to mo\u017ce by\u0107 ka\u017cdy z nas.<\/p>\n","protected":false},"author":4,"featured_media":0,"comment_status":"open","ping_status":"closed","sticky":false,"template":"","format":"standard","meta":{"footnotes":""},"categories":[1],"tags":[],"_links":{"self":[{"href":"https:\/\/blog.polityka.pl\/passent\/wp-json\/wp\/v2\/posts\/3572"}],"collection":[{"href":"https:\/\/blog.polityka.pl\/passent\/wp-json\/wp\/v2\/posts"}],"about":[{"href":"https:\/\/blog.polityka.pl\/passent\/wp-json\/wp\/v2\/types\/post"}],"author":[{"embeddable":true,"href":"https:\/\/blog.polityka.pl\/passent\/wp-json\/wp\/v2\/users\/4"}],"replies":[{"embeddable":true,"href":"https:\/\/blog.polityka.pl\/passent\/wp-json\/wp\/v2\/comments?post=3572"}],"version-history":[{"count":4,"href":"https:\/\/blog.polityka.pl\/passent\/wp-json\/wp\/v2\/posts\/3572\/revisions"}],"predecessor-version":[{"id":3588,"href":"https:\/\/blog.polityka.pl\/passent\/wp-json\/wp\/v2\/posts\/3572\/revisions\/3588"}],"wp:attachment":[{"href":"https:\/\/blog.polityka.pl\/passent\/wp-json\/wp\/v2\/media?parent=3572"}],"wp:term":[{"taxonomy":"category","embeddable":true,"href":"https:\/\/blog.polityka.pl\/passent\/wp-json\/wp\/v2\/categories?post=3572"},{"taxonomy":"post_tag","embeddable":true,"href":"https:\/\/blog.polityka.pl\/passent\/wp-json\/wp\/v2\/tags?post=3572"}],"curies":[{"name":"wp","href":"https:\/\/api.w.org\/{rel}","templated":true}]}}