
{"id":3580,"date":"2016-09-16T18:23:29","date_gmt":"2016-09-16T16:23:29","guid":{"rendered":"http:\/\/passent.blog.polityka.pl\/?p=3580"},"modified":"2016-09-19T17:23:25","modified_gmt":"2016-09-19T15:23:25","slug":"to-nie-jest-dowcip","status":"publish","type":"post","link":"https:\/\/blog.polityka.pl\/passent\/2016\/09\/16\/to-nie-jest-dowcip\/","title":{"rendered":"To nie jest dowcip"},"content":{"rendered":"<p>\u201ePodj\u0119\u0142am decyzj\u0119\u2026\u201d \u2013 tym \u017cartem premier Szyd\u0142o rozpocz\u0119\u0142a konferencj\u0119 prasow\u0105, na kt\u00f3rej poinformowa\u0142a, \u017ce minister Dawid Jackiewicz wykona\u0142 zadanie (i odchodzi w sin\u0105 dal\u2026). Nikt rozs\u0105dny nie wierzy w to, co powiedzia\u0142a premier, poniewa\u017c Ministerstwo Skarbu Pa\u0144stwa nie zosta\u0142o zlikwidowane, zadanie ma doko\u0144czy\u0107 kto\u015b inny.<br \/>\n<!--more--><br \/>\nWedle medi\u00f3w Jackiewicz polecia\u0142, poniewa\u017c rozdawa\u0142 t\u0142uste posady w sp\u00f3\u0142kach Skarbu Pa\u0144stwa swoim ludziom, przez co podpad\u0142 samemu prezesowi, kt\u00f3ry skrytykowa\u0142 rozmaitych cwaniak\u00f3w i brudne sieci zarzucone na w\u0142adz\u0119. Prezes Kaczy\u0144ski, jak to ma w zwyczaju, nie powiedzia\u0142 dok\u0142adnie, o kogo chodzi, tylko wspomnia\u0142 o bli\u017cej nieokre\u015blonych cwaniakach i sieci, ale media i politycy PiS (Brudzi\u0144ski, B\u0142aszczak) natychmiast podchwycili my\u015bl prezesa. <\/p>\n<p>(\u201eJa rzucam my\u015bl, a wy go \u0142apcie\u2026 \u201d \u2013 jak mawia\u0142 pewien dzia\u0142acz w PRL). Oczywi\u015bcie przedtem \u017caden z nich nie wspomnia\u0142, \u017ce \u017ale si\u0119 dzieje w sp\u00f3\u0142kach SP, ale wystarczy\u0142o, \u017ce prezes wspomnia\u0142, a panowie B. i B. w lot poj\u0119li, o kogo i o co chodzi.<\/p>\n<p>A dla mnie nie jest to wszystko jasne. To, \u017ce Jackiewicz rozdawa\u0142 posady, jest jasne, ale przecie\u017c po to mi\u0119dzy innymi zosta\u0142 ministrem. \u017be rozdawa\u0142 swoim &#8211; to te\u017c nic dziwnego. A komu mia\u0142 dawa\u0107? PiS nie robi z tego tajemnicy, nie ukrywa, \u017ce potrafi by\u0107 wdzi\u0119czny. Na przyk\u0142ad w mediach publicznych posady, stanowiska, w\u0142asne programy i audycje otrzymali znani dziennikarze prawicy \u2013 od Gargas i Lisickiego po Wildsteina i Ziemkiewicza, nie wspominaj\u0105c takiej drobnicy jak Stanis\u0142aw Janecki. Wi\u0119c dawanie swoim nie jest naganne, wr\u0119cz przeciwnie, jest ostentacyjne jako sedno dobrej zmiany.<\/p>\n<p>Dlaczego wi\u0119c Jackiewicz pad\u0142? Chyba dlatego, \u017ce dawa\u0142 nie tym \u201eswoim\u201d, kt\u00f3rym powinien. Nie ka\u017cdy sw\u00f3j jest sw\u00f3j, jedni s\u0105 bardziej swoi od innych swoich. Do tego dochodzi druga przyczyna: konflikt z wicepremierem Morawieckim. Prezesowi chodzi o to, \u017ceby ca\u0142\u0105 w\u0142adz\u0119 nad gospodark\u0105 (ca\u0142a w\u0142adza w r\u0119ce rad) skupi\u0142 w swoich r\u0119kach Morawiecki. Czy to \u017ale, czy dobrze, powiedzie\u0107 nie potrafi\u0119.<\/p>\n<p>Wracam do rozdawnictwa posad i stanowisk. W tej dziedzinie Jackiewicz wykona\u0142 swoje zadanie, a je\u015bli przedobrzy\u0142 (cho\u0107 to prezes wzywa\u0142 do przyspieszenia), to \u201epoleg\u0142ym cia\u0142em da\u0142 innym szczebel do chwa\u0142y grodu\u201d. \u201eInnym\u201d \u2013 czyli prezesowi, kt\u00f3ry tym razem m\u00f3g\u0142 wyst\u0105pi\u0107 jako przeciwnik nepotyzmu. <\/p>\n<p>Karykaturalne wr\u0119cz przyk\u0142ady kadrowej rozr\u00f3by \u00e0 la PiS podaje w tygodniku \u201ePrzegl\u0105d\u201d europose\u0142 i by\u0142y wiceminister obrony Janusz Zemke. Zemsta na oficerach, kt\u00f3rzy starali si\u0119 obiektywnie wyja\u015bnia\u0107 katastrof\u0119 smole\u0144sk\u0105. Odwo\u0142ano dyrektora Wojskowego Instytutu Medycyny Lotniczej \u2013 wys\u0142any do batalionu czo\u0142g\u00f3w w \u017baganiu. Szef kliniki psychiatrii w Bydgoszczy (robi\u0142 analizy stanu psychicznego za\u0142ogi podczas lotu) zes\u0142any do strzelc\u00f3w podhala\u0144skich w Rzeszowie. Przy okazji likwidacji Akademii Obrony Narodowej zwolniono ponad sto os\u00f3b. A szefem nowej Akademii Sztuki Wojennej zosta\u0142 pospiesznie awansowany pu\u0142kownik, kt\u00f3ry napisa\u0142 prac\u0119 doktorsk\u0105 o \u017co\u0142nierzach wykl\u0119tych. <\/p>\n<p>\u201eTo nie jest dowcip\u201d \u2013 zapewnia Zemke. Niestety, wierz\u0119 mu. Macierewicz czyni wi\u0119cej szk\u00f3d ni\u017c Jackiewicz, ale jego nikt nie ruszy. Premier Szyd\u0142o nie za\u017cartuje, \u017ce podj\u0119\u0142a decyzj\u0119\u2026<\/p>\n<p><strong>Zaproszenie pierwsze<\/strong><br \/>\nCzy nale\u017cy chwali\u0107 PiS, kiedy na to zas\u0142uguje? W dyskusji udzia\u0142 wezm\u0105: Seweryn Blumsztajn, weteran opozycji demokratycznej, &#8222;Gazeta Wyborcza&#8221;; dr Karolina Wigura, politolo\u017cka, &#8222;Kultura Liberalna&#8221;, i Rafa\u0142 Wo\u015b, POLITYKA. Radio TOK FM, wtorek, 20 wrze\u015bnia, godz. 20.05.<\/p>\n<p><strong>Zaproszenie drugie<\/strong><br \/>\nKoncert Galowy XIX edycji Konkursu &#8222;Pami\u0119tajmy o Osieckiej&#8221; odb\u0119dzie si\u0119  w poniedzia\u0142ek, 26 wrze\u015bnia, o godz. 19.00 w Teatrze Roma w Warszawie. Gwiazd\u0105 koncertu w 80. rocznic\u0119 urodzin Agnieszki Osieckiej b\u0119dzie Kasia Lassak. Go\u015bcinnie wyst\u0105pi Sebastian Karpiel-Bu\u0142ecka oraz Atom String Quartet. Zapraszamy!<\/p>\n","protected":false},"excerpt":{"rendered":"<p>\u201ePodj\u0119\u0142am decyzj\u0119\u2026\u201d \u2013 tym \u017cartem premier Szyd\u0142o rozpocz\u0119\u0142a konferencj\u0119 prasow\u0105, na kt\u00f3rej poinformowa\u0142a, \u017ce minister Dawid Jackiewicz wykona\u0142 zadanie (i odchodzi w sin\u0105 dal\u2026). Nikt rozs\u0105dny nie wierzy w to, co powiedzia\u0142a premier, poniewa\u017c Ministerstwo Skarbu Pa\u0144stwa nie zosta\u0142o zlikwidowane, zadanie ma doko\u0144czy\u0107 kto\u015b inny.<\/p>\n","protected":false},"author":4,"featured_media":0,"comment_status":"open","ping_status":"closed","sticky":false,"template":"","format":"standard","meta":{"footnotes":""},"categories":[1],"tags":[],"_links":{"self":[{"href":"https:\/\/blog.polityka.pl\/passent\/wp-json\/wp\/v2\/posts\/3580"}],"collection":[{"href":"https:\/\/blog.polityka.pl\/passent\/wp-json\/wp\/v2\/posts"}],"about":[{"href":"https:\/\/blog.polityka.pl\/passent\/wp-json\/wp\/v2\/types\/post"}],"author":[{"embeddable":true,"href":"https:\/\/blog.polityka.pl\/passent\/wp-json\/wp\/v2\/users\/4"}],"replies":[{"embeddable":true,"href":"https:\/\/blog.polityka.pl\/passent\/wp-json\/wp\/v2\/comments?post=3580"}],"version-history":[{"count":6,"href":"https:\/\/blog.polityka.pl\/passent\/wp-json\/wp\/v2\/posts\/3580\/revisions"}],"predecessor-version":[{"id":3582,"href":"https:\/\/blog.polityka.pl\/passent\/wp-json\/wp\/v2\/posts\/3580\/revisions\/3582"}],"wp:attachment":[{"href":"https:\/\/blog.polityka.pl\/passent\/wp-json\/wp\/v2\/media?parent=3580"}],"wp:term":[{"taxonomy":"category","embeddable":true,"href":"https:\/\/blog.polityka.pl\/passent\/wp-json\/wp\/v2\/categories?post=3580"},{"taxonomy":"post_tag","embeddable":true,"href":"https:\/\/blog.polityka.pl\/passent\/wp-json\/wp\/v2\/tags?post=3580"}],"curies":[{"name":"wp","href":"https:\/\/api.w.org\/{rel}","templated":true}]}}