
{"id":3592,"date":"2016-09-25T17:18:52","date_gmt":"2016-09-25T15:18:52","guid":{"rendered":"http:\/\/passent.blog.polityka.pl\/?p=3592"},"modified":"2016-09-25T17:58:53","modified_gmt":"2016-09-25T15:58:53","slug":"ekshumacje-bez-serc-bez-ducha","status":"publish","type":"post","link":"https:\/\/blog.polityka.pl\/passent\/2016\/09\/25\/ekshumacje-bez-serc-bez-ducha\/","title":{"rendered":"Ekshumacje &#8211; bez serc, bez ducha"},"content":{"rendered":"<p>Czy m\u00f3g\u0142by kto\u015b przekonuj\u0105co wyt\u0142umaczy\u0107, dlaczego konieczne s\u0105 ekshumacje ofiar katastrofy smole\u0144skiej? Dla mnie to jest pomys\u0142 makabryczny.<br \/>\n<!--more--><br \/>\nNie jestem prawnikiem, argumenty prawnicze pozostawiam fachowcom, ale wiem, \u017ce w ka\u017cdym kraju interpretacja prawa zale\u017cy tak\u017ce od najwy\u017cszych czynnik\u00f3w, od \u201esuwerena\u201d, od \u201ewoli ludu\u201d. Prezydent Ford \u201euniewinni\u0142\u201d Nixona, Duda \u201euniewinni\u0142\u201d Kami\u0144skiego, podejrzewam, \u017ce gdyby najwy\u017csze w\u0142adze w Polsce nie chcia\u0142y, do ekshumacji by nie dosz\u0142o. Ale widocznie chc\u0105.<\/p>\n<p>Dlaczego? Dlatego, \u017ce szcz\u0105tki ofiar s\u0105 dowodem i mog\u0105 skrywa\u0107 przyczyny katastrofy? Przecie\u017c odby\u0142o si\u0119 ju\u017c kilka ekshumacji i je\u015bli to nie przyczyni\u0142o si\u0119 do wyja\u015bnienia \u017ar\u00f3de\u0142 katastrofy, to znaczy, \u017ce nie t\u0119dy droga.<\/p>\n<p>Musz\u0105 by\u0107 inne przyczyny kolejnych ekshumacji. Moim zdaniem jest ich kilka. Chodzi o to, \u017ceby przed\u0142u\u017ca\u0107 napi\u0119cie wok\u00f3\u0142 Smole\u0144ska, kt\u00f3re ga\u015bnie lub mo\u017ce przygasa\u0107 i dlatego trzeba je podsyca\u0107. Ka\u017cde nowe nazwisko, ka\u017cda nowa trumna zapewni kolejne \u201esensacje\u201d.<\/p>\n<p>Po drugie, chodzi o to, \u017ceby wykaza\u0107 niekompetencj\u0119, ba\u0142agan w trumnach pozostawiony przez Rosjan \u2013 patolog\u00f3w i innych, kt\u00f3rzy mieli zwi\u0105zek ze spraw\u0105. To ju\u017c jednak wiadomo, wykaza\u0142y to poprzednie ekshumacje, nagrania i inne dowody. <\/p>\n<p>No i wreszcie po trzecie, najwa\u017cniejsze: kolejne ekshumacje b\u0119d\u0105 \u015bwiadczy\u0107 o b\u0142\u0119dach strony polskiej, funkcjonariuszy pa\u0144stwa Tuska, Sikorskiego i innych. W trumnach mog\u0105 znale\u017a\u0107 si\u0119 dowody przeciwko cz\u0142onkom \u00f3wczesnego rz\u0105du, kt\u00f3rych trzeba b\u0119dzie nie tylko skompromitowa\u0107, ale przyk\u0142adnie ukara\u0107.<\/p>\n<p>Ale zaniedbania poprzednich w\u0142adz by\u0142y ju\u017c niejednokrotnie demaskowane. Wi\u0119c po co ta \u201egra trumnami\u201d? \u201eJe\u015bli ekshumacje b\u0119d\u0105 si\u0119 odbywa\u0142y latami \u2013 m\u00f3wi Izabella Sariusz-Sk\u0105pska, kt\u00f3ra straci\u0142a w katastrofie ojca \u2013 a przy okazji pojawi\u0105 si\u0119 przecieki ze \u015bledztwa, a pojawi\u0105 si\u0119 na pewno, mniej lub bardziej sensacyjne, to kto i co powstrzyma polityk\u00f3w przed ich wykorzystaniem?\u201d.<\/p>\n<p>Uzasadnieniem decyzji prokurator\u00f3w jest polityka \u2013 pisze Stanis\u0142aw Skar\u017cy\u0144ski (Oko.Press) i ma ca\u0142kowit\u0105 racj\u0119. \u201ePodporz\u0105dkowana PiS prokuratura wie, \u017ce partii Kaczy\u0144skiego tak zale\u017cy na Smole\u0144sku, \u017ce od sze\u015bciu lat manipuluje Polakami. (\u2026) Teraz polityka smole\u0144ska okaza\u0142a si\u0119 tak wa\u017cna, \u017ce nikt nie jest w stanie powstrzyma\u0107 Ziobry i Pasionka przed wyj\u0119ciem z grob\u00f3w cia\u0142 ofiar\u201d.<\/p>\n<p>Podzielam opini\u0119 Stanis\u0142awa Skar\u017cy\u0144skiego, jednego z najciekawszych komentator\u00f3w, \u017ce masowe ekshumacje ofiar smole\u0144skich oznaczaj\u0105, i\u017c politycy PiS wychodz\u0105 poza granice pychy i okrucie\u0144stwa. Autor przytacza wypowiedzi tych krewnych ofiar, kt\u00f3rzy s\u0105 przeciwni traktowaniu cia\u0142 ich najbli\u017cszych, jako dowod\u00f3w jak ka\u017cde inne. Ale prokuratura pana Ziobry ich nie podziela.<\/p>\n<p>Bezwzgl\u0119dno\u015b\u0107 tych ludzi musi budzi\u0107 pot\u0119pienie. Rozumiem, \u017ce ze wzgl\u0119d\u00f3w politycznych prokurator\u00f3w wojskowych, kt\u00f3rzy prowadzili \u015bledztwo smole\u0144skie, odsuni\u0119to od sprawy. To b\u0142\u0105d, to upolitycznianie prokuratury. Ale \u201ezes\u0142anie\u201d tych oficer\u00f3w do odleg\u0142ych garnizon\u00f3w na rubie\u017cach Rzeczpospolitej to zwyk\u0142a zemsta, pozaprawna represja, po prostu deficyt kultury. Do w\u0142adzy wyniesieni zostali ludzie bez skrupu\u0142\u00f3w.<\/p>\n<p>Wiceminister sprawiedliwo\u015bci, kt\u00f3ry grozi s\u0119dzi wszcz\u0119ciem post\u0119powania dyscyplinarnego (po protestach si\u0119 wycofa\u0142), minister obrony, kt\u00f3ry wynosi do zaszczyt\u00f3w i odpowiedzialnych stanowisk m\u0142okosa bez kwalifikacji, rz\u0105d, kt\u00f3ry przy lada okazji wciska do garde\u0142 Apel Smole\u0144ski &#8211; to wszystko, cho\u0107 z trudem, mog\u0119 znie\u015b\u0107. Ale ekshumacje po to, \u017ceby szcz\u0105tki ofiar (b\u0142\u0119dnie zidentyfikowane lub przyporz\u0105dkowane) s\u0142u\u017cy\u0142y jako amunicja w wojnie politycznej \u2013 nie, tego ju\u017c za du\u017co!<\/p>\n","protected":false},"excerpt":{"rendered":"<p>Czy m\u00f3g\u0142by kto\u015b przekonuj\u0105co wyt\u0142umaczy\u0107, dlaczego konieczne s\u0105 ekshumacje ofiar katastrofy smole\u0144skiej? Dla mnie to jest pomys\u0142 makabryczny.<\/p>\n","protected":false},"author":4,"featured_media":0,"comment_status":"open","ping_status":"closed","sticky":false,"template":"","format":"standard","meta":{"footnotes":""},"categories":[1],"tags":[],"_links":{"self":[{"href":"https:\/\/blog.polityka.pl\/passent\/wp-json\/wp\/v2\/posts\/3592"}],"collection":[{"href":"https:\/\/blog.polityka.pl\/passent\/wp-json\/wp\/v2\/posts"}],"about":[{"href":"https:\/\/blog.polityka.pl\/passent\/wp-json\/wp\/v2\/types\/post"}],"author":[{"embeddable":true,"href":"https:\/\/blog.polityka.pl\/passent\/wp-json\/wp\/v2\/users\/4"}],"replies":[{"embeddable":true,"href":"https:\/\/blog.polityka.pl\/passent\/wp-json\/wp\/v2\/comments?post=3592"}],"version-history":[{"count":3,"href":"https:\/\/blog.polityka.pl\/passent\/wp-json\/wp\/v2\/posts\/3592\/revisions"}],"predecessor-version":[{"id":3595,"href":"https:\/\/blog.polityka.pl\/passent\/wp-json\/wp\/v2\/posts\/3592\/revisions\/3595"}],"wp:attachment":[{"href":"https:\/\/blog.polityka.pl\/passent\/wp-json\/wp\/v2\/media?parent=3592"}],"wp:term":[{"taxonomy":"category","embeddable":true,"href":"https:\/\/blog.polityka.pl\/passent\/wp-json\/wp\/v2\/categories?post=3592"},{"taxonomy":"post_tag","embeddable":true,"href":"https:\/\/blog.polityka.pl\/passent\/wp-json\/wp\/v2\/tags?post=3592"}],"curies":[{"name":"wp","href":"https:\/\/api.w.org\/{rel}","templated":true}]}}