
{"id":3596,"date":"2016-09-30T07:51:17","date_gmt":"2016-09-30T05:51:17","guid":{"rendered":"http:\/\/passent.blog.polityka.pl\/?p=3596"},"modified":"2016-09-30T08:25:42","modified_gmt":"2016-09-30T06:25:42","slug":"kochac-sercem-czy-kieszenia","status":"publish","type":"post","link":"https:\/\/blog.polityka.pl\/passent\/2016\/09\/30\/kochac-sercem-czy-kieszenia\/","title":{"rendered":"Kocha\u0107 sercem czy kieszeni\u0105?"},"content":{"rendered":"<p>Micha\u0142 Radgowski &#8211; nieod\u017ca\u0142owany kolega, felietonista i redaktor POLITYKI, obdarzony \u015bwietnym poczuciem humoru &#8211; m\u00f3wi\u0142, co go najbardziej \u015bmieszy: \u201eTrabant \u2013 limuzyna\u201d, \u201eWodogrzmoty Mickiewicza\u201d i \u201eparlamentarzy\u015bci radzieccy\u201d. Ja bym do tego doda\u0142 \u201erekonstrukcj\u0119 rz\u0105du\u201d.<br \/>\n<!--more--><br \/>\nJaka to jest to bowiem rekonstrukcja, skoro pozbyto si\u0119 tylko jednego ministra (co prawda finans\u00f3w, ale zawsze\u2026) i skupiono jeszcze wi\u0119cej w\u0142adzy w r\u0119kach Mateusza Morawieckiego &#8211; pupila prezesa Kaczy\u0144skiego? Ja bym jeszcze po\u017cegna\u0142 ministr\u00f3w Zalewsk\u0105 (za ignorancj\u0119), Ziobr\u0119 (za pych\u0119), Waszczykowskiego (za arogancj\u0119) i Macierewicza (za Smole\u0144sk), ale to s\u0105 tylko rojenia.<\/p>\n<p>Ukaza\u0142o si\u0119 ju\u017c wiele komentarzy, dodam tylko, \u017ce skupienie tak du\u017cej w\u0142adzy w r\u0119kach jednego cz\u0142owieka, cho\u0107by i zdolnego bankowca, jest niebezpieczne. Rada ministr\u00f3w \u2013 przynajmniej teoretycznie \u2013 jest cia\u0142em zbiorowym, wydawa\u0142oby si\u0119, \u017ce poszukuje si\u0119 tam pewnej r\u00f3wnowagi r\u00f3\u017cnych racji i interes\u00f3w. W tym rozmachu i wizji Morawieckiego oraz sk\u0105pstwa ministra finans\u00f3w. Nasza \u201erada\u201d nie b\u0119dzie rad\u0105, bo nie ma w niej \u017cadnej r\u00f3wnowagi, wicepremier Morawiecki jako \u201epomazaniec prezesa\u201d b\u0119dzie mia\u0142 ostatnie s\u0142owo. A jak na razie wicepremier albo kre\u015bli osza\u0142amiaj\u0105ce wizje Polski po zrealizowaniu jego planu rozwoju, albo opowiada, jak kocha nasz kraj.<\/p>\n<p>Zdaniem Morawieckiego gdyby Polacy byli wi\u0119kszymi patriotami, to wi\u0119cej by oszcz\u0119dzali: \u201eZdecydowanie wcze\u015bniej trzeba by\u0142o zakasa\u0107 r\u0119kawy, trzeba by\u0142o uczy\u0107 Polak\u00f3w patriotyzmu gospodarczego, krzycze\u0107 o tym patriotyzmie oraz o dumie z polsko\u015bci i z Polski, wtedy Polacy mieliby wi\u0119ksz\u0105 sk\u0142onno\u015b\u0107 do zaciskania pasa, budowania firm w oparciu o ten szczup\u0142y kapita\u0142 i ekspansji zagranic\u0119\u201d. W innym miejscu wicepremier m\u00f3wi: \u201ePrzede wszystkim trzeba by\u0107 dumnym ze swojego kraju, kocha\u0107 sw\u00f3j kraj. (\u2026) Bo wtedy jest mniejsza sk\u0142onno\u015b\u0107 do emigracji, wi\u0119ksza sk\u0142onno\u015b\u0107 do oszcz\u0119dno\u015bci dla swoich dzieci\u201d.<\/p>\n<p>Ja nie widz\u0119 takiej prostej zale\u017cno\u015bci pomi\u0119dzy oszcz\u0119dno\u015bci\u0105 czy zapobiegliwo\u015bci\u0105 a mi\u0142o\u015bci\u0105 do ojczyzny. Mo\u017cna kocha\u0107 sw\u00f3j kraj, wydaj\u0105c pieni\u0105dze na lewo i na prawo (popyt nakr\u0119ca koniunktur\u0119, p\u0142acimy podatki), kupuj\u0105c dzia\u0142k\u0119 na ksi\u0119\u017cycu lub oszcz\u0119dzaj\u0105c w banku zagranicznym, np. WBK (Santander), w kt\u00f3rym wicepremier do niedawna pracowa\u0142, cho\u0107 m\u00f3g\u0142 pracowa\u0107 w banku polskim, BGK czy wr\u0119cz w NBP.<\/p>\n<p>Kiedy minister, kt\u00f3ry jeszcze rok temu zarabia\u0142 miliony, dzisiaj m\u00f3wi o tych, \u201ekt\u00f3rych nie bardzo sta\u0107 na narty czy egzotyczne wakacje. Oszcz\u0119dzaj\u0105 ka\u017cd\u0105 z\u0142ot\u00f3wk\u0119, \u017ceby w pocie czo\u0142a wypracowa\u0107 warto\u015b\u0107 dodan\u0105. My jeste\u015bmy g\u0142ownie dla nich, dla tych warstw spo\u0142ecznych, kt\u00f3re z wolna zaczynaj\u0105 tworzy\u0107 klas\u0119  \u015bredni\u0105\u201d \u2013 to ja przepraszam, ale pozostaj\u0119 lekko nieufny. Co innego, gdyby minister by\u0142 w poprzednim wcieleniu filantropem jak Bill Gates&#8230;<\/p>\n<p>Wicepremier otrzyma\u0142 od prezesa wszelkie narz\u0119dzia, \u017ceby t\u0119 nieufno\u015b\u0107 rozwia\u0107, i oby mu si\u0119 uda\u0142o. Bo to le\u017cy w interesie naszego kraju, kt\u00f3ry \u2013 oczywi\u015bcie \u2013 kochamy.    <\/p>\n","protected":false},"excerpt":{"rendered":"<p>Micha\u0142 Radgowski &#8211; nieod\u017ca\u0142owany kolega, felietonista i redaktor POLITYKI, obdarzony \u015bwietnym poczuciem humoru &#8211; m\u00f3wi\u0142, co go najbardziej \u015bmieszy: \u201eTrabant \u2013 limuzyna\u201d, \u201eWodogrzmoty Mickiewicza\u201d i \u201eparlamentarzy\u015bci radzieccy\u201d. Ja bym do tego doda\u0142 \u201erekonstrukcj\u0119 rz\u0105du\u201d.<\/p>\n","protected":false},"author":4,"featured_media":0,"comment_status":"open","ping_status":"closed","sticky":false,"template":"","format":"standard","meta":{"footnotes":""},"categories":[1],"tags":[],"_links":{"self":[{"href":"https:\/\/blog.polityka.pl\/passent\/wp-json\/wp\/v2\/posts\/3596"}],"collection":[{"href":"https:\/\/blog.polityka.pl\/passent\/wp-json\/wp\/v2\/posts"}],"about":[{"href":"https:\/\/blog.polityka.pl\/passent\/wp-json\/wp\/v2\/types\/post"}],"author":[{"embeddable":true,"href":"https:\/\/blog.polityka.pl\/passent\/wp-json\/wp\/v2\/users\/4"}],"replies":[{"embeddable":true,"href":"https:\/\/blog.polityka.pl\/passent\/wp-json\/wp\/v2\/comments?post=3596"}],"version-history":[{"count":3,"href":"https:\/\/blog.polityka.pl\/passent\/wp-json\/wp\/v2\/posts\/3596\/revisions"}],"predecessor-version":[{"id":3600,"href":"https:\/\/blog.polityka.pl\/passent\/wp-json\/wp\/v2\/posts\/3596\/revisions\/3600"}],"wp:attachment":[{"href":"https:\/\/blog.polityka.pl\/passent\/wp-json\/wp\/v2\/media?parent=3596"}],"wp:term":[{"taxonomy":"category","embeddable":true,"href":"https:\/\/blog.polityka.pl\/passent\/wp-json\/wp\/v2\/categories?post=3596"},{"taxonomy":"post_tag","embeddable":true,"href":"https:\/\/blog.polityka.pl\/passent\/wp-json\/wp\/v2\/tags?post=3596"}],"curies":[{"name":"wp","href":"https:\/\/api.w.org\/{rel}","templated":true}]}}