
{"id":36,"date":"2006-05-23T08:24:31","date_gmt":"2006-05-23T06:24:31","guid":{"rendered":"http:\/\/passent.blog.polityka.pl\/?p=36"},"modified":"2006-05-23T12:02:07","modified_gmt":"2006-05-23T10:02:07","slug":"platforma-bez-wyrazu","status":"publish","type":"post","link":"https:\/\/blog.polityka.pl\/passent\/2006\/05\/23\/platforma-bez-wyrazu\/","title":{"rendered":"Platforma bez wyrazu"},"content":{"rendered":"<p>Problemem Polski nie jest tylko w\u0142adza PiS i jej satelit\u00f3w, jest tak\u017ce \u2013 a mo\u017ce nawet przede wszystkim \u2013 brak opozycji z prawdziwego zdarzenia. Na zje\u017adzie Platformy Obywatelskiej, kolejni m\u00f3wcy zdzierali sobie gard\u0142a, miotaj\u0105c s\u0142uszne na og\u00f3\u0142 oskar\u017cenia pod adresem\u00a0 rz\u0105dz\u0105cych\u00a0 trojaczk\u00f3w Kaczy\u0144ski \u2013 Lepper &#8211; Giertych.\u00a0 Wbrew rosyjskiej m\u0105dro\u015bci ludowej\u00a0 \u201eTisze jediesz \u2013 dalsze budiesz\u201d (\u201ecicho jedziesz \u2013 dalej zajedziesz\u201d) Platforma\u00a0 wybra\u0142a wariant odwrotny \u2013 im g\u0142o\u015bniej tym lepiej.\u00a0 Tusk, Rokita, Niesio\u0142owski, u\u017cywaj\u0105c terminologii pi\u0142karskiej, maj\u0105 dobrze opanowan\u0105 pi\u0142k\u0119, ale nie s\u0105 bramkostrzelni &#8211;\u00a0 s\u0105\u00a0 elokwentni i mog\u0105 pod adresem rz\u0105dz\u0105cych miota\u0107 rozmaite oskar\u017cenia o to, \u017ce zaw\u0142aszczaj\u0105 pa\u0144stwo, wsz\u0119dzie pchaj\u0105 swoich ludzi, grzebi\u0105 w dokumentach na zasadzie \u201ekogo by tu jeszcze skompromitowa\u0107\u201d, rz\u0105dz\u0105 zaledwie p\u00f3\u0142 roku, a ju\u017c wycofali si\u0119 z 3 mln mieszka\u0144 oraz innych obietnic.\u00a0<\/p>\n<p>Ale krzykiem w\u0142adzy si\u0119 nie zdob\u0119dzie. Platforma ca\u0142y czas nie wie co z sob\u0105 zrobi\u0107 \u2013 nie mo\u017ce zaatakowa\u0107 PiSu z lewej strony, bo boi si\u0119\u00a0 sojuszu z lewic\u0105 jak czerwonej zarazy, nie mo\u017ce tak\u017ce zaatakowa\u0107 PiSu z prawej strony, bo na prawo od braci Kaczy\u0144skich jest ju\u017c w\u0142a\u015bciwie tylko \u015bciana, kt\u00f3r\u0105 podpiera Roman Giertych. W rezultacie\u00a0 PO niewiele r\u00f3\u017cni si\u0119 od PiS, chce robi\u0107 to samo, tylko po swojemu. Platforma to partia, jak\u0105 Amerykanie nazywaj\u0105 \u201eme to\u201d (\u201eja te\u017c\u201d). PiS likwiduje bezrobocie \u2013 my te\u017c, PiS p\u0142aci becikowe \u2013 my te\u017c, PiS reformuje s\u0142u\u017cb\u0119 zdrowia \u2013 my te\u017c, PiS le\u017cy krzy\u017cem \u2013 my te\u017c. Platforma jest dzi\u015b parti\u0105 bez oblicza, bez charyzmy, bez wyrazistego programu.\u00a0 Nie jest alternatyw\u0105,\u00a0 liczy na to, \u017ce\u00a0 bez oblicza przyci\u0105gnie\u00a0 wi\u0119cej wyborc\u00f3w, z\u0142owi w swoje sieci wszystkich niezadowolonych. Panowie Tusk, Rokita, Niesio\u0142owski s\u0105 bardzo elokwentni, ale ich syreni \u015bpiew nie przyci\u0105gnie wyborc\u00f3w, je\u015bli nie powiedz\u0105 STOP takiej lustracji, STOP hurranacjonalizmowi, STOP pa\u0144stwu wyznaniowemu, STOP przejmowaniu medi\u00f3w publicznych, STOP ocenom z religii na \u015bwiadectwach maturalnych, STOP pozbawianiu subwencji organizacji i stowarzysze\u0144 my\u015bl\u0105cych inaczej ni\u017c PiS,\u00a0 STOP opozycji bez wyrazu, niezdecydowanej, kunktatorskiej, kt\u00f3ra boi si\u0119 w\u0142asnego cienia.<\/p>\n","protected":false},"excerpt":{"rendered":"<p>Problemem Polski nie jest tylko w\u0142adza PiS i jej satelit\u00f3w, jest tak\u017ce \u2013 a mo\u017ce nawet przede wszystkim \u2013 brak opozycji z prawdziwego zdarzenia. Na zje\u017adzie Platformy Obywatelskiej, kolejni m\u00f3wcy zdzierali sobie gard\u0142a, miotaj\u0105c s\u0142uszne na og\u00f3\u0142 oskar\u017cenia pod adresem\u00a0 rz\u0105dz\u0105cych\u00a0 trojaczk\u00f3w Kaczy\u0144ski \u2013 Lepper &#8211; Giertych.\u00a0 Wbrew rosyjskiej m\u0105dro\u015bci ludowej\u00a0 \u201eTisze jediesz \u2013 dalsze [&hellip;]<\/p>\n","protected":false},"author":4,"featured_media":0,"comment_status":"open","ping_status":"open","sticky":false,"template":"","format":"standard","meta":{"footnotes":""},"categories":[1],"tags":[],"_links":{"self":[{"href":"https:\/\/blog.polityka.pl\/passent\/wp-json\/wp\/v2\/posts\/36"}],"collection":[{"href":"https:\/\/blog.polityka.pl\/passent\/wp-json\/wp\/v2\/posts"}],"about":[{"href":"https:\/\/blog.polityka.pl\/passent\/wp-json\/wp\/v2\/types\/post"}],"author":[{"embeddable":true,"href":"https:\/\/blog.polityka.pl\/passent\/wp-json\/wp\/v2\/users\/4"}],"replies":[{"embeddable":true,"href":"https:\/\/blog.polityka.pl\/passent\/wp-json\/wp\/v2\/comments?post=36"}],"version-history":[{"count":0,"href":"https:\/\/blog.polityka.pl\/passent\/wp-json\/wp\/v2\/posts\/36\/revisions"}],"wp:attachment":[{"href":"https:\/\/blog.polityka.pl\/passent\/wp-json\/wp\/v2\/media?parent=36"}],"wp:term":[{"taxonomy":"category","embeddable":true,"href":"https:\/\/blog.polityka.pl\/passent\/wp-json\/wp\/v2\/categories?post=36"},{"taxonomy":"post_tag","embeddable":true,"href":"https:\/\/blog.polityka.pl\/passent\/wp-json\/wp\/v2\/tags?post=36"}],"curies":[{"name":"wp","href":"https:\/\/api.w.org\/{rel}","templated":true}]}}