
{"id":360,"date":"2007-10-22T23:52:18","date_gmt":"2007-10-22T21:52:18","guid":{"rendered":"http:\/\/passent.blog.polityka.pl\/?p=360"},"modified":"2007-10-31T15:24:27","modified_gmt":"2007-10-31T14:24:27","slug":"awanturnik","status":"publish","type":"post","link":"https:\/\/blog.polityka.pl\/passent\/2007\/10\/22\/awanturnik\/","title":{"rendered":"Awanturnik"},"content":{"rendered":"<p>Trwaj\u0105 rozwa\u017cania o \u017ar\u00f3d\u0142ach zwyci\u0119stwa Platformy i przegranej PiS. Jeden z najbardziej antypatycznych polityk\u00f3w, Aleksander Szczyg\u0142o, w \u201eKropce nad i\u201d nie by\u0142 nawet w stanie wykrztusi\u0107 s\u0142owa\u00a0 \u201epora\u017cka\u201d ani \u017cadnego synonimu (i to w czasie, kiedy nawet \u017cyczliwa \u201eRz\u201d pisze o \u201eTriumfie Platformy\u2019). Ostatecznie przyzna\u0142 \u0142askawie, \u017ce \u201ePiS zaj\u0119\u0142o II miejsce\u201d. Zastanawiam si\u0119, dlaczego minister Obrony\u00a0nie jest w stanie uzna\u0107 prostego faktu, i dochodz\u0119 do wniosku, \u017ce to ze strachu przed Kaczy\u0144skim. Co prawda zwierzchnikiem si\u0142 zbrojnych jest Lech, ale minister na wszelki wypadek boi si\u0119 i Jaros\u0142awa.<\/p>\n<p><!--more--><\/p>\n<p>Jaros\u0142aw Kaczy\u0144ski wywar\u0142 tak silny wp\u0142yw na swoj\u0105 parti\u0119, \u017ce w polityce tej partii widoczne s\u0105 cechy charakteru jej przyw\u00f3dcy. Ludzie z jego otoczenia opowiadaj\u0105, \u017ce jest inteligentny, m\u0105dry, dowcipny, skromny i B\u00f3g wie jaki. By\u0107 mo\u017ce. Ale to, co si\u0119 rzuca w oczy obcemu, to przede wszystkim bezczelno\u015b\u0107. Powiedzie\u0107, \u017ce wybory wygra\u0142 front, kt\u00f3ry ci\u0105gnie si\u0119 od mordercy Grzegorza Piotrowskiego po Donalda Tuska (po drodze tak\u017ce TVN, &#8222;Gazeta&#8221; etc.) to rzadkie chamstwo. Wstyd, \u017ce taki cz\u0142owiek stoi na czele polskiego rz\u0105du, a b\u0119dzie sta\u0142 na czele opozycji. Ale ciemny lud, a w\u0142a\u015bciwie 1\/3 tego ludu, to kupuje. Ponad 5 mln ludzi! Gdyby to by\u0142 przypadek odosobniony, mo\u017cna by wybaczy\u0107, ale przecie\u017c nie ma dnia, \u017ceby komu\u015b nie ubli\u017cy\u0142 (Donald Tusk &#8211; \u201epomocnik\u201d, \u201egeszefty\u201d i inne \u201e\u0142\u017ce-elity\u201d). Zdarza si\u0119 to i jego wychowankom, m\u0142odziutki pose\u0142 Hofman m\u00f3wi\u0142, \u017ce za to, co powiedzia\u0142 Kwa\u015bniewski, podczas okupacji ogolono by mu g\u0142ow\u0119. Je\u017celi jest prawd\u0105, \u017ce styl to cz\u0142owiek, to mo\u017cna si\u0119 domy\u015ble\u0107, jakim cz\u0142owiekiem jest JK.\u00a0<\/p>\n<p>Oto fragmenty\u00a0kilku komentarzy, kt\u00f3re na to wskazuj\u0105.<\/p>\n<blockquote><p>\u2026 wi\u0119kszo\u015b\u0107 Polak\u00f3w\u00a0nie chcia\u0142a d\u0142u\u017cej \u017cy\u0107 w pa\u0144stwie, kt\u00f3re jest nie\u017cyczliwe obywatelom, pods\u0142uchuje ich, nagrywa, kt\u00f3re ka\u017ce my\u015ble\u0107 o przesz\u0142o\u015bci, kt\u00f3re jest w\u0142a\u015bciwie sk\u0142\u00f3cone z ca\u0142ym \u015bwiatem w imi\u0119 interes\u00f3w narodowych. Elektorat PiS to jest ta mniejszo\u015b\u0107 poch\u0142oni\u0119ta Polsk\u0105 narodow\u0105, autorytarn\u0105. (<em>prof. I. Krzemi\u0144ski, politolog<\/em>)<\/p><\/blockquote>\n<blockquote><p>PiS przegra\u0142o ten plebiscyt przez prowadzenie polityki awanturniczej. Po dw\u00f3ch latach rz\u0105d\u00f3w tej partii wyborcy zobaczyli, \u017ce osi\u0105gni\u0119cia dotychczasowych rz\u0105d\u00f3w s\u0105 zagro\u017cone. (<em>prof. Kazimierz Kik, politolog<\/em>)<\/p><\/blockquote>\n<blockquote><p>Droczenie si\u0119 Kaczy\u0144skiego je\u015bli chodzi o zaproszenie Tuska do debaty spowodowa\u0142o, \u017ce zbyt du\u017c\u0105 wag\u0119 przywi\u0105zywano do tych debat. (<em>prof. Jadwiga Staniszkis, j.w.<\/em>)<\/p><\/blockquote>\n<blockquote><p>&#8222;Wiaro\u0142omstwo sta\u0142o si\u0119 norm\u0105. Kolejne obietnice wyborcze JK rozwiewa\u0142y si\u0119 w py\u0142.\u201d. Jego wizja \u201eokaza\u0142a si\u0119 jednym wielkim oszustwem\u201d. \u201eNie mog\u0142em uwierzy\u0107 w\u0142asnym oczom, jak miejsce Kazimierza\u00a0 Marcinkiewicza, kt\u00f3ry mia\u0142 by\u0107 premierem przez cztery lata, zajmuje Jaros\u0142aw Kaczy\u0144ski, kt\u00f3ry zapowiedzia\u0142 stanowczo\u00a0 wcze\u015bniej, \u017ce (\u2026) oszcz\u0119dzi Polakom dw\u00f3ch bli\u017aniak\u00f3w na najwy\u017cszych stanowiskach. (\u2026) Polska Jaros\u0142awa Kaczy\u0144skiego ka\u017cdemu pokazuje j\u0119zyk i pr\u0119\u017cy musku\u0142y. Szkoda tylko, \u017ce t\u0119 pozorn\u0105 si\u0142\u0119 wida\u0107 jedynie w lustrze\u2026\u201d (<em>W\u0142adys\u0142aw Bartoszewski<\/em>)<\/p><\/blockquote>\n<p>Nie\u017cyczliwy, nieufny, podejrzliwy, napastliwy, pods\u0142uchuje, autorytarny, droczy si\u0119, wiaro\u0142omny, sk\u0142\u00f3cony z ca\u0142ym \u015bwiatem \u2013 wszystko to cechy przyw\u00f3dcy oraz\u00a0partii, kt\u00f3ra jest jego dzieckiem. Cechy te JK zacz\u0105\u0142 przekazywa\u0107 naszemu pa\u0144stwu, na kt\u00f3re mia\u0142 przemo\u017cny wp\u0142yw, st\u0105d \u015bwiat przyj\u0105\u0142 z ulg\u0105 wynik wybor\u00f3w w Polsce. Szkody wyrz\u0105dzi\u0142 ogromne.\u00a0 Gdyby PiS nie mia\u0142 wad Kaczy\u0144skiego, rz\u0105dzi\u0142by jeszcze d\u0142ugo. Dlatego ja si\u0119 ciesz\u0119, \u017ce JK\u00a0nie jest taki \u015bwi\u0119ty, za jakiego uwa\u017caj\u0105 go jego zwolennicy. Jestem pewien, \u017ce kiedy\u015b powstanie \u015bwietna ksi\u0105\u017cka, kt\u00f3ra po\u0142\u0105czy diagnoz\u0119 psychologiczn\u0105 JK, spos\u00f3b, w jaki narzuci\u0142 on swoj\u0105 wol\u0119, \u015blep\u0105 mi\u0142o\u015b\u0107 (i nienawi\u015b\u0107), jak\u0105 wywo\u0142uje. Wola\u0142bym tak\u0105 ksi\u0105\u017ck\u0119 przeczyta\u0107 ni\u017c to wszystko ogl\u0105da\u0107 na w\u0142asne oczy.\u00a0\u00a0<\/p>\n<p>***<\/p>\n<p><strong>PS<\/strong>. Od dw\u00f3ch dni wielka rado\u015b\u0107 na blogu.\u00a0\u201e<strong>Aniou<\/strong>\u201d pisze, \u017ce wynik wybor\u00f3w to nie sukces spo\u0142ecze\u0144stwa my\u015bl\u0105cego (jak ja napisa\u0142em), tylko reakcja spo\u0142ecze\u0144stwa wkurzonego, czyli w niezorganizowanym prote\u015bcie. Zgoda, wszak i ja twierdze, \u017ce PiS sprowokowa\u0142 spo\u0142ecze\u0144stwo, jemu zawdzi\u0119czamy rekordow\u0105 frekwencj\u0119, a Platforma w du\u017cym stopniu swoje zwyci\u0119stwo.\u00a0\u201e<strong>Mysha_b<\/strong>\u201d trafnie zauwa\u017ca, \u017ce Kaczy\u0144ski nie potrafi\u0142 przegra\u0107 z godno\u015bci\u0105. O tym jest powy\u017cszy post. \u201e<strong>Carolcca<\/strong>\u201d pisze, \u017ce jej (jego) g\u0142os by\u0142 bardziej przeciw JK ni\u017c za PO \u2013 s\u0105dz\u0119, \u017ce takich by\u0142o b. wielu i teraz PO nieuchronnie b\u0119dzie traci\u0142o.<\/p>\n<p>\u201e<strong>jasny gwint<\/strong>\u201d jest rozczarowany, jego zdaniem \u201ePassent wyra\u017ca swoje bardzo tanie emocje ma temat zwyci\u0119stwa demokracji\u201d. By\u0107 mo\u017ce \u201ejasny gwint\u201d ma wy\u017csze wymagania, i to uzasadnione, ale ja nie zamierzam ukrywa\u0107 satysfakcji z wyniku wybor\u00f3w, aczkolwiek nie jest to wynik przeze mnie wymarzony. Ch\u0119tnie bym przemeblowa\u0142 scen\u0119 polityczn\u0105, ale jak si\u0119 nie ma, co si\u0119 lubi\u2026<\/p>\n<p>Pozdrawiam, gospodarz domu.<\/p>\n","protected":false},"excerpt":{"rendered":"<p>Trwaj\u0105 rozwa\u017cania o \u017ar\u00f3d\u0142ach zwyci\u0119stwa Platformy i przegranej PiS. Jeden z najbardziej antypatycznych polityk\u00f3w, Aleksander Szczyg\u0142o, w \u201eKropce nad i\u201d nie by\u0142 nawet w stanie wykrztusi\u0107 s\u0142owa\u00a0 \u201epora\u017cka\u201d ani \u017cadnego synonimu (i to w czasie, kiedy nawet \u017cyczliwa \u201eRz\u201d pisze o \u201eTriumfie Platformy\u2019). Ostatecznie przyzna\u0142 \u0142askawie, \u017ce \u201ePiS zaj\u0119\u0142o II miejsce\u201d. Zastanawiam si\u0119, dlaczego minister [&hellip;]<\/p>\n","protected":false},"author":4,"featured_media":0,"comment_status":"open","ping_status":"open","sticky":false,"template":"","format":"standard","meta":{"footnotes":""},"categories":[1],"tags":[],"_links":{"self":[{"href":"https:\/\/blog.polityka.pl\/passent\/wp-json\/wp\/v2\/posts\/360"}],"collection":[{"href":"https:\/\/blog.polityka.pl\/passent\/wp-json\/wp\/v2\/posts"}],"about":[{"href":"https:\/\/blog.polityka.pl\/passent\/wp-json\/wp\/v2\/types\/post"}],"author":[{"embeddable":true,"href":"https:\/\/blog.polityka.pl\/passent\/wp-json\/wp\/v2\/users\/4"}],"replies":[{"embeddable":true,"href":"https:\/\/blog.polityka.pl\/passent\/wp-json\/wp\/v2\/comments?post=360"}],"version-history":[{"count":0,"href":"https:\/\/blog.polityka.pl\/passent\/wp-json\/wp\/v2\/posts\/360\/revisions"}],"wp:attachment":[{"href":"https:\/\/blog.polityka.pl\/passent\/wp-json\/wp\/v2\/media?parent=360"}],"wp:term":[{"taxonomy":"category","embeddable":true,"href":"https:\/\/blog.polityka.pl\/passent\/wp-json\/wp\/v2\/categories?post=360"},{"taxonomy":"post_tag","embeddable":true,"href":"https:\/\/blog.polityka.pl\/passent\/wp-json\/wp\/v2\/tags?post=360"}],"curies":[{"name":"wp","href":"https:\/\/api.w.org\/{rel}","templated":true}]}}