
{"id":3602,"date":"2016-10-01T23:21:06","date_gmt":"2016-10-01T21:21:06","guid":{"rendered":"http:\/\/passent.blog.polityka.pl\/?p=3602"},"modified":"2016-10-02T01:17:50","modified_gmt":"2016-10-01T23:17:50","slug":"msz-i-tyrmand-podwojna-kompromitacja","status":"publish","type":"post","link":"https:\/\/blog.polityka.pl\/passent\/2016\/10\/01\/msz-i-tyrmand-podwojna-kompromitacja\/","title":{"rendered":"MSZ i Tyrmand &#8211; podw\u00f3jna kompromitacja"},"content":{"rendered":"<p>Jaki\u015b czas temu, mo\u017ce rok, mo\u017ce dwa, pojawi\u0142 si\u0119 w Warszawie Matthew Tyrmand, syn Leopolda \u2013 autora \u201eZ\u0142ego\u201d i innych powie\u015bci. Szybko przylgn\u0105\u0142 do prawicy, kt\u00f3rej czasopisma pisa\u0142y o nim per publicysta, biznesmen, ekonomista itp. Co prawda jego publicystyki nikt nie zna\u0142, o jego sukcesach jako biznesmena i konsultanta nic konkretnego w Polsce nie s\u0142ycha\u0107, ale nazwisko budzi sympati\u0119. A ka\u017cdy, kto przyje\u017cd\u017ca z \u201eHameryki\u201d, ma na g\u0142owie aureol\u0119. Specjalista z Ameryki to ho! Ho!<br \/>\n<!--more--><br \/>\nM\u0142ody Tyrmand szybko zacz\u0105\u0142 udziela\u0107 wywiad\u00f3w, w mig zorientowa\u0142 si\u0119, \u017ce jest popyt na zdemaskowanie zachodnich medi\u00f3w, kt\u00f3re pisz\u0105 krytycznie o Polsce PiS. Ciesz\u0105c si\u0119 opini\u0105 dobrze poinformowanego Amerykanina, znawcy waszyngto\u0144skich korytarzy, Tyrmand Jr zacz\u0105\u0142 snu\u0107 teorie spiskowe. Jego zdaniem Anne Applebaum (znana publicystka, laureatka nagrody Pulitzera za ksi\u0105\u017ck\u0119 \u201eGu\u0142ag\u201d), komentatorka \u201eWashington Post\u201d (i ma\u0142\u017conka Radka Sikorskiego), poci\u0105ga za sznurki, napuszcza zachodnich dziennikarzy na Polsk\u0119 PiS i t\u0119pi tych, kt\u00f3rzy krytykuj\u0105 \u201edobr\u0105 zmian\u0119\u201d. Ma\u0142\u017ce\u0144stwo Applebaum\u2013Sikorski odpowiada za fataln\u0105 pras\u0119, jak\u0105 Polska ma od czasu wybor\u00f3w 2015. Ludzie tacy jak prezes Kaczy\u0144ski mo\u017ce i oficjalnie wierz\u0105, \u017ce media na Zachodzie s\u0105 wolne i pluralistyczne, ale je\u015bli chodzi o ich stosunek do Polski, to nie maj\u0105 z\u0142udze\u0144 \u2013 stoi za tym spisek, wsp\u00f3lnota interes\u00f3w (cz\u0119\u015b\u0107 polskich medi\u00f3w jest w r\u0119kach obcego kapita\u0142u), zmowa libera\u0142\u00f3w, przebrzmia\u0142e autorytety odstawione od koryta.<\/p>\n<p>M\u0142ody i obrotny Tyrmand szybko zorientowa\u0142 si\u0119, \u017ce polskie w\u0142adze s\u0105 \u0142ase na komplementy i wra\u017cliwe na punkcie wizerunku w mediach. W celu jego poprawienia powo\u0142a\u0142y nawet specjaln\u0105 narodow\u0105 fundacj\u0119 z bud\u017cetem sto milion\u00f3w z\u0142otych rocznie! Na \u0142amach tygodnika \u201eDo Rzeczy\u201d, w cotygodniowych pogadankach, Tyrmand Jr wymienia\u0142 nazwiska, tytu\u0142y, koneksje, szybko zyskiwa\u0142 na wadze, paradowa\u0142 jako niezale\u017cny ameryka\u0144ski \u201eekspert\u201d w dziedzinie gospodarki, polityki, medi\u00f3w i kreowania wizerunku.<\/p>\n<p>Latem 2016 roku Tyrmand z eksperta ameryka\u0144skiego sta\u0142 si\u0119 ekspertem polskim. W lipcu polski MSZ podpisa\u0142 z nim umow\u0119 jako ze specjalnym spo\u0142ecznym doradc\u0105 ministra Waszczykowskiego do spraw pozytywnego wizerunku naszego kraju, kontakt\u00f3w z mediami, zagranicznymi \u015brodowiskami opiniotw\u00f3rczymi, elitami politycznymi itp. Tyrmand mia\u0142 odgrywa\u0107 zaszczytn\u0105 rol\u0119 spo\u0142ecznie, bezp\u0142atnie (tytu\u0142 specdoradcy ministra zawsze si\u0119 zdyskontuje w przysz\u0142o\u015bci), a ewentualne koszty jego zbawiennej dzia\u0142alno\u015bci mia\u0142a pokrywa\u0107 ambasada Polski w Waszyngtonie.<\/p>\n<p>Rzecz ca\u0142\u0105, w\u0142\u0105cznie z fotokopi\u0105 umowy, ujawni\u0142 Henry Foy \u2013 korespondent \u201eFinancial Times\u201d w Polsce. Foy nale\u017cy do najbardziej zaciekle atakowanych przez Tyrmanda i prawicowe media dziennikarzy zachodnich. Sprawa nabra\u0142a rozg\u0142osu w ostatnich dniach, po kolejnym \u201eantypolskim\u201d artykule Applebaum, w kt\u00f3rym znana publicystka przestrzega przed populizmem opartym na k\u0142amstwie&#8230;<\/p>\n<p>Tyrmand Jr to swoisty Misiewicz z importu. Za szybko wykreowany na autorytet, bez znacz\u0105cego dorobku, ale za to z tupetem, okazuje si\u0119 m\u0142odym cz\u0142owiekiem, kt\u00f3ry jeszcze du\u017co musi si\u0119 nauczy\u0107, zanim zacznie ferowa\u0107 wyroki i zajmowa\u0107 stanowiska. Bardziej ni\u017c Tyrmand Jr skompromitowa\u0142o si\u0119 polskie MSZ, kt\u00f3re zaanga\u017cowa\u0142o go do roli specjalnego doradcy do spraw wizerunku, kontakt\u00f3w z elitami politycznymi i podobnych bzdur. Minister Waszczykowski, kt\u00f3ry z lekcewa\u017ceniem wypowiada si\u0119 o elitach Brukseli i Wenecji, postawi\u0142 na z\u0142ego konia i wraz z nim wpad\u0142 na min\u0119.<\/p>\n","protected":false},"excerpt":{"rendered":"<p>Jaki\u015b czas temu, mo\u017ce rok, mo\u017ce dwa, pojawi\u0142 si\u0119 w Warszawie Matthew Tyrmand, syn Leopolda \u2013 autora \u201eZ\u0142ego\u201d i innych powie\u015bci. Szybko przylgn\u0105\u0142 do prawicy, kt\u00f3rej czasopisma pisa\u0142y o nim per publicysta, biznesmen, ekonomista itp. Co prawda jego publicystyki nikt nie zna\u0142, o jego sukcesach jako biznesmena i konsultanta nic konkretnego w Polsce nie s\u0142ycha\u0107, [&hellip;]<\/p>\n","protected":false},"author":4,"featured_media":0,"comment_status":"open","ping_status":"closed","sticky":false,"template":"","format":"standard","meta":{"footnotes":""},"categories":[1],"tags":[],"_links":{"self":[{"href":"https:\/\/blog.polityka.pl\/passent\/wp-json\/wp\/v2\/posts\/3602"}],"collection":[{"href":"https:\/\/blog.polityka.pl\/passent\/wp-json\/wp\/v2\/posts"}],"about":[{"href":"https:\/\/blog.polityka.pl\/passent\/wp-json\/wp\/v2\/types\/post"}],"author":[{"embeddable":true,"href":"https:\/\/blog.polityka.pl\/passent\/wp-json\/wp\/v2\/users\/4"}],"replies":[{"embeddable":true,"href":"https:\/\/blog.polityka.pl\/passent\/wp-json\/wp\/v2\/comments?post=3602"}],"version-history":[{"count":3,"href":"https:\/\/blog.polityka.pl\/passent\/wp-json\/wp\/v2\/posts\/3602\/revisions"}],"predecessor-version":[{"id":3605,"href":"https:\/\/blog.polityka.pl\/passent\/wp-json\/wp\/v2\/posts\/3602\/revisions\/3605"}],"wp:attachment":[{"href":"https:\/\/blog.polityka.pl\/passent\/wp-json\/wp\/v2\/media?parent=3602"}],"wp:term":[{"taxonomy":"category","embeddable":true,"href":"https:\/\/blog.polityka.pl\/passent\/wp-json\/wp\/v2\/categories?post=3602"},{"taxonomy":"post_tag","embeddable":true,"href":"https:\/\/blog.polityka.pl\/passent\/wp-json\/wp\/v2\/tags?post=3602"}],"curies":[{"name":"wp","href":"https:\/\/api.w.org\/{rel}","templated":true}]}}