
{"id":3606,"date":"2016-10-04T18:27:26","date_gmt":"2016-10-04T16:27:26","guid":{"rendered":"http:\/\/passent.blog.polityka.pl\/?p=3606"},"modified":"2016-10-04T18:54:18","modified_gmt":"2016-10-04T16:54:18","slug":"cos-nareszcie-pali-sie-2","status":"publish","type":"post","link":"https:\/\/blog.polityka.pl\/passent\/2016\/10\/04\/cos-nareszcie-pali-sie-2\/","title":{"rendered":"Co\u015b nareszcie pali si\u0119!"},"content":{"rendered":"<p>\u201ePo\u017car! Po\u017car! Co\u015b nareszcie pali si\u0119!\u201d. W Studenckim Teatrze Satyryk\u00f3w w 1958 roku \u015bpiewano \u201eStra\u017cackiego walca\u201d Agnieszki Osieckiej (muzyka Stanis\u0142aw M\u0142ynarczyk i Edward Pa\u0142\u0142asz). Dzisiaj parti\u0119 stra\u017caka \u015bpiewa premier Beata Szyd\u0142o, kt\u00f3ra zgasi\u0142a Witolda Waszczykowskiego.<br \/>\n<!--more--><br \/>\n\u201eWezwa\u0142a\u201d \u2013 jak m\u00f3wi &#8211; a nie \u201epoprosi\u0142a do siebie\u201d swojego ministra dyplomacji i zbeszta\u0142a go za niem\u0105dre i szkodliwe (nie tylko dla PiS, ale w og\u00f3le dla Polski) komentarze na temat czarnych protest\u00f3w, jakie ogarn\u0119\u0142y nasz kraj. \u201eNiech si\u0119 bawi\u0105\u2026\u201d, problem chyba tylko w \u201eGazecie Wyborczej\u201d&#8230; i tym podobne brednie ministra mocno zaszkodzi\u0142y Prawu i Sprawiedliwo\u015bci, kt\u00f3re jest zaskoczone skal\u0105 protest\u00f3w.<\/p>\n<p>Fakt, \u017ce wi\u0119kszo\u015b\u0107 sejmowa odrzuci\u0142a obywatelski, liberalny projekt ustawy aborcyjnej, a do pracy w komisji skierowa\u0142a fundamentalistyczny projekt prawicy, zaskoczy\u0142 polityk\u00f3w PiS. Partia rz\u0105dz\u0105ca chwali\u0142a si\u0119 bowiem, \u017ce w odr\u00f3\u017cnieniu od wrednej Platformy ona nie wyrzuca projekt\u00f3w obywatelskich do kosza (prezes Kaczy\u0144ski g\u0142osowa\u0142 zgodnie z lini\u0105 partii).<\/p>\n<p>Gdy okaza\u0142o si\u0119, \u017ce ju\u017c na pierwszym etapie utr\u0105cono projekt liberalny, zwolennicy r\u00f3wnouprawnienia i przeciwnicy ca\u0142kowitego zakazu aborcji wstali z kolan, zerwali (mo\u017ce lepiej \u201ezerwa\u0142y\u201d) si\u0119 do walki, w ci\u0105gu kilku dni zorganizowali czarne marsze i protesty, z kt\u00f3rych jeden dotar\u0142 nawet na ulice Nowogrodzk\u0105, przed siedzib\u0119 w\u0142adz PiS. Protest, wymierzony w ekstremalnie radykalny projekt ustawy, si\u0142\u0105 rzeczy obr\u00f3ci\u0142 si\u0119 przeciwko najwi\u0119kszej partii w Sejmie, i to partii konserwatywnej.<\/p>\n<p>Po\u017car rozprzestrzenia\u0142 si\u0119 b\u0142yskawicznie i politycy PiS (ci m\u0105drzejsi od Waszczykowskiego) rzucili si\u0119 do gaszenia. Adam  Bielan ju\u017c 3 pa\u017adziernika zapewnia\u0142, \u017ce w tej wersji projekt na pewno nie zostanie przyj\u0119ty przez Sejm. Prezes zleci\u0142 swojej ekipie opracowanie nowego, bardziej \u201ekompromisowego\u201d projektu ustawy, a premier Szyd\u0142o ustawi\u0142a do pionu ministra Waszczykowskiego. Ten bowiem s\u0105dzi\u0142, \u017ce wszystko jest po staremu i mo\u017cna poni\u017ca\u0107 adwersarzy, tak jak Timmermansa, Komisj\u0119 Weneck\u0105, \u201ekomunist\u00f3w i z\u0142odziei\u201d.<\/p>\n<p>Tymczasem na konferencji prasowej premier gasi\u0142a po\u017car: zapewni\u0142a, \u017ce rz\u0105d nie pracuje nad \u017cadn\u0105 zmian\u0105 ustawy aborcyjnej, liberalny projekt obywatelski zosta\u0142 odrzucony z inicjatywy PSL, i to przez wszystkie kluby poselskie, a w og\u00f3le to Szyd\u0142o wezwa\u0142a do studzenia atmosfery, nie wzniecania nami\u0119tno\u015bci. Nic dziwnego \u2013 nastroje w tej sprawie skierowane s\u0105 przeciwko PiS oraz rz\u0105dowi, trzeba je wi\u0119c je studzi\u0107.<\/p>\n<p>By\u0107 mo\u017ce dla odwr\u00f3cenia uwagi od czarnego protestu prezes Kaczy\u0144ski w wywiadzie dla \u201ePolska The Times\u201d wrzuci\u0142 kolejny temat. Jego zdaniem rz\u0105d nie powinien poprze\u0107 kandydatury Donalda Tuska na drug\u0105 kadencj\u0119 przewodnicz\u0105cego Rady Europejskiej. Druga kadencja by\u0142aby \u201eryzykowna\u201d ze wzgl\u0119du na rozmaite \u015bledztwa i dochodzenia, kt\u00f3re mog\u0105 dotkn\u0105\u0107 by\u0142ego premiera, przewodnicz\u0105cego Rady. Polska nie mo\u017ce tej kandydatury zawetowa\u0107, wi\u0119c teoretycznie Tusk mo\u017ce zosta\u0107 wybrany, ale bez wsparcia ze strony swojego kraju, co by\u0142oby zdumiewaj\u0105ce.<\/p>\n<p>Tak czy owak rzuca to z\u0142e \u015bwiat\u0142o na nasz kraj, kt\u00f3ry w oczach Europy przenosi swoje podzia\u0142y na ca\u0142y kontynent. No, ale mo\u017ce o to w\u0142a\u015bnie chodzi, \u017ceby w Polsce nieustannie co\u015b si\u0119 pali\u0142o.<\/p>\n<p>\u201eLewica zosta\u0142a obudzona\u201d \u2013 pisze Bogus\u0142aw Chrabota, redaktor naczelny \u201eRzeczpospolitej\u201d. Ciekawe, czy lewica zauwa\u017cy, \u017ce co\u015b nareszcie pali si\u0119, czy zn\u00f3w pogr\u0105\u017cy si\u0119 w letargu.<\/p>\n","protected":false},"excerpt":{"rendered":"<p>\u201ePo\u017car! Po\u017car! Co\u015b nareszcie pali si\u0119!\u201d. W Studenckim Teatrze Satyryk\u00f3w w 1958 roku \u015bpiewano \u201eStra\u017cackiego walca\u201d Agnieszki Osieckiej (muzyka Stanis\u0142aw M\u0142ynarczyk i Edward Pa\u0142\u0142asz). Dzisiaj parti\u0119 stra\u017caka \u015bpiewa premier Beata Szyd\u0142o, kt\u00f3ra zgasi\u0142a Witolda Waszczykowskiego.<\/p>\n","protected":false},"author":4,"featured_media":0,"comment_status":"open","ping_status":"closed","sticky":false,"template":"","format":"standard","meta":{"footnotes":""},"categories":[1],"tags":[],"_links":{"self":[{"href":"https:\/\/blog.polityka.pl\/passent\/wp-json\/wp\/v2\/posts\/3606"}],"collection":[{"href":"https:\/\/blog.polityka.pl\/passent\/wp-json\/wp\/v2\/posts"}],"about":[{"href":"https:\/\/blog.polityka.pl\/passent\/wp-json\/wp\/v2\/types\/post"}],"author":[{"embeddable":true,"href":"https:\/\/blog.polityka.pl\/passent\/wp-json\/wp\/v2\/users\/4"}],"replies":[{"embeddable":true,"href":"https:\/\/blog.polityka.pl\/passent\/wp-json\/wp\/v2\/comments?post=3606"}],"version-history":[{"count":4,"href":"https:\/\/blog.polityka.pl\/passent\/wp-json\/wp\/v2\/posts\/3606\/revisions"}],"predecessor-version":[{"id":3610,"href":"https:\/\/blog.polityka.pl\/passent\/wp-json\/wp\/v2\/posts\/3606\/revisions\/3610"}],"wp:attachment":[{"href":"https:\/\/blog.polityka.pl\/passent\/wp-json\/wp\/v2\/media?parent=3606"}],"wp:term":[{"taxonomy":"category","embeddable":true,"href":"https:\/\/blog.polityka.pl\/passent\/wp-json\/wp\/v2\/categories?post=3606"},{"taxonomy":"post_tag","embeddable":true,"href":"https:\/\/blog.polityka.pl\/passent\/wp-json\/wp\/v2\/tags?post=3606"}],"curies":[{"name":"wp","href":"https:\/\/api.w.org\/{rel}","templated":true}]}}