
{"id":361,"date":"2007-10-24T09:39:03","date_gmt":"2007-10-24T07:39:03","guid":{"rendered":"http:\/\/passent.blog.polityka.pl\/?p=361"},"modified":"2007-10-31T15:25:36","modified_gmt":"2007-10-31T14:25:36","slug":"kwestia-stylu","status":"publish","type":"post","link":"https:\/\/blog.polityka.pl\/passent\/2007\/10\/24\/kwestia-stylu\/","title":{"rendered":"Kwestia stylu"},"content":{"rendered":"<p>Fakt, \u017ce Prezydent Kaczy\u0144ski dotychczas nie pogratulowa\u0142 zwyci\u0119stwa Donaldowi Tuskowi i Platformie Obywatelskiej, jest \u017cenuj\u0105cy. Nie jest to na pewno przeoczenie urz\u0119dnika, to kolejny \u015bwiadomy afront, na poziomie zerwania znajomo\u015bci z W\u0142adys\u0142awem Bartoszewskim czy z Bogu ducha winnym Paw\u0142em Zalewskim. Niestety, mimo du\u017cego (acz w\u0105tpliwego) dorobku, jakim jest stworzenie rz\u0105du PiS i jego rz\u0105dy, kierownictwo IV RP to politycy ma\u0142ego formatu, ma\u0142ego w takim sensie, \u017ce nie potrafi opanowa\u0107 uczu\u0107 niskich, takich jak zawi\u015b\u0107, pami\u0119tliwo\u015b\u0107, z\u0142o\u015b\u0107. Nawet nie pozbawiony humoru i talent\u00f3w Ludwik Dorn czasami nie m\u00f3g\u0142 powstrzyma\u0107 si\u0119 od komentarzy poni\u017cej oczekiwa\u0144 od Marsza\u0142ka Sejmu. Czasami odnosi\u0142em wra\u017cenie, \u017ce jedynym uk\u0142onem tych pan\u00f3w w stron\u0119 dobrego stylu, jest ca\u0142owanie kobiet w r\u0119k\u0119. Troch\u0119 ma\u0142o jak na du\u017ce pa\u0144stwo europejskie.<\/p>\n<p><!--more--><\/p>\n<p>Teraz panowie nie umiej\u0105 zrobi\u0107 dobrej miny do z\u0142ej gry. Zamiast pogratulowa\u0107 zwyci\u0119zcom \u2013 obra\u017caj\u0105 ich. Premier jednym tchem \u201egratuluje\u201d i zestawia Tuska z morderc\u0105 ksi\u0119dza Popie\u0142uszki. Jacek Kurski po wyroku s\u0105dowym (w trybie wyborczym) niekorzystnym dla PiS m\u00f3wi o \u201edintojrze \u015brodowiska s\u0119dziowskiego\u201d (swoj\u0105 drog\u0105 nie rozumiem, dlaczego Monika Olejnik zaprasza tego gagatka do ulubionej przez wielu widz\u00f3w i cenionej przeze mnie \u201eKropki nad i\u201d). W nienajlepszym stylu by\u0142a tak\u017ce wypowied\u017a Prezydenta, i\u017c s\u0105 podstawy, by kilku pos\u0142\u00f3w Platformy pozbawi\u0107 immunitetu, \u201eale si\u0119 tego nie robi ze wzgl\u0119du na wybory\u201d.<\/p>\n<p>D\u017centelmeni z PiS oraz ich sympatycy w mediach maj\u0105 wyra\u017an\u0105 niech\u0119\u0107 do g\u0142\u0119bszych rozwa\u017ca\u0144 nad przyczynami swojej pora\u017cki. Wi\u0119kszo\u015b\u0107 t\u0142umacze\u0144, jakie s\u0142ysza\u0142em, to \u017cale pod adresem medi\u00f3w. Premier jest \u2013 delikatnie m\u00f3wi\u0105c \u2013 rozgoryczony postaw\u0105 medi\u00f3w, a przecie\u017c mia\u0142 w gar\u015bci najwi\u0119ksz\u0105 telewizj\u0119, najwi\u0119ksze radio i dziesi\u0105tki zwolennik\u00f3w w mediach komercyjnych, na czele z Paw\u0142em Lisickim, Piotrem Semk\u0105, Rafa\u0142em Ziemkiewiczem, Bronis\u0142awem Wildsteinem, Micha\u0142em Karnowskim i ca\u0142ym zagonem innych, kt\u00f3rych mo\u017cna ogl\u0105da\u0107 tak\u017ce w zbrodniczej TVN i nie mniej podejrzanym radiu TOK-FM.<\/p>\n<p>\u017baden z czo\u0142owych dzia\u0142aczy PiS nie odwa\u017cy\u0142 si\u0119 zada\u0107 pytania, czy aby wi\u0119kszo\u015b\u0107 wyborc\u00f3w nie odes\u0142a\u0142a ich do opozycji z powodu tre\u015bci i formy ich rz\u0105d\u00f3w \u2013 wysuni\u0119cia na plan pierwszy spraw ideologicznych, kt\u00f3re ma\u0142o kogo pasjonuj\u0105, zwr\u00f3cenia si\u0119 ku przesz\u0142o\u015bci, kt\u00f3ra dotyczy coraz mniejszej cz\u0119\u015bci wyborc\u00f3w, obra\u017caniu ca\u0142ych \u015brodowisk i instytucji (inteligencja, s\u0105downictwo, lekarze, piel\u0119gniarki), zak\u0142amywania historii (III RP, Wa\u0142\u0119sa, Okr\u0105g\u0142y St\u00f3\u0142), sojuszu z Rydzykiem i klerykalizacji Pa\u0144stwa (religia na \u015bwiadectwach i w ocenie \u015bredniej), zaw\u0142adni\u0119cia wszystkich organ\u00f3w sprawiedliwo\u015bci i medi\u00f3w i wielu innych powa\u017cnych przyczyn.<\/p>\n<p>Panowie z PiS powinni si\u0119 powa\u017cnie zastanowi\u0107, dlaczego POMIMO znakomitej sytuacji gospodarczej, POMIMO znacznego spadku bezrobocia, POMIMO niezwyk\u0142ej cierpliwo\u015bci ca\u0142ej Europy, a tak\u017ce POMIMO popularnych zagra\u0144 pod publiczk\u0119 (pokazowe aresztowania w walce z korupcj\u0105, atak na oligarch\u00f3w, dreszczowce z hotelu Marriott i szpitala MSWiA) \u2013 dlaczego mimo wszystko zostali odrzuceni? Zamiast uczciwej analizy \u017ar\u00f3de\u0142 kl\u0119ski, odzywaj\u0105 si\u0119 tylko m\u0105dre i powa\u017cne g\u0142osy po stronie wczorajszej opozycji, \u017ceby nie wylewa\u0107 k\u0105pieli z Jaros\u0142awem, czyli zachowa\u0107 z IV RP to, co by\u0142o w niej dobrego \u2013 zwr\u00f3cenia uwagi na korupcj\u0119 (bez wykorzystywania do cel\u00f3w politycznych) czy sprawiedliwego rozwi\u0105zania spraw w\u0142asno\u015bciowych w stosunkach z Niemcami; pewne sprawy, o jakie zabiega\u0142 PiS, pozostaj\u0105 wa\u017cne, ale trudne do rozwi\u0105zania nawet przez rz\u0105d bardziej \u015bwiat\u0142y (bezpiecze\u0144stwo energetyczne \u2013 albo dro\u017csza ropa z Zachodu i P\u00f3\u0142nocy, albo niepewne dostawy z Rosji).<\/p>\n<p>W sumie \u2013 zamiast inwektyw i szukania winnych, przyda\u0142aby si\u0119 ocena przyczyn pora\u017cki w wykonaniu jej autor\u00f3w. Bo ocena ze strony krytyk\u00f3w na pewno nie zostanie uznana za sprawiedliw\u0105. Np. moim zdaniem Jaros\u0142aw Kaczy\u0144ski w ko\u0144cowej fazie po prostu si\u0119 ud\u0142awi\u0142, przejad\u0142 si\u0119, po\u0142kn\u0105\u0142 zbyt wiele i nie m\u00f3g\u0142 tego strawi\u0107. Zaszkodzi\u0142a mu Polska.<\/p>\n<p>***<\/p>\n<p><strong>PS<\/strong>. <strong>Magrud<\/strong> \u2013 \u015bwietny portret psychologiczny JK. Bardzo dzi\u0119kuj\u0119. Im d\u0142u\u017cej \u017cyj\u0119, tym bardziej widz\u0119, jaka ciekawa jest psychologia. Zw\u0142aszcza kiedy chodzi o osob\u0119 rz\u0105dz\u0105c\u0105. Jaka si\u0142a tkwi w cz\u0142owieku, \u017ce ca\u0142e jego otoczenie \u2013 pp. Kurski, Karski, Brudzi\u0144ski, Gosiewski, Szczypi\u0144ska, Putra, Ziobro \u2013 nie jest w stanie zdoby\u0107 si\u0119 na najmniejsze odst\u0119pstwo od my\u015bli prezesa.<\/p>\n<p><strong>JKJK<\/strong> \u2013 anegdota o wy\u015bcigu na 100 m w USA bardzo <em>a propos<\/em>. PiS zaj\u0105\u0142 zaszczytne II miejsce, a Platforma \u2013 przedostatnie.<\/p>\n<p><strong>Krakowiaczek<\/strong> \u2013 PiS przegra\u0142 przez styl sprawowania w\u0142adzy, a nie z powodu medi\u00f3w. W debatach ludzie uwierzyli w Tuska. Zgadzam si\u0119. Ale pami\u0119tajmy, \u017ce debaty to specjalno\u015b\u0107 lidera Platformy, on jest bardzo dobrym rozm\u00f3wc\u0105 i dyskutantem. Czy b\u0119dzie r\u00f3wnie dobry jako szef rz\u0105du \u2013 to si\u0119 oka\u017ce, PO daleko odbiega od idea\u0142u. Jak kto\u015b napisa\u0142 w tym blogu, pogromcy Cimoszewicza i Kaczy\u0144skiego doszli do w\u0142adzy. To drugie \u2013 rozumiem, ale ze sprawy Jaruckiej &#8222;Donaldu Tusku&#8221; powinien si\u0119 wyt\u0142umaczy\u0107. A podobno Miodowicz zosta\u0142 pos\u0142em.<\/p>\n<p><strong>Annam33<\/strong>: Szale\u0144ca normalni ludzie powinni leczy\u0107, zamiast za nim pod\u0105\u017ca\u0107. To prawda, historia zna wiele przyk\u0142ad\u00f3w \u2013 od czasu Rewolucji Francuskiej a\u017c po czasy najnowsze. Ale co takiego tkwi w szale\u0144cach, \u017ce porywaj\u0105 za sob\u0105 ludzi? Polecam analiz\u0119 <strong>Magruda<\/strong> na wczorajszym blogu.<\/p>\n<p>Kilka os\u00f3b ma mi za z\u0142e, \u017ce napisa\u0142em \u201eciemny lud\u201d bez cudzys\u0142owu. Do sprawy wr\u00f3c\u0119, przepraszam.<\/p>\n","protected":false},"excerpt":{"rendered":"<p>Fakt, \u017ce Prezydent Kaczy\u0144ski dotychczas nie pogratulowa\u0142 zwyci\u0119stwa Donaldowi Tuskowi i Platformie Obywatelskiej, jest \u017cenuj\u0105cy. Nie jest to na pewno przeoczenie urz\u0119dnika, to kolejny \u015bwiadomy afront, na poziomie zerwania znajomo\u015bci z W\u0142adys\u0142awem Bartoszewskim czy z Bogu ducha winnym Paw\u0142em Zalewskim. Niestety, mimo du\u017cego (acz w\u0105tpliwego) dorobku, jakim jest stworzenie rz\u0105du PiS i jego rz\u0105dy, kierownictwo [&hellip;]<\/p>\n","protected":false},"author":4,"featured_media":0,"comment_status":"open","ping_status":"open","sticky":false,"template":"","format":"standard","meta":{"footnotes":""},"categories":[1],"tags":[],"_links":{"self":[{"href":"https:\/\/blog.polityka.pl\/passent\/wp-json\/wp\/v2\/posts\/361"}],"collection":[{"href":"https:\/\/blog.polityka.pl\/passent\/wp-json\/wp\/v2\/posts"}],"about":[{"href":"https:\/\/blog.polityka.pl\/passent\/wp-json\/wp\/v2\/types\/post"}],"author":[{"embeddable":true,"href":"https:\/\/blog.polityka.pl\/passent\/wp-json\/wp\/v2\/users\/4"}],"replies":[{"embeddable":true,"href":"https:\/\/blog.polityka.pl\/passent\/wp-json\/wp\/v2\/comments?post=361"}],"version-history":[{"count":0,"href":"https:\/\/blog.polityka.pl\/passent\/wp-json\/wp\/v2\/posts\/361\/revisions"}],"wp:attachment":[{"href":"https:\/\/blog.polityka.pl\/passent\/wp-json\/wp\/v2\/media?parent=361"}],"wp:term":[{"taxonomy":"category","embeddable":true,"href":"https:\/\/blog.polityka.pl\/passent\/wp-json\/wp\/v2\/categories?post=361"},{"taxonomy":"post_tag","embeddable":true,"href":"https:\/\/blog.polityka.pl\/passent\/wp-json\/wp\/v2\/tags?post=361"}],"curies":[{"name":"wp","href":"https:\/\/api.w.org\/{rel}","templated":true}]}}