
{"id":3621,"date":"2016-10-19T11:43:04","date_gmt":"2016-10-19T09:43:04","guid":{"rendered":"http:\/\/passent.blog.polityka.pl\/?p=3621"},"modified":"2016-10-19T12:32:38","modified_gmt":"2016-10-19T10:32:38","slug":"koszty-nie-graja-roli","status":"publish","type":"post","link":"https:\/\/blog.polityka.pl\/passent\/2016\/10\/19\/koszty-nie-graja-roli\/","title":{"rendered":"Koszty nie graj\u0105 roli"},"content":{"rendered":"<p>Kiedy nasza dru\u017cyna, dajmy na to Legia, przegrywa z Borussi\u0105 (ile\u017c to by\u0142o, 1:6 czy 0:6, nie ma znaczenia) albo z Realem (1:5), to nie jest pow\u00f3d do dumy, ale te\u017c \u017caden pow\u00f3d do wstydu, gdy\u017c wiadomo, \u017ce polska pi\u0142ka no\u017cna stoi, a w\u0142a\u015bciwie le\u017cy, znacznie poni\u017cej \u015bwiatowej czo\u0142\u00f3wki. Powodem do wstydu jest pija\u0144stwo niekt\u00f3rych gwiazd futbolu czy zdziczenie kiboli, kt\u00f3rzy staj\u0105 si\u0119 postrachem Europy i ledwo sko\u0144cz\u0105 \u015bpiewa\u0107 wznios\u0142e pie\u015bni, zabieraj\u0105 si\u0119 za miejscowe kelnerki.<br \/>\n<!--more--><br \/>\nGorsi od kiboli s\u0105 tylko niekt\u00f3rzy politycy, to przez nich musimy si\u0119 wstydzi\u0107. Oto kilka powod\u00f3w.<\/p>\n<p>Caracale. Nie mam pretensji o to, \u017ce Polska zako\u0144czy\u0142a negocjacje, ale w jakim to uczyni\u0142a stylu? (Podobnie jak pi\u0142karze \u2013 mog\u0105 przegrywa\u0107, ale w jakim stylu?). Kiedy okaza\u0142o si\u0119, \u017ce ko\u0144czymy negocjacje z Francuzami, bo brakuje nam pieni\u0119dzy na socjal (500+, podwy\u017cszenie kwoty wolnej od podatku, wcze\u015bniejsze emerytury, wsparcie dla rodzin z dzie\u0107mi niepe\u0142nosprawnymi etc.) albo z innych powod\u00f3w (potrzebne s\u0105 g\u0142osy wyborc\u00f3w na Podkarpaciu, Mielec, \u015awidnik itd.), albo z jeszcze innych przyczyn (\u201emusimy\u201d kupi\u0107 sprz\u0119t ameryka\u0144ski) \u2013 wtedy zaczyna liczy\u0107 si\u0119 styl i pojawiaj\u0105 si\u0119 pytania.<\/p>\n<p>Dlaczego przez ca\u0142y ubieg\u0142y rok negocjowano z Francuzami, skoro by\u0142o wiadomo jeszcze przed wyborami, \u017ce to nie b\u0119dzie dobry kontrakt? Dlaczego rozmowy zerwano tu\u017c przed przyjazdem prezydenta Hollande\u2019a i jego ministr\u00f3w? A przede wszystkim dlaczego nie by\u0142o \u201eplanu B\u201d na tak\u0105 mo\u017cliwo\u015b\u0107? Przecie\u017c minister Macierewicz od pocz\u0105tku by\u0142 krytyczny wobec oferty francuskiej, czy nie nale\u017ca\u0142o wi\u0119c co najmniej od roku szykowa\u0107 wyj\u015bcia zapasowego? Kiedy karet\u0119 z Pary\u017ca odes\u0142ano, znale\u017ali\u015bmy si\u0119 z r\u0119k\u0105 w nocniku. Premier Szyd\u0142o i minister ON pomkn\u0119li do Mielca, \u015awidnika, \u0141odzi robi\u0107 miejscowym zak\u0142adom i pracownikom nadzieje. Macierewicz z dnia na dzie\u0144 og\u0142osi\u0142 zakup \u015bmig\u0142owc\u00f3w Black Hawk (bez przetargu, z powodu \u201enag\u0142ej potrzeby operacyjnej \u201d), zacz\u0119to snu\u0107 marzenia o wsp\u00f3lnym, polsko-ukrai\u0144skim helikopterze. Gdzie? Kto i gdzie go wyprodukuje? Obce koncerny b\u0119d\u0105ce w\u0142a\u015bcicielami zak\u0142ad\u00f3w w Mielcu i w \u015awidniku?! Za ile lat? I jakiej jako\u015bci?<\/p>\n<p>Wywiad z ministrem Macierewiczem (\u201ewSieci\u201d) nosi tytu\u0142 \u201eChcemy zbudowa\u0107 polski \u015bmig\u0142owiec\u201d. Pi\u0119kne marzenie, ale jednocze\u015bnie minister m\u00f3wi, \u017ce armia nie mo\u017ce d\u0142u\u017cej czeka\u0107, bo Rosja ostrzy sobie na nas z\u0119by. Prosi\u0107 Kreml, \u017ceby zaczeka\u0142 ze swoj\u0105 agresj\u0105, a\u017c zbudujemy w\u0142asny \u015bmig\u0142owiec, co jest projektem na lata? Rozmowy z Mielcem i \u015awidnikiem \u2013 m\u00f3wi minister \u2013 \u201ezacz\u0119\u0142y si\u0119 dopiero kilka dni po zako\u0144czeniu rozm\u00f3w z Francuzami. MON nie mog\u0142o d\u0142u\u017cej czeka\u0107\u2026\u201d. Je\u017celi tak, to trudno o wi\u0119ksz\u0105 lekkomy\u015blno\u015b\u0107 i partanin\u0119. Teraz s\u0142yszymy, \u017ce helikoptery b\u0119dziemy kupowa\u0107 z wolnej r\u0119ki, bez przetargu, a wi\u0119c i bez os\u0142awionego offsetu. To jest prawdziwy pow\u00f3d do wstydu.<\/p>\n<p>Inne mog\u0119 ju\u017c tylko wymieni\u0107. Jeden to jubileuszowa sesja wyjazdowa Trybuna\u0142u Konstytucyjnego w Gda\u0144sku. Trybuna\u0142 na emigracji \u2013 na razie z Warszawy. Dostojni go\u015bcie z zagranicy, z kt\u00f3rych ten czy \u00f3w m\u00f3wi nawet o zagro\u017ceniu praworz\u0105dno\u015bci w Polsce (m.in. przewodnicz\u0105cy S\u0105du Konstytucyjnego Czech). I \u017cadnego przedstawiciela polskich w\u0142adz pa\u0144stwowych, kt\u00f3rzy si\u0119 obrazili na TK i przeprosz\u0105 si\u0119 dopiero ze swoim prezesem. Jak dzieci! To jest wstyd.<\/p>\n<p>No i te ekshumacje, przeciwko kt\u00f3rym ju\u017c tutaj na blogu protestowa\u0142em. To\u017c to jest nieludzkie, okrutne i niepotrzebne. Nie pomo\u017ce w ustaleniu przyczyn katastrofy, bo kilka ekshumacji mia\u0142o ju\u017c miejsce. Chodzi tylko o to, by pokaza\u0107 ba\u0142agan w trumnach, \u017ceby by\u0142o o co oskar\u017cy\u0107 Tuska, Kopacz, Putina i ca\u0142\u0105 t\u0119 zgraj\u0119. A koszty? Koszty, w tym etyczne i polityczne, nie graj\u0105 roli.<\/p>\n","protected":false},"excerpt":{"rendered":"<p>Kiedy nasza dru\u017cyna, dajmy na to Legia, przegrywa z Borussi\u0105 (ile\u017c to by\u0142o, 1:6 czy 0:6, nie ma znaczenia) albo z Realem (1:5), to nie jest pow\u00f3d do dumy, ale te\u017c \u017caden pow\u00f3d do wstydu, gdy\u017c wiadomo, \u017ce polska pi\u0142ka no\u017cna stoi, a w\u0142a\u015bciwie le\u017cy, znacznie poni\u017cej \u015bwiatowej czo\u0142\u00f3wki. Powodem do wstydu jest pija\u0144stwo niekt\u00f3rych [&hellip;]<\/p>\n","protected":false},"author":4,"featured_media":0,"comment_status":"open","ping_status":"closed","sticky":false,"template":"","format":"standard","meta":{"footnotes":""},"categories":[1],"tags":[],"_links":{"self":[{"href":"https:\/\/blog.polityka.pl\/passent\/wp-json\/wp\/v2\/posts\/3621"}],"collection":[{"href":"https:\/\/blog.polityka.pl\/passent\/wp-json\/wp\/v2\/posts"}],"about":[{"href":"https:\/\/blog.polityka.pl\/passent\/wp-json\/wp\/v2\/types\/post"}],"author":[{"embeddable":true,"href":"https:\/\/blog.polityka.pl\/passent\/wp-json\/wp\/v2\/users\/4"}],"replies":[{"embeddable":true,"href":"https:\/\/blog.polityka.pl\/passent\/wp-json\/wp\/v2\/comments?post=3621"}],"version-history":[{"count":3,"href":"https:\/\/blog.polityka.pl\/passent\/wp-json\/wp\/v2\/posts\/3621\/revisions"}],"predecessor-version":[{"id":3624,"href":"https:\/\/blog.polityka.pl\/passent\/wp-json\/wp\/v2\/posts\/3621\/revisions\/3624"}],"wp:attachment":[{"href":"https:\/\/blog.polityka.pl\/passent\/wp-json\/wp\/v2\/media?parent=3621"}],"wp:term":[{"taxonomy":"category","embeddable":true,"href":"https:\/\/blog.polityka.pl\/passent\/wp-json\/wp\/v2\/categories?post=3621"},{"taxonomy":"post_tag","embeddable":true,"href":"https:\/\/blog.polityka.pl\/passent\/wp-json\/wp\/v2\/tags?post=3621"}],"curies":[{"name":"wp","href":"https:\/\/api.w.org\/{rel}","templated":true}]}}