
{"id":3625,"date":"2016-10-23T22:34:51","date_gmt":"2016-10-23T20:34:51","guid":{"rendered":"http:\/\/passent.blog.polityka.pl\/?p=3625"},"modified":"2016-10-23T22:58:29","modified_gmt":"2016-10-23T20:58:29","slug":"pochody-nie-wystarcza","status":"publish","type":"post","link":"https:\/\/blog.polityka.pl\/passent\/2016\/10\/23\/pochody-nie-wystarcza\/","title":{"rendered":"Pochody nie wystarcz\u0105"},"content":{"rendered":"<p>Jak s\u0142ycha\u0107, manifestacje w obronie kobiet nie cieszy\u0142y si\u0119 zbyt du\u017c\u0105 frekwencj\u0105, mimo \u017ce tym razem pogoda dopisa\u0142a. Ciekaw jestem, co o tym my\u015bl\u0105 organizatorki (-rzy) i uczestnicy (-czki).<br \/>\n<!--more--><br \/>\nCo do mnie, to uwa\u017cam, \u017ce demonstracje powinny by\u0107 od wielkiego dzwonu, np. 11 listopada, czy organizowane z powod\u00f3w niecierpi\u0105cych zw\u0142oki, natomiast na co dzie\u0144 potrzebna jest systematyczna, wytrwa\u0142a praca u podstaw.<\/p>\n<p>W pe\u0142ni zgadzam si\u0119 z jedn\u0105 z ostatnich (wrzesie\u0144 2016) wypowiedzi Andrzeja Wajdy, \u017ce strona przegrana w ostatnich wyborach, czyli Platforma, Komorowski i sp\u00f3\u0142ka, przegra\u0142a na w\u0142asne \u017cyczenie, przez zaniechanie, lenistwo, pych\u0119. Dopiero teraz wida\u0107, \u017ce demokracja nie jest dana raz na zawsze, trzeba o ni\u0105 dba\u0107 na co dzie\u0144.<\/p>\n<p>Jak? Na pewno nie wystarcz\u0105 manifestacje i demonstracje uliczne, na kt\u00f3rych frekwencja \u2013 b\u0105d\u017amy szczerzy \u2013 maleje. Obok g\u0142o\u015bnych protest\u00f3w, manifestacji etc. potrzebna jest tak\u017ce praca od podstaw. Mam na my\u015bli na przyk\u0142ad dzia\u0142alno\u015b\u0107 edukacyjn\u0105, kt\u00f3ra by\u0142aby odtrutk\u0105 na propagand\u0119 oficjaln\u0105, jak\u0105 na ka\u017cdym kroku s\u0105czy w\u0142adza, podaj\u0105c now\u0105, poprawn\u0105 politycznie wersj\u0119 historii, prawa, literatury, stosunk\u00f3w mi\u0119dzynarodowych.<\/p>\n<p>Temu trzeba przeciwstawi\u0107 spotkania, wyk\u0142ady i dyskusje w r\u00f3\u017cnych miejscach \u2013 od szk\u00f3\u0142 (po godzinach lekcyjnych) po mieszkania prywatne, a tak\u017ce w internecie, tak jak to robi OKO.press.<\/p>\n<p>Kilka os\u00f3b, kt\u00f3re maj\u0105 g\u0142ow\u0119 na karku, mog\u0142oby zaproponowa\u0107 cykl odczyt\u00f3w (pogadanek?), ich tematyk\u0119, a tak\u017ce autor\u00f3w, inni mogliby zaj\u0105\u0107 si\u0119 poszukiwaniem lokali, promocj\u0105 spotka\u0144. Dzia\u0142acze opozycji demokratycznej przed 1989 r. powinni przypomina\u0107, jak to by\u0142o naprawd\u0119, nie brak jeszcze historyk\u00f3w gotowych da\u0107 w\u0142asn\u0105 (a niekoniecznie \u201epoprawn\u0105 politycznie wed\u0142ug IPN\u201d) lekcj\u0119 historii Polski XX-XXI wieku, s\u0105 krytycy sztuki gotowi przypomnie\u0107 dzieje cenzury, teatru, filmu, literatury, wyobra\u017cam sobie rozmowy o tym, co dzieje si\u0119 w krajach Europy \u015arodkowo-Wschodniej, w tym w Rosji, na W\u0119grzech, ch\u0119tnie pos\u0142ucha\u0142bym krytyk\u00f3w literackich, ich opinii o prozie \u2013 od Twardocha do Wildsteina, medioznawc\u00f3w o zabiegach w\u0142adzy, by zniszczy\u0107 media opozycyjne, a tak\u017ce o TVP, TVN, Polsacie, TV Republika i Trwam, politolog\u00f3w o stosunkach pa\u0144stwo \u2013 ko\u015bcio\u0142y, o przyczynach pora\u017cki Platformy, dyplomat\u00f3w (zw\u0142aszcza by\u0142ych, bo czynnym nie wolno) i historyk\u00f3w o polskiej polityce zagranicznej, ekonomist\u00f3w \u2013 o sytuacji gospodarczej, rozpi\u0119to\u015bci dochod\u00f3w, innowacyjno\u015bci, prawnik\u00f3w o niezawis\u0142o\u015bci s\u0105d\u00f3w, o dyspozycyjno\u015bci prokurator\u00f3w. Ch\u0119tnie pos\u0142ucham socjolog\u00f3w, religioznawc\u00f3w, psycholog\u00f3w, dziennikarzy.<\/p>\n<p>Im bardziej b\u0119d\u0105 ograniczane media opozycyjne, tym wi\u0119ksza b\u0119dzie rola przedsi\u0119wzi\u0119\u0107 prywatnych i nieoficjalnych, cho\u0107 ich \u201esprawcy\u201d musz\u0105 si\u0119 liczy\u0107 z szykanami. Wida\u0107 ogromny spis temat\u00f3w, zapraszam blogowicz\u00f3w do sugestii tematycznych, autorskich, organizacyjnych. Pos\u0142uchajmy Andrzeja Wajdy \u2013 nie czas siedzie\u0107 z za\u0142o\u017conymi r\u0119kami.<\/p>\n","protected":false},"excerpt":{"rendered":"<p>Jak s\u0142ycha\u0107, manifestacje w obronie kobiet nie cieszy\u0142y si\u0119 zbyt du\u017c\u0105 frekwencj\u0105, mimo \u017ce tym razem pogoda dopisa\u0142a. Ciekaw jestem, co o tym my\u015bl\u0105 organizatorki (-rzy) i uczestnicy (-czki).<\/p>\n","protected":false},"author":4,"featured_media":0,"comment_status":"open","ping_status":"closed","sticky":false,"template":"","format":"standard","meta":{"footnotes":""},"categories":[1],"tags":[],"_links":{"self":[{"href":"https:\/\/blog.polityka.pl\/passent\/wp-json\/wp\/v2\/posts\/3625"}],"collection":[{"href":"https:\/\/blog.polityka.pl\/passent\/wp-json\/wp\/v2\/posts"}],"about":[{"href":"https:\/\/blog.polityka.pl\/passent\/wp-json\/wp\/v2\/types\/post"}],"author":[{"embeddable":true,"href":"https:\/\/blog.polityka.pl\/passent\/wp-json\/wp\/v2\/users\/4"}],"replies":[{"embeddable":true,"href":"https:\/\/blog.polityka.pl\/passent\/wp-json\/wp\/v2\/comments?post=3625"}],"version-history":[{"count":4,"href":"https:\/\/blog.polityka.pl\/passent\/wp-json\/wp\/v2\/posts\/3625\/revisions"}],"predecessor-version":[{"id":3629,"href":"https:\/\/blog.polityka.pl\/passent\/wp-json\/wp\/v2\/posts\/3625\/revisions\/3629"}],"wp:attachment":[{"href":"https:\/\/blog.polityka.pl\/passent\/wp-json\/wp\/v2\/media?parent=3625"}],"wp:term":[{"taxonomy":"category","embeddable":true,"href":"https:\/\/blog.polityka.pl\/passent\/wp-json\/wp\/v2\/categories?post=3625"},{"taxonomy":"post_tag","embeddable":true,"href":"https:\/\/blog.polityka.pl\/passent\/wp-json\/wp\/v2\/tags?post=3625"}],"curies":[{"name":"wp","href":"https:\/\/api.w.org\/{rel}","templated":true}]}}