
{"id":3647,"date":"2016-11-05T12:45:16","date_gmt":"2016-11-05T11:45:16","guid":{"rendered":"http:\/\/passent.blog.polityka.pl\/?p=3647"},"modified":"2016-11-05T13:01:03","modified_gmt":"2016-11-05T12:01:03","slug":"duma-nas-rozsadza","status":"publish","type":"post","link":"https:\/\/blog.polityka.pl\/passent\/2016\/11\/05\/duma-nas-rozsadza\/","title":{"rendered":"Duma nas rozsadza"},"content":{"rendered":"<p>W dniu \u015bwi\u0119ta narodowego p\u00f3jdziemy w pochodzie, dumni z naszej Ojczyzny. Zgodnie z lini\u0105 partii rz\u0105dz\u0105cej odrzucamy pedagogik\u0119 wstydu, nie jeste\u015bmy narodem sprawc\u00f3w \u2013 tylko narodem ofiar.<br \/>\n<!--more--><br \/>\nJeste\u015bmy dumni, \u017ce podnosimy si\u0119 z ruin, wstajemy z kolan, Zach\u00f3d nas podziwia, a Wsch\u00f3d si\u0119 nas boi.<\/p>\n<p><strong>Jeste\u015bmy dumni, poniewa\u017c:<\/strong><br \/>\n &#8211; bohatersko odpieramy skoordynowane ataki Komisji Europejskiej, Komisji Weneckiej, Komisji Praw Cz\u0142owieka przy ONZ. S\u0105 to wszystko instytucje bez znaczenia, areopagi ignorant\u00f3w i lewak\u00f3w. Polska jest im sol\u0105 w oku, atakuj\u0105 nas, poniewa\u017c chcemy by\u0107 niepodlegli i \u017cy\u0107 po swojemu, chcemy swojej konstytucji, swoich s\u0119dzi\u00f3w, swoich prokurator\u00f3w, swoich s\u0142u\u017cb, w\u0142asnej polityki w obronie naszych, polskich interes\u00f3w.<\/p>\n<p> &#8211; Polska zapobieg\u0142a III wojnie \u015bwiatowej. Polski minister spraw wewn\u0119trznych powiedzia\u0142, \u017ce minister obrony, Macierewicz, powstrzyma\u0142 Egipt przed przekazaniem Rosji dw\u00f3ch lotniskowc\u00f3w \u201eNasser\u201d i \u201eSadat\u201d, co zapobieg\u0142o wybuchowi gro\u017anego konfliktu.<\/p>\n<p> &#8211; prezydent Francji w ostatniej chwili odwo\u0142a\u0142 wizyt\u0119 w Polsce. Nie jest nam potrzebna wizyta prezydenta, kt\u00f3ry \u201ecieszy si\u0119\u201d rekordowo nisk\u0105 popularno\u015bci\u0105 w swoim kraju, a jeszcze ni\u017csz\u0105 w naszym kraju. Zaczekamy na pani\u0105 Le Pen, z kt\u00f3r\u0105 b\u0119dziemy umacnia\u0107 Europ\u0119 suwerennych ojczyzn i narod\u00f3w. Poza tym nasz prezydent jest tak zaj\u0119ty, \u017ce szkoda cennego czasu na wizyty bez znaczenia.<\/p>\n<p> &#8211; do zada\u0144 Wojsk Obrony Terytorialnej b\u0119dzie nale\u017ca\u0142a walka z \u201edestabilizacj\u0105\u201d i \u201edezinformacj\u0105\u201d. Wielotysi\u0119czne, awanturnicze manifestacje, kt\u00f3re destabilizuj\u0105, jak i dezinformacje podejmowane przez destrukcyjne media, spotkaj\u0105 si\u0119 z nale\u017cytym odporem.<\/p>\n<p> &#8211; m\u00f3wimy \u201eNie!\u201d po\u0142\u0105czonym si\u0142om zbrojnym Francji i Niemiec, kt\u00f3rych ministrowie obrony we wsp\u00f3lnym, bezprecedensowym, histerycznym li\u015bcie oskar\u017caj\u0105 nasz kraj o zrobienie \u201ekroku wstecz\u201d we wsp\u00f3\u0142pracy obronnej naszych pa\u0144stw. Najwy\u017cszy czas, \u017ceby Francuzi i Niemcy oswoili si\u0119 z tym, \u017ce Polska jest krajem suwerennym i \u2013 tak jak oni \u2013 dba o swoje interesy.<\/p>\n<p> &#8211; Polska nie da\u0142a si\u0119 oszwabi\u0107 producentom Caracali, nie zadowoli\u0142a si\u0119 och\u0142apem zamiast offsetu. Teraz b\u0119dziemy mogli kupi\u0107 \u015bmig\u0142owce ameryka\u0144skie z offsetem jeszcze wi\u0119kszym ni\u017c ten za F-16.<\/p>\n<p> &#8211; nasza nieugi\u0119ta postawa zmusi\u0142a Francj\u0119 do odwo\u0142ania swojego udzia\u0142u w spotkaniu Tr\u00f3jk\u0105ta Weimarskiego \u2013 instytucji fasadowej i, prawd\u0119 m\u00f3wi\u0105c, zb\u0119dnej.<\/p>\n<p> &#8211; jeste\u015bmy dumni z naszego ministra obrony, kt\u00f3ry kiedy\u015b \u2013 jako pierwszy \u2013 odkry\u0142, \u017ce zamach w Smole\u0144sku prze\u017cy\u0142y trzy osoby, a obecnie za jednym zamachem zdemaskowa\u0142 Pary\u017c, Moskw\u0119 i Kair za sprzeda\u017c lotniskowc\u00f3w Rosji po dolarze za sztuk\u0119. I to wbrew kr\u0119tactwom francuskiego ministra, jakoby w tych dniach lotniskowce bra\u0142y udzia\u0142 w manewrach francusko-egipskich, co on rzekomo ogl\u0105da\u0142 na w\u0142asne oczy.<\/p>\n<p> &#8211; jeste\u015bmy dumni z zainteresowania medi\u00f3w \u015bwiatowych naszym krajem. Ju\u017c nie tylko pojedynczy dziennikarze (bywa, \u017ce powi\u0105zani i na us\u0142ugach), ale i ca\u0142e organizacje, jak Reporterzy Bez Granic, po\u015bwi\u0119caj\u0105 nam uwag\u0119. Czekamy na stanowisko Lekarzy Bez Granic.<\/p>\n<p> &#8211; jeste\u015bmy dumni ze sp\u00f3\u0142ek Skarbu Pa\u0144stwa, kt\u00f3re w ci\u0105gu roku straci\u0142y na gie\u0142dzie 90 miliard\u00f3w z\u0142otych, a mimo to PZU finansuje pokazy filmu \u201eSmole\u0144sk\u201d w 10 miastach Niemiec, wydaje prawie p\u00f3\u0142 miliona na ulubiony kabaret, a Polska Grupa Zbrojeniowa dozbraja finansowo sanktuarium na \u015awi\u0119tym Krzy\u017cu i \u201eGazet\u0119 Polsk\u0105\u201d (ta ostatnia korzysta tak\u017ce ze wsparcia Orlenu i Polskiej Wytw\u00f3rni Papier\u00f3w Warto\u015bciowych). Jeste\u015bmy dumni, \u017ce akcje spadaj\u0105.<\/p>\n<p> &#8211; Jeste\u015bmy dumni z prezesa partii rz\u0105dz\u0105cej, pos\u0142a Jaros\u0142awa Kaczy\u0144skiego, kt\u00f3ry wyszed\u0142 z sejmowej sali obrad na czas przyjmowania przez aklamacj\u0119 uchwa\u0142y na cze\u015b\u0107 Andrzeja Wajdy.<\/p>\n<p>Mamy jeszcze inne powody do dumy, niekt\u00f3re autentyczne, takie jak rekordowo niskie bezrobocie czy zwyci\u0119ski remis Legii z Realem, ale ju\u017c wy\u017cej wymienione wystarcz\u0105, by 11 listopada odrzuci\u0107 polityk\u0119 wstydu, za\u0142o\u017cy\u0107 kominiark\u0119 i pod czujnym okiem ministra B\u0142aszczaka stawi\u0107 czo\u0142a samozwa\u0144czym obro\u0144com demokracji.<\/p>\n","protected":false},"excerpt":{"rendered":"<p>W dniu \u015bwi\u0119ta narodowego p\u00f3jdziemy w pochodzie, dumni z naszej Ojczyzny. Zgodnie z lini\u0105 partii rz\u0105dz\u0105cej odrzucamy pedagogik\u0119 wstydu, nie jeste\u015bmy narodem sprawc\u00f3w \u2013 tylko narodem ofiar.<\/p>\n","protected":false},"author":4,"featured_media":0,"comment_status":"open","ping_status":"closed","sticky":false,"template":"","format":"standard","meta":{"footnotes":""},"categories":[1],"tags":[],"_links":{"self":[{"href":"https:\/\/blog.polityka.pl\/passent\/wp-json\/wp\/v2\/posts\/3647"}],"collection":[{"href":"https:\/\/blog.polityka.pl\/passent\/wp-json\/wp\/v2\/posts"}],"about":[{"href":"https:\/\/blog.polityka.pl\/passent\/wp-json\/wp\/v2\/types\/post"}],"author":[{"embeddable":true,"href":"https:\/\/blog.polityka.pl\/passent\/wp-json\/wp\/v2\/users\/4"}],"replies":[{"embeddable":true,"href":"https:\/\/blog.polityka.pl\/passent\/wp-json\/wp\/v2\/comments?post=3647"}],"version-history":[{"count":4,"href":"https:\/\/blog.polityka.pl\/passent\/wp-json\/wp\/v2\/posts\/3647\/revisions"}],"predecessor-version":[{"id":3651,"href":"https:\/\/blog.polityka.pl\/passent\/wp-json\/wp\/v2\/posts\/3647\/revisions\/3651"}],"wp:attachment":[{"href":"https:\/\/blog.polityka.pl\/passent\/wp-json\/wp\/v2\/media?parent=3647"}],"wp:term":[{"taxonomy":"category","embeddable":true,"href":"https:\/\/blog.polityka.pl\/passent\/wp-json\/wp\/v2\/categories?post=3647"},{"taxonomy":"post_tag","embeddable":true,"href":"https:\/\/blog.polityka.pl\/passent\/wp-json\/wp\/v2\/tags?post=3647"}],"curies":[{"name":"wp","href":"https:\/\/api.w.org\/{rel}","templated":true}]}}