
{"id":3681,"date":"2016-12-01T22:21:42","date_gmt":"2016-12-01T21:21:42","guid":{"rendered":"http:\/\/passent.blog.polityka.pl\/?p=3681"},"modified":"2016-12-02T06:26:10","modified_gmt":"2016-12-02T05:26:10","slug":"trzy-pytania","status":"publish","type":"post","link":"https:\/\/blog.polityka.pl\/passent\/2016\/12\/01\/trzy-pytania\/","title":{"rendered":"Trzy pytania"},"content":{"rendered":"<p>Pytanie pierwsze: czy to nie jest wstyd, kiedy prezydent Polski Andrzej Duda przybywa z wizyt\u0105 do Szwecji, a tamtejszy premier, Stefan Loefven, udziela mu lekcji, m\u00f3wi\u0105c: \u201eRz\u0105d szwedzki uwa\u017cnie przygl\u0105da si\u0119 dialogowi, jaki Polska prowadzi z Uni\u0105 Europejsk\u0105 w ramach procedury przestrzegania zasad pa\u0144stwa prawa\u201d?<br \/>\n<!--more--><br \/>\nPremier Szwecji przypomina polskiemu prezydentowi, \u017ce wa\u017cne, aby wszystkie pa\u0144stwa sta\u0142y na stra\u017cy warto\u015bci, jakie nios\u0105 ze sob\u0105 demokracja, konstytucja i praworz\u0105dno\u015b\u0107, kt\u00f3re stanowi\u0105 fundament naszej wsp\u00f3\u0142pracy. Okazuje si\u0119, \u017ce konstytucja pojawia si\u0119 nie tylko w r\u0119kach delegat\u00f3w na zjazd adwokatury, nie tylko w r\u0119kach pa\u0144 z parasolkami, ale r\u00f3wnie\u017c w jak\u017ce dyplomatycznych s\u0142owach premiera bliskiego nam i wa\u017cnego kraju. Jak zachwiana musi by\u0107 opinia o Polsce w Europie, je\u017celi premier kraju gospodarza wita naszego prezydenta takimi s\u0142owami?<\/p>\n<p>Pytane drugie: gdzie si\u0119 podzia\u0142 i sk\u0105d si\u0119 wzi\u0105\u0142 Robert Grey, od kilku miesi\u0119cy wiceminister spraw zagranicznych, kt\u00f3ry by\u0142 awizowany w sk\u0142adzie polskiej delegacji do Szwecji, ale tam nie dotar\u0142? Dowiedzieli\u015bmy si\u0119 za to, \u017ce Mr. Grey, specjalista od spraw zagraniczno-ekonomicznych, zosta\u0142 skierowany do innych zada\u0144.<\/p>\n<p>Minister Waszczykowski m\u00f3wi, \u017ce mia\u0142 \u201eroszad\u0119\u201d w MSZ, tymczasem media \u2013 tak\u017ce prorz\u0105dowe &#8211; hucz\u0105, \u017ce Mr. Grey zosta\u0142 odwo\u0142any ze stanowiska z powodu zatajenia zwi\u0105zk\u00f3w z interesami (?) innego kraju. Nawet tygodnik \u201ewSieci\u201d ma w\u0105tpliwo\u015bci, czy obywatel nie tylko polski, ale i ameryka\u0144ski to w\u0142a\u015bciwy cz\u0142owiek na stanowisko wiceministra? Dodajmy: czy Donald Trump mianowa\u0142by Polaka zast\u0119pc\u0105 sekretarza stanu? Dodajmy tak\u017ce, i\u017c pani Grey, ma\u0142\u017conka (by\u0142ego?) wiceministra, pracuje w Polskiej Grupie Zbrojeniowej, co rzuca nowe \u015bwiat\u0142o na rezygnacj\u0119 z Caracali.<\/p>\n<p>Przypomnijmy te\u017c, jaka by\u0142a reakcja w Polsce, kiedy okaza\u0142o si\u0119, \u017ce minister Rados\u0142aw Sikorski mia\u0142 tak\u017ce obywatelstwo brytyjskie. I przypomnijmy, \u017ce kilka tygodni temu MSZ poczu\u0142 si\u0119 zmuszony do zako\u0144czenia kr\u00f3tkotrwa\u0142ej wsp\u00f3\u0142pracy z innym Amerykaninem, Tyrmandem Jr. Czy nie najwy\u017cszy czas, by odwo\u0142a\u0107 ministra Waszczykowskiego? Podobno Kaczy\u0144ski wybra\u0142 ju\u017c jego nast\u0119pc\u0119. Kto to mo\u017ce by\u0107?<\/p>\n<p>Pytanie trzecie: czy jest mo\u017cliwe, \u017ceby troje s\u0119dzi\u00f3w Trybuna\u0142u Konstytucyjnego mianowanych przez PiS zachorowa\u0142o, i to tak ci\u0119\u017cko, \u017ce nie mogli wzi\u0105\u0107 udzia\u0142u w niezwykle wa\u017cnym zgromadzeniu s\u0119dzi\u00f3w, maj\u0105cym wskaza\u0107 kandydat\u00f3w na przewodnicz\u0105cego TK?<\/p>\n<p>Pytanie dodatkowe: czy gdyby J\u00f3zef Pinior nazywa\u0142 si\u0119 inaczej, to zosta\u0142by zatrzymany o 6 rano w \u015bwietle kamer, czy te\u017c by\u0142by wezwany do z\u0142o\u017cenia zezna\u0144 i potraktowany inaczej? Czy aresztowanie by\u0142ego senatora i legendy opozycji demokratycznej oraz wznowienie dochodzenia w sprawie tzw. willi Kwa\u015bniewskich to zwyk\u0142y zbieg okoliczno\u015bci? Czy por\u0119czenie takich ludzi jak Karol Modzelewski, Henryk Wujec i Janusz Pa\u0142ubicki nie jest wystarczaj\u0105c\u0105 gwarancj\u0105, \u017ce Pinior nie ucieknie, nie b\u0119dzie mataczy\u0142 i stawi si\u0119 na ka\u017cde wyzwanie?<\/p>\n<p>Czy aresztowanie J\u00f3zefa Piniora i powr\u00f3t do Kwa\u015bniewskiego to fragment szerszej operacji, maj\u0105cej pokaza\u0107, \u017ce dla prokuratury Zbigniewa Ziobro nikt nie jest \u015bwi\u0119ty, wszyscy s\u0105 r\u00f3wni wobec prawa, a zw\u0142aszcza politycy lewicy?<\/p>\n","protected":false},"excerpt":{"rendered":"<p>Pytanie pierwsze: czy to nie jest wstyd, kiedy prezydent Polski Andrzej Duda przybywa z wizyt\u0105 do Szwecji, a tamtejszy premier, Stefan Loefven, udziela mu lekcji, m\u00f3wi\u0105c: \u201eRz\u0105d szwedzki uwa\u017cnie przygl\u0105da si\u0119 dialogowi, jaki Polska prowadzi z Uni\u0105 Europejsk\u0105 w ramach procedury przestrzegania zasad pa\u0144stwa prawa\u201d?<\/p>\n","protected":false},"author":4,"featured_media":0,"comment_status":"open","ping_status":"closed","sticky":false,"template":"","format":"standard","meta":{"footnotes":""},"categories":[1],"tags":[],"_links":{"self":[{"href":"https:\/\/blog.polityka.pl\/passent\/wp-json\/wp\/v2\/posts\/3681"}],"collection":[{"href":"https:\/\/blog.polityka.pl\/passent\/wp-json\/wp\/v2\/posts"}],"about":[{"href":"https:\/\/blog.polityka.pl\/passent\/wp-json\/wp\/v2\/types\/post"}],"author":[{"embeddable":true,"href":"https:\/\/blog.polityka.pl\/passent\/wp-json\/wp\/v2\/users\/4"}],"replies":[{"embeddable":true,"href":"https:\/\/blog.polityka.pl\/passent\/wp-json\/wp\/v2\/comments?post=3681"}],"version-history":[{"count":3,"href":"https:\/\/blog.polityka.pl\/passent\/wp-json\/wp\/v2\/posts\/3681\/revisions"}],"predecessor-version":[{"id":3684,"href":"https:\/\/blog.polityka.pl\/passent\/wp-json\/wp\/v2\/posts\/3681\/revisions\/3684"}],"wp:attachment":[{"href":"https:\/\/blog.polityka.pl\/passent\/wp-json\/wp\/v2\/media?parent=3681"}],"wp:term":[{"taxonomy":"category","embeddable":true,"href":"https:\/\/blog.polityka.pl\/passent\/wp-json\/wp\/v2\/categories?post=3681"},{"taxonomy":"post_tag","embeddable":true,"href":"https:\/\/blog.polityka.pl\/passent\/wp-json\/wp\/v2\/tags?post=3681"}],"curies":[{"name":"wp","href":"https:\/\/api.w.org\/{rel}","templated":true}]}}